{"id":5385,"date":"2012-10-29T12:59:41","date_gmt":"2012-10-29T11:59:41","guid":{"rendered":"http:\/\/www.michael-schumacher.es\/noticias-f1\/?p=5385"},"modified":"2012-10-29T12:59:41","modified_gmt":"2012-10-29T11:59:41","slug":"balance-gp-de-india-buddh-2012-williams","status":"publish","type":"post","link":"http:\/\/www.michael-schumacher.es\/noticias-f1\/2012\/10\/29\/balance-gp-de-india-buddh-2012-williams\/","title":{"rendered":"Balance GP de India, Buddh 2012. Williams"},"content":{"rendered":"<p><a href=\"http:\/\/www.michael-schumacher.es\/noticias-f1\/wp-content\/uploads\/2012\/08\/david_sarro.maldonado-1-mini.jpg\"><img loading=\"lazy\" class=\"alignleft size-full wp-image-2453\" title=\"Pastor Maldonado 1 - miniatura \" src=\"http:\/\/www.michael-schumacher.es\/noticias-f1\/wp-content\/uploads\/2012\/08\/david_sarro.maldonado-1-mini.jpg\" alt=\"\" width=\"200\" height=\"133\" \/><\/a>Bruno Senna hizo su estrategia de trabajo, superando a Nico Rosberg para acabar en d\u00e9cima posici\u00f3n y reclamar un punto del campeonato mundial. Pastor parec\u00eda que iba a terminar en los puntos, pero su carrera se vio obstaculizada por un pinchazo trasero derecho despu\u00e9s de tener un contacto con Kobayashi, y finalmente termin\u00f3 en el puesto 16.<\/p>\n<p><!--more--> <!--noteaser--><\/p>\n<p><a href=\"http:\/\/www.michael-schumacher.es\/noticias-f1\/wp-content\/uploads\/2012\/08\/david_sarro.maldonado-1.jpg\"><img loading=\"lazy\" class=\"aligncenter size-full wp-image-2452\" title=\"Pastor Maldonado 1\" src=\"http:\/\/www.michael-schumacher.es\/noticias-f1\/wp-content\/uploads\/2012\/08\/david_sarro.maldonado-1.jpg\" alt=\"\" width=\"600\" height=\"400\" srcset=\"http:\/\/www.michael-schumacher.es\/noticias-f1\/wp-content\/uploads\/2012\/08\/david_sarro.maldonado-1.jpg 600w, http:\/\/www.michael-schumacher.es\/noticias-f1\/wp-content\/uploads\/2012\/08\/david_sarro.maldonado-1-300x200.jpg 300w\" sizes=\"(max-width: 600px) 100vw, 600px\" \/><\/a><\/p>\n<p>Bruno Senna hizo su estrategia de trabajo, superando a Nico Rosberg para acabar en d\u00e9cima posici\u00f3n y reclamar un punto del campeonato mundial. Pastor parec\u00eda que iba a terminar en los puntos, pero su carrera se vio obstaculizada por un pinchazo trasero derecho despu\u00e9s de tener un contacto con Kobayashi, y finalmente termin\u00f3 en el puesto 16.<\/p>\n<p>&nbsp;<\/p>\n<p>El FW34 de Williams-Renault ha mostrado una clara mejor\u00eda en el ritmo este fin de semana y el equipo va a estar buscando construir sobre este resultado en Abu Dhabi la pr\u00f3xima semana.<\/p>\n<p>&nbsp;<\/p>\n<p><strong>Bruno Senna:<\/strong> \u201cTen\u00edamos un coche fuerte en la carrera, despu\u00e9s de una decepcionante fase de clasificaci\u00f3n de ayer, consiguiendo un punto significa que estoy contento con el rendimiento de hoy. Ha sido una carrera divertida porque yo estaba luchando con los coches que son muy similares en camino, as\u00ed que tuve que hacer mi adelantamiento con maniobras fuertes, por lo que fue muy satisfactorio. El coche ha funcionado mucho mejor este fin de semana por lo que se dirigir\u00e1 a la pr\u00f3xima carrera con mucha m\u00e1s confianza.\u201d<\/p>\n<p>&nbsp;<\/p>\n<p><strong>Pastor Maldonado:<\/strong> \u201cEl coche se sent\u00eda bien hoy y yo estaba seguro de que iba a ganar puntos, pero mi carrera ya hab\u00eda terminado cuando me golpearon y un pinchazo que me puso en la parte trasera y perd\u00ed un mont\u00f3n de tiempo. Ha sido una carrera con muy mala suerte para m\u00ed al final, pero podemos tomar algunos aspectos positivos en el hecho de que el ritmo del coche ha mejorado y debemos ser m\u00e1s competitivos para las tres \u00faltimas carreras de la temporada.\u201d<\/p>\n<p>&nbsp;<\/p>\n<p><strong>Mark Gillan, Ingeniero Jefe de Operaciones:<\/strong> \u201cPara nosotros Es un placer ver que el ritmo de carrera es fuerte una vez m\u00e1s con Bruno que llego a casa en el d\u00e9cimo, aunque nuestra carrera se vio comprometida en \u00faltima instancia con el tr\u00e1fico y la carrera Pastor efectivamente termin\u00f3 con un pinchazo trasero cuando Kobayashi se puso en contacto con \u00e9l en la curva 5 en la vuelta 31.\u201d<\/p>\n<p>&nbsp;<\/p>\n<p><strong>Laurent Debout, Renault Sport F1 jefe del equipo de apoyo<\/strong>: \u201cLa d\u00e9cima posici\u00f3n para Bruno es por lo menos un punto, pero todo el mundo esperaba m\u00e1s de la carrera. Fue una pena que Pastor perdio algo de tiempo con la punci\u00f3n ya que el coche ha sido r\u00e1pido este fin de semana. Vamos a esperar a tener dos coches en los puntos en Abu Dhabi.\u201d<\/p>\n<p>&nbsp;<\/p>\n<p><strong>Imagen:<\/strong> David Sarr\u00f3<\/p>\n<div class=\"sharedaddy sd-sharing-enabled\"><div class=\"robots-nocontent sd-block sd-social sd-social-official sd-sharing\"><h3 class=\"sd-title\">Opciones Sociales:<\/h3><div class=\"sd-content\"><ul><li class=\"share-facebook\"><div class=\"fb-share-button\" data-href=\"http:\/\/www.michael-schumacher.es\/noticias-f1\/2012\/10\/29\/balance-gp-de-india-buddh-2012-williams\/\" data-layout=\"button_count\"><\/div><\/li><li class=\"share-twitter\"><a href=\"https:\/\/twitter.com\/share\" class=\"twitter-share-button\" data-url=\"http:\/\/www.michael-schumacher.es\/noticias-f1\/2012\/10\/29\/balance-gp-de-india-buddh-2012-williams\/\" data-text=\"Balance GP de India, Buddh 2012. Williams\"  >Tweet<\/a><\/li><li class=\"share-email\"><a rel=\"nofollow noopener noreferrer\" data-shared=\"\" class=\"share-email sd-button\" href=\"http:\/\/www.michael-schumacher.es\/noticias-f1\/2012\/10\/29\/balance-gp-de-india-buddh-2012-williams\/?share=email\" target=\"_blank\" title=\"Haz clic para enviar por correo electr\u00f3nico a un amigo\"><span>Correo electr\u00f3nico<\/span><\/a><\/li><li class=\"share-end\"><\/li><\/ul><\/div><\/div><\/div>","protected":false},"excerpt":{"rendered":"<p>Bruno Senna hizo su estrategia de trabajo, superando a Nico Rosberg para acabar en d\u00e9cima posici\u00f3n y reclamar un punto del campeonato mundial. Pastor parec\u00eda que iba a terminar en los puntos, pero su carrera se vio obstaculizada por un pinchazo trasero derecho despu\u00e9s de tener un contacto con Kobayashi, y finalmente termin\u00f3 en el [&hellip;]<\/p>\n<div class=\"sharedaddy sd-sharing-enabled\"><div class=\"robots-nocontent sd-block sd-social sd-social-official sd-sharing\"><h3 class=\"sd-title\">Opciones Sociales:<\/h3><div class=\"sd-content\"><ul><li class=\"share-facebook\"><div class=\"fb-share-button\" data-href=\"http:\/\/www.michael-schumacher.es\/noticias-f1\/2012\/10\/29\/balance-gp-de-india-buddh-2012-williams\/\" data-layout=\"button_count\"><\/div><\/li><li class=\"share-twitter\"><a href=\"https:\/\/twitter.com\/share\" class=\"twitter-share-button\" data-url=\"http:\/\/www.michael-schumacher.es\/noticias-f1\/2012\/10\/29\/balance-gp-de-india-buddh-2012-williams\/\" data-text=\"Balance GP de India, Buddh 2012. Williams\"  >Tweet<\/a><\/li><li class=\"share-email\"><a rel=\"nofollow noopener noreferrer\" data-shared=\"\" class=\"share-email sd-button\" href=\"http:\/\/www.michael-schumacher.es\/noticias-f1\/2012\/10\/29\/balance-gp-de-india-buddh-2012-williams\/?share=email\" target=\"_blank\" title=\"Haz clic para enviar por correo electr\u00f3nico a un amigo\"><span>Correo electr\u00f3nico<\/span><\/a><\/li><li class=\"share-end\"><\/li><\/ul><\/div><\/div><\/div>","protected":false},"author":3,"featured_media":0,"comment_status":"open","ping_status":"open","sticky":false,"template":"","format":"standard","meta":{"_monsterinsights_skip_tracking":false,"_monsterinsights_sitenote_active":false,"_monsterinsights_sitenote_note":"","_monsterinsights_sitenote_category":0,"spay_email":"","jetpack_publicize_message":"","jetpack_is_tweetstorm":false,"jetpack_publicize_feature_enabled":true},"categories":[4,3],"tags":[14,401,64,94,1743,17,15,6,1103,97,96,95,93],"jetpack_featured_media_url":"","jetpack_publicize_connections":[],"jetpack_sharing_enabled":true,"jetpack_shortlink":"https:\/\/wp.me\/p27q3P-1oR","_links":{"self":[{"href":"http:\/\/www.michael-schumacher.es\/noticias-f1\/wp-json\/wp\/v2\/posts\/5385"}],"collection":[{"href":"http:\/\/www.michael-schumacher.es\/noticias-f1\/wp-json\/wp\/v2\/posts"}],"about":[{"href":"http:\/\/www.michael-schumacher.es\/noticias-f1\/wp-json\/wp\/v2\/types\/post"}],"author":[{"embeddable":true,"href":"http:\/\/www.michael-schumacher.es\/noticias-f1\/wp-json\/wp\/v2\/users\/3"}],"replies":[{"embeddable":true,"href":"http:\/\/www.michael-schumacher.es\/noticias-f1\/wp-json\/wp\/v2\/comments?post=5385"}],"version-history":[{"count":0,"href":"http:\/\/www.michael-schumacher.es\/noticias-f1\/wp-json\/wp\/v2\/posts\/5385\/revisions"}],"wp:attachment":[{"href":"http:\/\/www.michael-schumacher.es\/noticias-f1\/wp-json\/wp\/v2\/media?parent=5385"}],"wp:term":[{"taxonomy":"category","embeddable":true,"href":"http:\/\/www.michael-schumacher.es\/noticias-f1\/wp-json\/wp\/v2\/categories?post=5385"},{"taxonomy":"post_tag","embeddable":true,"href":"http:\/\/www.michael-schumacher.es\/noticias-f1\/wp-json\/wp\/v2\/tags?post=5385"}],"curies":[{"name":"wp","href":"https:\/\/api.w.org\/{rel}","templated":true}]}}