{"id":5402,"date":"2012-10-29T14:24:52","date_gmt":"2012-10-29T13:24:52","guid":{"rendered":"http:\/\/www.michael-schumacher.es\/noticias-f1\/?p=5402"},"modified":"2012-10-29T14:27:10","modified_gmt":"2012-10-29T13:27:10","slug":"webber-finalizo-precipitadamente-la-rueda-de-prensa","status":"publish","type":"post","link":"http:\/\/www.michael-schumacher.es\/noticias-f1\/2012\/10\/29\/webber-finalizo-precipitadamente-la-rueda-de-prensa\/","title":{"rendered":"Webber finaliz\u00f3 precipitadamente la rueda de prensa"},"content":{"rendered":"<p><a href=\"http:\/\/www.michael-schumacher.es\/noticias-f1\/wp-content\/uploads\/2012\/09\/david_sarro.webber-1-mini.jpg\"><img loading=\"lazy\" class=\"alignleft size-full wp-image-3496\" title=\"Mark Webber 1 - Miniatura\" src=\"http:\/\/www.michael-schumacher.es\/noticias-f1\/wp-content\/uploads\/2012\/09\/david_sarro.webber-1-mini.jpg\" alt=\"\" width=\"200\" height=\"133\" \/><\/a>Mark Webber de repente se puso de pie y se fue, antes de que la entrevista terminara oficialmente. Todav\u00eda se desconoce la raz\u00f3n, aunque parece que el piloto de Red Bull sinti\u00f3 que no le gustaba la falta de atenci\u00f3n que recibi\u00f3 en la conferencia de prensa de los tres primeros clasificados. Sebastian Vettel y Fernando Alonso que son los pilotos que luchan por el mundial por el t\u00edtulo y Mark Webber pareci\u00f3 enojarse por tener menor protagonismo de la prensa.<\/p>\n<p><!--more--> <!--noteaser--><\/p>\n<p><a href=\"http:\/\/www.michael-schumacher.es\/noticias-f1\/wp-content\/uploads\/2012\/09\/david_sarro.webber-1.jpg\"><img loading=\"lazy\" class=\"aligncenter size-full wp-image-3495\" title=\"Mark Webber 1 \" src=\"http:\/\/www.michael-schumacher.es\/noticias-f1\/wp-content\/uploads\/2012\/09\/david_sarro.webber-1.jpg\" alt=\"\" width=\"600\" height=\"400\" srcset=\"http:\/\/www.michael-schumacher.es\/noticias-f1\/wp-content\/uploads\/2012\/09\/david_sarro.webber-1.jpg 600w, http:\/\/www.michael-schumacher.es\/noticias-f1\/wp-content\/uploads\/2012\/09\/david_sarro.webber-1-300x200.jpg 300w\" sizes=\"(max-width: 600px) 100vw, 600px\" \/><\/a><\/p>\n<p>Mark Webber de repente se puso de pie y se fue, antes de que la entrevista terminara oficialmente. Todav\u00eda se desconoce la raz\u00f3n, aunque parece que el piloto de Red Bull sinti\u00f3 que no le gustaba la falta de atenci\u00f3n que recibi\u00f3 en la conferencia de prensa de los tres primeros clasificados. Sebastian Vettel y Fernando Alonso que son los pilotos que luchan por el mundial por el t\u00edtulo y Mark Webber pareci\u00f3 enojarse por tener menor protagonismo de la prensa.<\/p>\n<p>&nbsp;<\/p>\n<p>Seg\u00fan parece, hubo una serie completa de preguntas a Vettel y Alonso, por lo que Webber sali\u00f3 de la habitaci\u00f3n airadamente. El piloto australiano termin\u00f3 el domingo en el tercer lugar por detr\u00e1s de su compa\u00f1ero de equipo Vettel Sebastian y el piloto de Ferrari, Fernando Alonso. Cuando un periodista le pregunt\u00f3: <strong>\u00abPara Fernando y Seb: Seb En primer lugar, \u00bfhay algo que quieras en este tiempo de Fernando, Fernando, \u00bfhay algo que actualmente quieras de Seb?\u00bb <\/strong>Webber se puso de pie y sali\u00f3 de la conferencia de prensa.<\/p>\n<p>&nbsp;<\/p>\n<p>Seg\u00fan Matteo Bonciani, director de comunicaciones y medios de comunicaci\u00f3n en la FOM, la empresa de Bernie Ecclestone que tiene los derechos comerciales de la F\u00f3rmula 1, Webber despu\u00e9s se disculp\u00f3, como as\u00ed lo ha declarado Bonciani: <strong>\u00abEs la primera vez que algo as\u00ed ha ocurrido desde que hago esto. Webber despu\u00e9s me escribi\u00f3 un e-mail y luego me vino a pedir disculpas. Dijo que no deber\u00eda haberlo hecho. Tal vez era porque no le gustaba a mis preguntas. \u00c9l se disculp\u00f3 y yo acept\u00e9. Es bueno de su parte se ha dado cuenta de su error y ese fue el final de la misma para m\u00ed. Me podr\u00eda referir a los comisionados (de castigo), pero no lo hice porque todo el mundo puede comportarse de forma incorrecta en el calor del momento. Normalmente no habr\u00e1 ning\u00fan problema para \u00e9l.<\/strong><\/p>\n<p>&nbsp;<\/p>\n<p>Helmut Marko defiende a \u00a0Webber dando una versi\u00f3n diferente: <strong>\u00abMark ten\u00eda un vuelo muy temprano que coger y que llegar\u00eda tarde. Y la \u00faltima pregunta no era para \u00e9l, as\u00ed que se levant\u00f3 y se fue.\u00bb<\/strong><\/p>\n<p>&nbsp;<\/p>\n<p><strong>Imagen:<\/strong> David Sarr\u00f3<\/p>\n<div class=\"sharedaddy sd-sharing-enabled\"><div class=\"robots-nocontent sd-block sd-social sd-social-official sd-sharing\"><h3 class=\"sd-title\">Opciones Sociales:<\/h3><div class=\"sd-content\"><ul><li class=\"share-facebook\"><div class=\"fb-share-button\" data-href=\"http:\/\/www.michael-schumacher.es\/noticias-f1\/2012\/10\/29\/webber-finalizo-precipitadamente-la-rueda-de-prensa\/\" data-layout=\"button_count\"><\/div><\/li><li class=\"share-twitter\"><a href=\"https:\/\/twitter.com\/share\" class=\"twitter-share-button\" data-url=\"http:\/\/www.michael-schumacher.es\/noticias-f1\/2012\/10\/29\/webber-finalizo-precipitadamente-la-rueda-de-prensa\/\" data-text=\"Webber finaliz\u00f3 precipitadamente la rueda de prensa\"  >Tweet<\/a><\/li><li class=\"share-email\"><a rel=\"nofollow noopener noreferrer\" data-shared=\"\" class=\"share-email sd-button\" href=\"http:\/\/www.michael-schumacher.es\/noticias-f1\/2012\/10\/29\/webber-finalizo-precipitadamente-la-rueda-de-prensa\/?share=email\" target=\"_blank\" title=\"Haz clic para enviar por correo electr\u00f3nico a un amigo\"><span>Correo electr\u00f3nico<\/span><\/a><\/li><li class=\"share-end\"><\/li><\/ul><\/div><\/div><\/div>","protected":false},"excerpt":{"rendered":"<p>Mark Webber de repente se puso de pie y se fue, antes de que la entrevista terminara oficialmente. Todav\u00eda se desconoce la raz\u00f3n, aunque parece que el piloto de Red Bull sinti\u00f3 que no le gustaba la falta de atenci\u00f3n que recibi\u00f3 en la conferencia de prensa de los tres primeros clasificados. Sebastian Vettel y [&hellip;]<\/p>\n<div class=\"sharedaddy sd-sharing-enabled\"><div class=\"robots-nocontent sd-block sd-social sd-social-official sd-sharing\"><h3 class=\"sd-title\">Opciones Sociales:<\/h3><div class=\"sd-content\"><ul><li class=\"share-facebook\"><div class=\"fb-share-button\" data-href=\"http:\/\/www.michael-schumacher.es\/noticias-f1\/2012\/10\/29\/webber-finalizo-precipitadamente-la-rueda-de-prensa\/\" data-layout=\"button_count\"><\/div><\/li><li class=\"share-twitter\"><a href=\"https:\/\/twitter.com\/share\" class=\"twitter-share-button\" data-url=\"http:\/\/www.michael-schumacher.es\/noticias-f1\/2012\/10\/29\/webber-finalizo-precipitadamente-la-rueda-de-prensa\/\" data-text=\"Webber finaliz\u00f3 precipitadamente la rueda de prensa\"  >Tweet<\/a><\/li><li class=\"share-email\"><a rel=\"nofollow noopener noreferrer\" data-shared=\"\" class=\"share-email sd-button\" href=\"http:\/\/www.michael-schumacher.es\/noticias-f1\/2012\/10\/29\/webber-finalizo-precipitadamente-la-rueda-de-prensa\/?share=email\" target=\"_blank\" title=\"Haz clic para enviar por correo electr\u00f3nico a un amigo\"><span>Correo electr\u00f3nico<\/span><\/a><\/li><li class=\"share-end\"><\/li><\/ul><\/div><\/div><\/div>","protected":false},"author":3,"featured_media":0,"comment_status":"open","ping_status":"open","sticky":false,"template":"","format":"standard","meta":{"_monsterinsights_skip_tracking":false,"_monsterinsights_sitenote_active":false,"_monsterinsights_sitenote_note":"","_monsterinsights_sitenote_category":0,"spay_email":"","jetpack_publicize_message":"","jetpack_is_tweetstorm":false,"jetpack_publicize_feature_enabled":true},"categories":[3],"tags":[427,1755,17,15,1757,1103,1756,72,1758,1760,1761,51,1247,1759,73],"jetpack_featured_media_url":"","jetpack_publicize_connections":[],"jetpack_sharing_enabled":true,"jetpack_shortlink":"https:\/\/wp.me\/p27q3P-1p8","_links":{"self":[{"href":"http:\/\/www.michael-schumacher.es\/noticias-f1\/wp-json\/wp\/v2\/posts\/5402"}],"collection":[{"href":"http:\/\/www.michael-schumacher.es\/noticias-f1\/wp-json\/wp\/v2\/posts"}],"about":[{"href":"http:\/\/www.michael-schumacher.es\/noticias-f1\/wp-json\/wp\/v2\/types\/post"}],"author":[{"embeddable":true,"href":"http:\/\/www.michael-schumacher.es\/noticias-f1\/wp-json\/wp\/v2\/users\/3"}],"replies":[{"embeddable":true,"href":"http:\/\/www.michael-schumacher.es\/noticias-f1\/wp-json\/wp\/v2\/comments?post=5402"}],"version-history":[{"count":0,"href":"http:\/\/www.michael-schumacher.es\/noticias-f1\/wp-json\/wp\/v2\/posts\/5402\/revisions"}],"wp:attachment":[{"href":"http:\/\/www.michael-schumacher.es\/noticias-f1\/wp-json\/wp\/v2\/media?parent=5402"}],"wp:term":[{"taxonomy":"category","embeddable":true,"href":"http:\/\/www.michael-schumacher.es\/noticias-f1\/wp-json\/wp\/v2\/categories?post=5402"},{"taxonomy":"post_tag","embeddable":true,"href":"http:\/\/www.michael-schumacher.es\/noticias-f1\/wp-json\/wp\/v2\/tags?post=5402"}],"curies":[{"name":"wp","href":"https:\/\/api.w.org\/{rel}","templated":true}]}}