{"id":5408,"date":"2012-10-30T11:07:31","date_gmt":"2012-10-30T10:07:31","guid":{"rendered":"http:\/\/www.michael-schumacher.es\/noticias-f1\/?p=5408"},"modified":"2012-10-30T11:07:31","modified_gmt":"2012-10-30T10:07:31","slug":"helmut-marko-el-rumor-de-vettel-y-ferrari-solo-es-para-intentar-desestabilizarnos","status":"publish","type":"post","link":"http:\/\/www.michael-schumacher.es\/noticias-f1\/2012\/10\/30\/helmut-marko-el-rumor-de-vettel-y-ferrari-solo-es-para-intentar-desestabilizarnos\/","title":{"rendered":"Helmut Marko, el rumor de Vettel y Ferrari solo es para intentar desestabilizarnos."},"content":{"rendered":"<p><a href=\"http:\/\/www.michael-schumacher.es\/noticias-f1\/wp-content\/uploads\/2012\/09\/helmu-marko-2.jpg\"><img loading=\"lazy\" class=\"alignleft\" title=\"Helmut Marko - 2 \" src=\"http:\/\/www.michael-schumacher.es\/noticias-f1\/wp-content\/uploads\/2012\/09\/helmu-marko-2.jpg\" alt=\"\" width=\"200\" height=\"133\" \/><\/a>Nuevamente este fin de semana el rumor de que Sebastian Vettel fichara por \u00a0Ferrari en 2014 ha resurgido con gran fuerza, \u00a0en el Gran Premio de la India, tanta es la fuerza del rumor que \u00a0todo el mundo en Red Bull r\u00e1pidamente han salido a negarlo, Christian Horner y Sebastian Vettel y Helmut Marko.<\/p>\n<p><!--more--> <!--noteaser--><\/p>\n<p><a href=\"http:\/\/www.michael-schumacher.es\/noticias-f1\/wp-content\/uploads\/2012\/09\/helmu-marko-2.jpg\"><img loading=\"lazy\" class=\"aligncenter size-full wp-image-4423\" title=\"Helmut Marko - 2 \" src=\"http:\/\/www.michael-schumacher.es\/noticias-f1\/wp-content\/uploads\/2012\/09\/helmu-marko-2.jpg\" alt=\"\" width=\"640\" height=\"427\" srcset=\"http:\/\/www.michael-schumacher.es\/noticias-f1\/wp-content\/uploads\/2012\/09\/helmu-marko-2.jpg 640w, http:\/\/www.michael-schumacher.es\/noticias-f1\/wp-content\/uploads\/2012\/09\/helmu-marko-2-300x200.jpg 300w\" sizes=\"(max-width: 640px) 100vw, 640px\" \/><\/a><\/p>\n<p>Nuevamente este fin de semana el rumor de que Sebastian Vettel fichara por \u00a0Ferrari en 2014 ha resurgido con gran fuerza, \u00a0en el Gran Premio de la India, tanta es la fuerza del rumor que \u00a0todo el mundo en Red Bull r\u00e1pidamente han salido a negarlo, Christian Horner y Sebastian Vettel y Helmut Marko.<\/p>\n<p>&nbsp;<\/p>\n<p>Dr. Helmut Marko, tiene muy claro que hay un objetivo tras esos rumores: <strong>\u201cEstos rumores son totalmente innecesarios, son de gente que simplemente buscan desestabilizarnos a nosotros. No s\u00e9 de d\u00f3nde viene. Lo \u00fanico que s\u00e9 es que es falso. Sebasti\u00e1n tiene un contrato con nosotros, incluyendo la temporada de 2014. No. Y Sebasti\u00e1n no es est\u00fapido. Alonso estara con Ferrari hasta el 2016 y no va a ser su compa\u00f1ero de equipo.\u00bb<\/strong><\/p>\n<p>&nbsp;<\/p>\n<p>Pese a que \u00a0Helmut Marko, dice no saber de qui\u00e9n parten los rumores, las voces en el paddock sugieren que esto proviene directamente de Ferrari, ya que Alonso es el rival por el t\u00edtulo de Vettel. Aunque vengan de donde vengan, no ha sido una estrategia muy acertada, ya que no han conseguido evitar la excelente victoria y cuarta consecutiva de Sebastian Vettel.<\/p>\n<p>&nbsp;<\/p>\n<p>&nbsp;<\/p>\n<div class=\"sharedaddy sd-sharing-enabled\"><div class=\"robots-nocontent sd-block sd-social sd-social-official sd-sharing\"><h3 class=\"sd-title\">Opciones Sociales:<\/h3><div class=\"sd-content\"><ul><li class=\"share-facebook\"><div class=\"fb-share-button\" data-href=\"http:\/\/www.michael-schumacher.es\/noticias-f1\/2012\/10\/30\/helmut-marko-el-rumor-de-vettel-y-ferrari-solo-es-para-intentar-desestabilizarnos\/\" data-layout=\"button_count\"><\/div><\/li><li class=\"share-twitter\"><a href=\"https:\/\/twitter.com\/share\" class=\"twitter-share-button\" data-url=\"http:\/\/www.michael-schumacher.es\/noticias-f1\/2012\/10\/30\/helmut-marko-el-rumor-de-vettel-y-ferrari-solo-es-para-intentar-desestabilizarnos\/\" data-text=\"Helmut Marko, el rumor de Vettel y Ferrari solo es para intentar desestabilizarnos.\"  >Tweet<\/a><\/li><li class=\"share-email\"><a rel=\"nofollow noopener noreferrer\" data-shared=\"\" class=\"share-email sd-button\" href=\"http:\/\/www.michael-schumacher.es\/noticias-f1\/2012\/10\/30\/helmut-marko-el-rumor-de-vettel-y-ferrari-solo-es-para-intentar-desestabilizarnos\/?share=email\" target=\"_blank\" title=\"Haz clic para enviar por correo electr\u00f3nico a un amigo\"><span>Correo electr\u00f3nico<\/span><\/a><\/li><li class=\"share-end\"><\/li><\/ul><\/div><\/div><\/div>","protected":false},"excerpt":{"rendered":"<p>Nuevamente este fin de semana el rumor de que Sebastian Vettel fichara por \u00a0Ferrari en 2014 ha resurgido con gran fuerza, \u00a0en el Gran Premio de la India, tanta es la fuerza del rumor que \u00a0todo el mundo en Red Bull r\u00e1pidamente han salido a negarlo, Christian Horner y Sebastian Vettel y Helmut Marko.<\/p>\n<div class=\"sharedaddy sd-sharing-enabled\"><div class=\"robots-nocontent sd-block sd-social sd-social-official sd-sharing\"><h3 class=\"sd-title\">Opciones Sociales:<\/h3><div class=\"sd-content\"><ul><li class=\"share-facebook\"><div class=\"fb-share-button\" data-href=\"http:\/\/www.michael-schumacher.es\/noticias-f1\/2012\/10\/30\/helmut-marko-el-rumor-de-vettel-y-ferrari-solo-es-para-intentar-desestabilizarnos\/\" data-layout=\"button_count\"><\/div><\/li><li class=\"share-twitter\"><a href=\"https:\/\/twitter.com\/share\" class=\"twitter-share-button\" data-url=\"http:\/\/www.michael-schumacher.es\/noticias-f1\/2012\/10\/30\/helmut-marko-el-rumor-de-vettel-y-ferrari-solo-es-para-intentar-desestabilizarnos\/\" data-text=\"Helmut Marko, el rumor de Vettel y Ferrari solo es para intentar desestabilizarnos.\"  >Tweet<\/a><\/li><li class=\"share-email\"><a rel=\"nofollow noopener noreferrer\" data-shared=\"\" class=\"share-email sd-button\" href=\"http:\/\/www.michael-schumacher.es\/noticias-f1\/2012\/10\/30\/helmut-marko-el-rumor-de-vettel-y-ferrari-solo-es-para-intentar-desestabilizarnos\/?share=email\" target=\"_blank\" title=\"Haz clic para enviar por correo electr\u00f3nico a un amigo\"><span>Correo electr\u00f3nico<\/span><\/a><\/li><li class=\"share-end\"><\/li><\/ul><\/div><\/div><\/div>","protected":false},"author":3,"featured_media":0,"comment_status":"open","ping_status":"open","sticky":false,"template":"","format":"standard","meta":{"_monsterinsights_skip_tracking":false,"_monsterinsights_sitenote_active":false,"_monsterinsights_sitenote_note":"","_monsterinsights_sitenote_category":0,"spay_email":"","jetpack_publicize_message":"","jetpack_is_tweetstorm":false,"jetpack_publicize_feature_enabled":true},"categories":[3],"tags":[544,1766,1631,1763,141,1765,1768,270,1154,1767,1764,597,1769,30,21],"jetpack_featured_media_url":"","jetpack_publicize_connections":[],"jetpack_sharing_enabled":true,"jetpack_shortlink":"https:\/\/wp.me\/p27q3P-1pe","_links":{"self":[{"href":"http:\/\/www.michael-schumacher.es\/noticias-f1\/wp-json\/wp\/v2\/posts\/5408"}],"collection":[{"href":"http:\/\/www.michael-schumacher.es\/noticias-f1\/wp-json\/wp\/v2\/posts"}],"about":[{"href":"http:\/\/www.michael-schumacher.es\/noticias-f1\/wp-json\/wp\/v2\/types\/post"}],"author":[{"embeddable":true,"href":"http:\/\/www.michael-schumacher.es\/noticias-f1\/wp-json\/wp\/v2\/users\/3"}],"replies":[{"embeddable":true,"href":"http:\/\/www.michael-schumacher.es\/noticias-f1\/wp-json\/wp\/v2\/comments?post=5408"}],"version-history":[{"count":0,"href":"http:\/\/www.michael-schumacher.es\/noticias-f1\/wp-json\/wp\/v2\/posts\/5408\/revisions"}],"wp:attachment":[{"href":"http:\/\/www.michael-schumacher.es\/noticias-f1\/wp-json\/wp\/v2\/media?parent=5408"}],"wp:term":[{"taxonomy":"category","embeddable":true,"href":"http:\/\/www.michael-schumacher.es\/noticias-f1\/wp-json\/wp\/v2\/categories?post=5408"},{"taxonomy":"post_tag","embeddable":true,"href":"http:\/\/www.michael-schumacher.es\/noticias-f1\/wp-json\/wp\/v2\/tags?post=5408"}],"curies":[{"name":"wp","href":"https:\/\/api.w.org\/{rel}","templated":true}]}}