{"id":545,"date":"2012-04-27T01:16:42","date_gmt":"2012-04-26T23:16:42","guid":{"rendered":"http:\/\/www.michael-schumacher.es\/noticias-f1\/?p=545"},"modified":"2012-04-27T01:16:42","modified_gmt":"2012-04-26T23:16:42","slug":"hamilton-quiere-ir-a-mugello-para-probar-personalmente","status":"publish","type":"post","link":"http:\/\/www.michael-schumacher.es\/noticias-f1\/2012\/04\/27\/hamilton-quiere-ir-a-mugello-para-probar-personalmente\/","title":{"rendered":"Hamilton quiere ir a Mugello para probar personalmente."},"content":{"rendered":"<p><img loading=\"lazy\" class=\"alignleft\" title=\"Mclaren\" src=\"http:\/\/img.michael-schumacher.es\/noticias-f1\/mclaren\/mclaren-1-mini.jpg\" alt=\"Mclaren\" width=\"202\" height=\"100\" \/>En principio los encargados de las pruebas Mugello eran los probadores Gary Paffett y Oliver Turvey . Pero Hamilton ha decidido que la sesi\u00f3n de entrenamientos en el circuito toscano se la quiere realizar en persona.<\/p>\n<p><!--more--> <!--noteaser--><\/p>\n<p><img loading=\"lazy\" class=\"aligncenter\" title=\"McLaren\" src=\"http:\/\/img.michael-schumacher.es\/noticias-f1\/mclaren\/mclaren-1.jpg\" alt=\"McLaren\" width=\"605\" height=\"300\" \/><\/p>\n<p>En principio los encargados de las pruebas Mugello eran los probadores Gary Paffett y Oliver Turvey . Pero Hamilton ha decidido que la sesi\u00f3n de entrenamientos en el circuito toscano se la quiere realizar en persona.<\/p>\n<p>&nbsp;<\/p>\n<p>Lewis esta preocupado y antes del Gran Premio de Espa\u00f1a quiere aprovechar la prueba, tras el GP de Bahrein no esta satisfecho y ha decidido probar: <strong>. \u00abEl programa prev\u00e9 la Mugello podr\u00eda cambiar. Tengo que volver al coche. Uno de los problemas que atormentan son los neum\u00e1ticos. Tenemos que entender por qu\u00e9 los neum\u00e1ticos se han deteriorado tan r\u00e1pidamente. \u00ab<\/strong><\/p>\n<p>&nbsp;<\/p>\n<p>Hamilton esta \u00a0decidido, es un momento \u00a0delicado, en esta parte de la \u00a0la temporada se puede mejorar o caer <strong>\u00abSi hay otras cosas para poner a prueba o maneras de entender, yo quiero ser el primero en comprender, y no voy a dejar que alguien m\u00e1s lo haga en mi lugar.<\/strong> <strong>\u00ab<\/strong><\/p>\n<p>Jenson Button, no puede\u00a0 cambiar sus planes, porque tiene que asistir a un evento promocional en Budapest de McLaren. Button conf\u00eda en que el equipo va a progresar \u00a0en Mugello.<\/p>\n<p>&nbsp;<\/p>\n<p>&nbsp;<\/p>\n<div class=\"sharedaddy sd-sharing-enabled\"><div class=\"robots-nocontent sd-block sd-social sd-social-official sd-sharing\"><h3 class=\"sd-title\">Opciones Sociales:<\/h3><div class=\"sd-content\"><ul><li class=\"share-facebook\"><div class=\"fb-share-button\" data-href=\"http:\/\/www.michael-schumacher.es\/noticias-f1\/2012\/04\/27\/hamilton-quiere-ir-a-mugello-para-probar-personalmente\/\" data-layout=\"button_count\"><\/div><\/li><li class=\"share-twitter\"><a href=\"https:\/\/twitter.com\/share\" class=\"twitter-share-button\" data-url=\"http:\/\/www.michael-schumacher.es\/noticias-f1\/2012\/04\/27\/hamilton-quiere-ir-a-mugello-para-probar-personalmente\/\" data-text=\"Hamilton quiere ir a Mugello para probar personalmente.\"  >Tweet<\/a><\/li><li class=\"share-email\"><a rel=\"nofollow noopener noreferrer\" data-shared=\"\" class=\"share-email sd-button\" href=\"http:\/\/www.michael-schumacher.es\/noticias-f1\/2012\/04\/27\/hamilton-quiere-ir-a-mugello-para-probar-personalmente\/?share=email\" target=\"_blank\" title=\"Haz clic para enviar por correo electr\u00f3nico a un amigo\"><span>Correo electr\u00f3nico<\/span><\/a><\/li><li class=\"share-end\"><\/li><\/ul><\/div><\/div><\/div>","protected":false},"excerpt":{"rendered":"<p>En principio los encargados de las pruebas Mugello eran los probadores Gary Paffett y Oliver Turvey . Pero Hamilton ha decidido que la sesi\u00f3n de entrenamientos en el circuito toscano se la quiere realizar en persona.<\/p>\n<div class=\"sharedaddy sd-sharing-enabled\"><div class=\"robots-nocontent sd-block sd-social sd-social-official sd-sharing\"><h3 class=\"sd-title\">Opciones Sociales:<\/h3><div class=\"sd-content\"><ul><li class=\"share-facebook\"><div class=\"fb-share-button\" data-href=\"http:\/\/www.michael-schumacher.es\/noticias-f1\/2012\/04\/27\/hamilton-quiere-ir-a-mugello-para-probar-personalmente\/\" data-layout=\"button_count\"><\/div><\/li><li class=\"share-twitter\"><a href=\"https:\/\/twitter.com\/share\" class=\"twitter-share-button\" data-url=\"http:\/\/www.michael-schumacher.es\/noticias-f1\/2012\/04\/27\/hamilton-quiere-ir-a-mugello-para-probar-personalmente\/\" data-text=\"Hamilton quiere ir a Mugello para probar personalmente.\"  >Tweet<\/a><\/li><li class=\"share-email\"><a rel=\"nofollow noopener noreferrer\" data-shared=\"\" class=\"share-email sd-button\" href=\"http:\/\/www.michael-schumacher.es\/noticias-f1\/2012\/04\/27\/hamilton-quiere-ir-a-mugello-para-probar-personalmente\/?share=email\" target=\"_blank\" title=\"Haz clic para enviar por correo electr\u00f3nico a un amigo\"><span>Correo electr\u00f3nico<\/span><\/a><\/li><li class=\"share-end\"><\/li><\/ul><\/div><\/div><\/div>","protected":false},"author":3,"featured_media":0,"comment_status":"open","ping_status":"open","sticky":false,"template":"","format":"standard","meta":{"_monsterinsights_skip_tracking":false,"_monsterinsights_sitenote_active":false,"_monsterinsights_sitenote_note":"","_monsterinsights_sitenote_category":0,"spay_email":"","jetpack_publicize_message":"","jetpack_is_tweetstorm":false,"jetpack_publicize_feature_enabled":true},"categories":[3],"tags":[183,217,189,6,11,10,138,214,218,216,215],"jetpack_featured_media_url":"","jetpack_publicize_connections":[],"jetpack_sharing_enabled":true,"jetpack_shortlink":"https:\/\/wp.me\/p27q3P-8N","_links":{"self":[{"href":"http:\/\/www.michael-schumacher.es\/noticias-f1\/wp-json\/wp\/v2\/posts\/545"}],"collection":[{"href":"http:\/\/www.michael-schumacher.es\/noticias-f1\/wp-json\/wp\/v2\/posts"}],"about":[{"href":"http:\/\/www.michael-schumacher.es\/noticias-f1\/wp-json\/wp\/v2\/types\/post"}],"author":[{"embeddable":true,"href":"http:\/\/www.michael-schumacher.es\/noticias-f1\/wp-json\/wp\/v2\/users\/3"}],"replies":[{"embeddable":true,"href":"http:\/\/www.michael-schumacher.es\/noticias-f1\/wp-json\/wp\/v2\/comments?post=545"}],"version-history":[{"count":0,"href":"http:\/\/www.michael-schumacher.es\/noticias-f1\/wp-json\/wp\/v2\/posts\/545\/revisions"}],"wp:attachment":[{"href":"http:\/\/www.michael-schumacher.es\/noticias-f1\/wp-json\/wp\/v2\/media?parent=545"}],"wp:term":[{"taxonomy":"category","embeddable":true,"href":"http:\/\/www.michael-schumacher.es\/noticias-f1\/wp-json\/wp\/v2\/categories?post=545"},{"taxonomy":"post_tag","embeddable":true,"href":"http:\/\/www.michael-schumacher.es\/noticias-f1\/wp-json\/wp\/v2\/tags?post=545"}],"curies":[{"name":"wp","href":"https:\/\/api.w.org\/{rel}","templated":true}]}}