{"id":5494,"date":"2012-11-01T15:44:20","date_gmt":"2012-11-01T14:44:20","guid":{"rendered":"http:\/\/www.michael-schumacher.es\/noticias-f1\/?p=5494"},"modified":"2012-11-01T15:44:20","modified_gmt":"2012-11-01T14:44:20","slug":"previo-gp-de-abu-dhabi-yas-marina-2012-ferrari","status":"publish","type":"post","link":"http:\/\/www.michael-schumacher.es\/noticias-f1\/2012\/11\/01\/previo-gp-de-abu-dhabi-yas-marina-2012-ferrari\/","title":{"rendered":"Previo GP de Abu Dhabi, Yas Marina 2012. Ferrari"},"content":{"rendered":"<p><a href=\"http:\/\/www.michael-schumacher.es\/noticias-f1\/wp-content\/uploads\/2012\/08\/ferrari-1-mini.jpg\"><img loading=\"lazy\" class=\"alignleft size-full wp-image-3090\" title=\"Ferrari 1 - miniatura\" src=\"http:\/\/www.michael-schumacher.es\/noticias-f1\/wp-content\/uploads\/2012\/08\/ferrari-1-mini.jpg\" alt=\"\" width=\"200\" height=\"133\" \/><\/a>Ferrari llega con nuevas mejoras para intentar estar por delante de Red Bull y combatir por la Pole, que ser\u00e1 muy importante para ganar la carrera, en un circuito que no hay demasiados adelantamientos. Fernando Alonso, conf\u00eda en aprovechar de alg\u00fan error de Sebastian Vettel para lograr reducir su distancia con el l\u00edder del Campeonato y en las mejoras del equipo para lograr finalizar con la racha de victorias consecutivas de Vettel y no quiere recordar la carrera de 2010 donde perdi\u00f3 el campeonato atrapado detr\u00e1s de Petrov. Felipe Massa espera tener una buena carrera con la motivaci\u00f3n de haber renovado con el equipo y espera sumar puntos importantes para el equipo.<\/p>\n<p><strong><!--more--> <!--noteaser--><a href=\"http:\/\/www.michael-schumacher.es\/noticias-f1\/wp-content\/uploads\/2012\/08\/ferrari-1.jpg\"><img loading=\"lazy\" class=\"aligncenter size-full wp-image-3089\" title=\"Ferrari 1 \" src=\"http:\/\/www.michael-schumacher.es\/noticias-f1\/wp-content\/uploads\/2012\/08\/ferrari-1.jpg\" alt=\"\" width=\"600\" height=\"400\" srcset=\"http:\/\/www.michael-schumacher.es\/noticias-f1\/wp-content\/uploads\/2012\/08\/ferrari-1.jpg 600w, http:\/\/www.michael-schumacher.es\/noticias-f1\/wp-content\/uploads\/2012\/08\/ferrari-1-300x200.jpg 300w\" sizes=\"(max-width: 600px) 100vw, 600px\" \/><\/a><br \/>\n<\/strong><\/p>\n<p>&nbsp;<\/p>\n<p>Ferrari llega con nuevas mejoras para intentar estar por delante de Red Bull y combatir por la Pole, que ser\u00e1 muy importante para ganar la carrera, en un circuito que no hay demasiados adelantamientos. Fernando Alonso, conf\u00eda en aprovechar de alg\u00fan error de Sebastian Vettel para lograr reducir su distancia con el l\u00edder del Campeonato y en las mejoras del equipo para lograr finalizar con la racha de victorias consecutivas de Vettel y no quiere recordar la carrera de 2010 donde perdi\u00f3 el campeonato atrapado detr\u00e1s de Petrov. Felipe Massa espera tener una buena carrera con la motivaci\u00f3n de haber renovado con el equipo y espera sumar puntos importantes para el equipo.<\/p>\n<p>&nbsp;<\/p>\n<p><strong>Fernando Alonso:<\/strong> \u00abCreo que creemos y confiamos en el equipo y el trabajo que hacemos. Hemos demostrado que nunca nos damos por vencidos y saber luchar hasta el final. Cuando las cosas se vuelven estresantes y dif\u00edciles, a\u00fan podemos dar el 100% y el equipo tiene mucha experiencia en la lucha por el campeonato mundial. Todo el mundo est\u00e1 muy motivado y en la India hemos visto algunas buenas se\u00f1ales en t\u00e9rminos de ritmo en comparaci\u00f3n con Red Bull, aunque necesitamos un par m\u00e1s puntos, sobre todo el s\u00e1bado. Adem\u00e1s de eso, tenemos algunos cambios aqu\u00ed y un poco m\u00e1s en los EE.UU.. La temporada ha tenido sus altas y bajas, y hemos visto cuatro victorias consecutivas para Red Bull, as\u00ed que creo que tiene que ir tarde o temprano! Hemos tratado de prepararnos para esta carrera mejor que nunca Tenemos algunas piezas nuevas que vamos a estar revisando ma\u00f1ana. No creemos que vayamos a cerrar la brecha con Red Bull por completo, con s\u00f3lo cinco d\u00edas entre la India y Abu Dhabi. No hay parte alguna magia en la F\u00f3rmula 1, pero estamos tratando de ponerlos bajo presi\u00f3n despu\u00e9s de haber tenido cuatro carreras muy f\u00e1ciles. Queremos estar lo suficientemente cerca de ellos para sacar provecho de cualquier cosa que no hagan a la perfecci\u00f3n, mientras que tenemos que ser perfectos para estos fines de semana pr\u00f3ximos tres carreras. Un fallo mec\u00e1nico siempre est\u00e1 en el aire, no s\u00f3lo para ellos, sino tambi\u00e9n para nosotros. Tenemos que asegurarnos de que tenemos un coche muy fuerte, por lo que no podemos hacer las tres \u00faltimas carreras sin problemas mec\u00e1nicos. Sabemos que Red Bull puede ser un poco m\u00e1s fr\u00e1gil, como la insuficiencia de Webber KERS en la India, por lo que tenemos que empujar y estar en el l\u00edmite, porque si hubiera sido Vettel, que ten\u00eda el problema, nadie se habr\u00eda dado cuenta porque estaba diez segundos en frente. No estamos pensando en la carrera aqu\u00ed en 2010, cuando perdimos el campeonato: queremos ganar el campeonato en la \u00faltima carrera de este a\u00f1o en Brasil. Gracias al KERS y DRS no deber\u00edamos tener una repetici\u00f3n de la situaci\u00f3n en 2010, que me ha hecho perder el t\u00edtulo cuando me he quedado atrapado durante demasiado tiempo detr\u00e1s de otro coche. En los \u00faltimos dos a\u00f1os hemos visto que estos elementos han producido emocionantes carreras con un mont\u00f3n de adelantamientos. Una discusi\u00f3n con Pat Fry despu\u00e9s de la carrera en la India? Un buen invento de alguien en los medios de comunicaci\u00f3n italianos. Era muy creativo para ser honesto! Ahora o m\u00e1s tarde, voy a hablar con \u00e9l para ver c\u00f3mo \u00e9l invent\u00f3 esto. Sabemos y es un hecho que son m\u00e1s lentos que Red Bull: todos estamos de acuerdo, yo el equipo, nuestros fans, todo el mundo lo sabe. Estamos muy unidos en nuestros esfuerzos para solucionar esta situaci\u00f3n\u201d.<\/p>\n<p>&nbsp;<\/p>\n<p><strong>Felipe Massa:<\/strong> \u00abEs bueno seguir conduciendo para Ferrari. Ha sido un largo tiempo, que llegue a mi octavo campeonato con Ferrari, sin contar el hecho de que firm\u00e9 un contrato con la Scuderia cuando yo era muy joven y a\u00fan no conduc\u00eda en la F\u00f3rmula 1. Es una sensaci\u00f3n muy agradable y por ahora estoy en busca de terminar esta temporada bien en las \u00faltimas carreras del campeonato. Pero aparte de eso tambi\u00e9n estoy concentrado al 100% en tener un muy competitivo 2013. El desarrollo del coche se adaptaba a m\u00ed un poco mejor y, adem\u00e1s, debe tener en cuenta que yo ten\u00eda algunas buenas carreras en la primera parte del a\u00f1o, corriendo a un buen ritmo, pero el resultado no fue bien al final, por diversas. Pero despu\u00e9s de agosto comenc\u00e9 a trabajar en la direcci\u00f3n correcta, con menos problemas en la carrera y me he clasificado un poco m\u00e1s arriba en la parrilla. Adem\u00e1s, yo ten\u00eda un enfoque mental ligeramente diferente a partir de entonces, decidiendo que si las cosas sal\u00edan mal que estaba bien, pero si no fuera as\u00ed, entonces no debe preocuparse por ello y despu\u00e9s de eso, empec\u00e9 a disfrutar de las carreras mucho m\u00e1s, como siempre lo he hecho en el pasado, entrando en el coche, con la esperanza de divertirme. Al hacer los resultados llegan. Creo que Alonso y Vettel, ambos han hecho un trabajo fant\u00e1stico hasta ahora, en el caso de Sebasti\u00e1n, sobre todo en la segunda parte del campeonato. No estamos hablando de un chico en el campeonato con muchas victorias y el otro no. As\u00ed que, al final, gane quien gane, vamos a decir que se lo merece. Esperemos que Fernando va a ganar! \u00a0El a\u00f1o pasado jugu\u00e9 en un partido de f\u00fatbol aqu\u00ed que fue muy divertido y he visto bastantes de Abu Dhabi. Es un lugar muy agradable para venir con grandes restaurantes y hoteles bonitos y parece ir en aumento, por lo que cada a\u00f1o hay algo nuevo que ver. En cuanto a la pista, es \u00fanico en su formato y es genial para los espectadores de ver y este a\u00f1o, espero que sea una gran carrera para Ferrari. \u00bb<\/p>\n<p>&nbsp;<\/p>\n<p>&nbsp;<\/p>\n<div class=\"sharedaddy sd-sharing-enabled\"><div class=\"robots-nocontent sd-block sd-social sd-social-official sd-sharing\"><h3 class=\"sd-title\">Opciones Sociales:<\/h3><div class=\"sd-content\"><ul><li class=\"share-facebook\"><div class=\"fb-share-button\" data-href=\"http:\/\/www.michael-schumacher.es\/noticias-f1\/2012\/11\/01\/previo-gp-de-abu-dhabi-yas-marina-2012-ferrari\/\" data-layout=\"button_count\"><\/div><\/li><li class=\"share-twitter\"><a href=\"https:\/\/twitter.com\/share\" class=\"twitter-share-button\" data-url=\"http:\/\/www.michael-schumacher.es\/noticias-f1\/2012\/11\/01\/previo-gp-de-abu-dhabi-yas-marina-2012-ferrari\/\" data-text=\"Previo GP de Abu Dhabi, Yas Marina 2012. Ferrari\"  >Tweet<\/a><\/li><li class=\"share-email\"><a rel=\"nofollow noopener noreferrer\" data-shared=\"\" class=\"share-email sd-button\" href=\"http:\/\/www.michael-schumacher.es\/noticias-f1\/2012\/11\/01\/previo-gp-de-abu-dhabi-yas-marina-2012-ferrari\/?share=email\" target=\"_blank\" title=\"Haz clic para enviar por correo electr\u00f3nico a un amigo\"><span>Correo electr\u00f3nico<\/span><\/a><\/li><li class=\"share-end\"><\/li><\/ul><\/div><\/div><\/div>","protected":false},"excerpt":{"rendered":"<p>Ferrari llega con nuevas mejoras para intentar estar por delante de Red Bull y combatir por la Pole, que ser\u00e1 muy importante para ganar la carrera, en un circuito que no hay demasiados adelantamientos. Fernando Alonso, conf\u00eda en aprovechar de alg\u00fan error de Sebastian Vettel para lograr reducir su distancia con el l\u00edder del Campeonato [&hellip;]<\/p>\n<div class=\"sharedaddy sd-sharing-enabled\"><div class=\"robots-nocontent sd-block sd-social sd-social-official sd-sharing\"><h3 class=\"sd-title\">Opciones Sociales:<\/h3><div class=\"sd-content\"><ul><li class=\"share-facebook\"><div class=\"fb-share-button\" data-href=\"http:\/\/www.michael-schumacher.es\/noticias-f1\/2012\/11\/01\/previo-gp-de-abu-dhabi-yas-marina-2012-ferrari\/\" data-layout=\"button_count\"><\/div><\/li><li class=\"share-twitter\"><a href=\"https:\/\/twitter.com\/share\" class=\"twitter-share-button\" data-url=\"http:\/\/www.michael-schumacher.es\/noticias-f1\/2012\/11\/01\/previo-gp-de-abu-dhabi-yas-marina-2012-ferrari\/\" data-text=\"Previo GP de Abu Dhabi, Yas Marina 2012. Ferrari\"  >Tweet<\/a><\/li><li class=\"share-email\"><a rel=\"nofollow noopener noreferrer\" data-shared=\"\" class=\"share-email sd-button\" href=\"http:\/\/www.michael-schumacher.es\/noticias-f1\/2012\/11\/01\/previo-gp-de-abu-dhabi-yas-marina-2012-ferrari\/?share=email\" target=\"_blank\" title=\"Haz clic para enviar por correo electr\u00f3nico a un amigo\"><span>Correo electr\u00f3nico<\/span><\/a><\/li><li class=\"share-end\"><\/li><\/ul><\/div><\/div><\/div>","protected":false},"author":3,"featured_media":0,"comment_status":"open","ping_status":"open","sticky":false,"template":"","format":"standard","meta":{"_monsterinsights_skip_tracking":false,"_monsterinsights_sitenote_active":false,"_monsterinsights_sitenote_note":"","_monsterinsights_sitenote_category":0,"spay_email":"","jetpack_publicize_message":"","jetpack_is_tweetstorm":false,"jetpack_publicize_feature_enabled":true},"categories":[3,22],"tags":[14,781,105,107,17,106,104,141,15,6,108,1290,1289,5,1788],"jetpack_featured_media_url":"","jetpack_publicize_connections":[],"jetpack_sharing_enabled":true,"jetpack_shortlink":"https:\/\/wp.me\/p27q3P-1qC","_links":{"self":[{"href":"http:\/\/www.michael-schumacher.es\/noticias-f1\/wp-json\/wp\/v2\/posts\/5494"}],"collection":[{"href":"http:\/\/www.michael-schumacher.es\/noticias-f1\/wp-json\/wp\/v2\/posts"}],"about":[{"href":"http:\/\/www.michael-schumacher.es\/noticias-f1\/wp-json\/wp\/v2\/types\/post"}],"author":[{"embeddable":true,"href":"http:\/\/www.michael-schumacher.es\/noticias-f1\/wp-json\/wp\/v2\/users\/3"}],"replies":[{"embeddable":true,"href":"http:\/\/www.michael-schumacher.es\/noticias-f1\/wp-json\/wp\/v2\/comments?post=5494"}],"version-history":[{"count":0,"href":"http:\/\/www.michael-schumacher.es\/noticias-f1\/wp-json\/wp\/v2\/posts\/5494\/revisions"}],"wp:attachment":[{"href":"http:\/\/www.michael-schumacher.es\/noticias-f1\/wp-json\/wp\/v2\/media?parent=5494"}],"wp:term":[{"taxonomy":"category","embeddable":true,"href":"http:\/\/www.michael-schumacher.es\/noticias-f1\/wp-json\/wp\/v2\/categories?post=5494"},{"taxonomy":"post_tag","embeddable":true,"href":"http:\/\/www.michael-schumacher.es\/noticias-f1\/wp-json\/wp\/v2\/tags?post=5494"}],"curies":[{"name":"wp","href":"https:\/\/api.w.org\/{rel}","templated":true}]}}