{"id":5507,"date":"2012-11-02T10:40:55","date_gmt":"2012-11-02T09:40:55","guid":{"rendered":"http:\/\/www.michael-schumacher.es\/noticias-f1\/?p=5507"},"modified":"2012-11-02T10:40:55","modified_gmt":"2012-11-02T09:40:55","slug":"grosjean-aun-no-ha-firmado-la-renovacion-con-lotus","status":"publish","type":"post","link":"http:\/\/www.michael-schumacher.es\/noticias-f1\/2012\/11\/02\/grosjean-aun-no-ha-firmado-la-renovacion-con-lotus\/","title":{"rendered":"Grosjean a\u00fan no ha firmado la renovaci\u00f3n con Lotus"},"content":{"rendered":"<p><a href=\"http:\/\/www.michael-schumacher.es\/noticias-f1\/wp-content\/uploads\/2012\/09\/grosjean-1-1-mini.jpg\"><img loading=\"lazy\" class=\"alignleft size-full wp-image-3594\" title=\"Romain Grosjean 1-1 - Miniatura\" src=\"http:\/\/www.michael-schumacher.es\/noticias-f1\/wp-content\/uploads\/2012\/09\/grosjean-1-1-mini.jpg\" alt=\"\" width=\"200\" height=\"133\" \/><\/a>En Abu Dhabi Grosjean ha declarado no saber el motivo por el que Kimi Raikkonen ya ha renovado y el todav\u00eda no, pero parece que \u00a0Boullier quiere mantener a Grosjean: <strong>\u00abPara ser honesto, no lo s\u00e9. Pero creo que con el equipo que somos felices juntos. Ellos ponen mucha fe en m\u00ed y creen en m\u00ed, cuando tuve un momento dif\u00edcil, me ayudaron a mejorar mi trabajo. No hay ninguna raz\u00f3n por la que vaya a ir \u00a0mal en el futuro. No me olvido de los problemas, sigo trabajando para el progreso. Continuar asi, voy a dar grandes pasos\u201d.<\/strong><\/p>\n<p><!--more--> <!--noteaser--><\/p>\n<p><a href=\"http:\/\/www.michael-schumacher.es\/noticias-f1\/wp-content\/uploads\/2012\/09\/grosjean-1-1.jpg\"><img loading=\"lazy\" class=\"aligncenter size-full wp-image-3595\" title=\"Romain Grosjean 1-1\" src=\"http:\/\/www.michael-schumacher.es\/noticias-f1\/wp-content\/uploads\/2012\/09\/grosjean-1-1.jpg\" alt=\"\" width=\"600\" height=\"400\" srcset=\"http:\/\/www.michael-schumacher.es\/noticias-f1\/wp-content\/uploads\/2012\/09\/grosjean-1-1.jpg 600w, http:\/\/www.michael-schumacher.es\/noticias-f1\/wp-content\/uploads\/2012\/09\/grosjean-1-1-300x200.jpg 300w\" sizes=\"(max-width: 600px) 100vw, 600px\" \/><\/a><\/p>\n<p>En Abu Dhabi Grosjean ha declarado no saber el motivo por el que Kimi Raikkonen ya ha renovado y el todav\u00eda no, pero parece que \u00a0Boullier quiere mantener a Grosjean: <strong>\u00abPara ser honesto, no lo s\u00e9. Pero creo que con el equipo que somos felices juntos. Ellos ponen mucha fe en m\u00ed y creen en m\u00ed, cuando tuve un momento dif\u00edcil, me ayudaron a mejorar mi trabajo. No hay ninguna raz\u00f3n por la que vaya a ir \u00a0mal en el futuro. No me olvido de los problemas, sigo trabajando para el progreso. Continuar asi, voy a dar grandes pasos\u201d.<\/strong><\/p>\n<p>&nbsp;<\/p>\n<p>Mientras espera la renovaci\u00f3n del contrato para 2013, Romain har\u00e1 todo lo posible por mantenerse fuera de problemas y tener buen resultado: <strong>\u00abCreo que la idea es ser conservador y poner atenci\u00f3n en la primera vuelta, y luego simplemente empujar de forma normal, como lo hice en Corea y la India. No creo que vaya a cambiar mucho mi acercamiento. Si hay oportunidades aqu\u00ed voy a ir a por ello, pero no voy a intentar otra cosa\u00bb.<\/strong><\/p>\n<div class=\"sharedaddy sd-sharing-enabled\"><div class=\"robots-nocontent sd-block sd-social sd-social-official sd-sharing\"><h3 class=\"sd-title\">Opciones Sociales:<\/h3><div class=\"sd-content\"><ul><li class=\"share-facebook\"><div class=\"fb-share-button\" data-href=\"http:\/\/www.michael-schumacher.es\/noticias-f1\/2012\/11\/02\/grosjean-aun-no-ha-firmado-la-renovacion-con-lotus\/\" data-layout=\"button_count\"><\/div><\/li><li class=\"share-twitter\"><a href=\"https:\/\/twitter.com\/share\" class=\"twitter-share-button\" data-url=\"http:\/\/www.michael-schumacher.es\/noticias-f1\/2012\/11\/02\/grosjean-aun-no-ha-firmado-la-renovacion-con-lotus\/\" data-text=\"Grosjean a\u00fan no ha firmado la renovaci\u00f3n con Lotus\"  >Tweet<\/a><\/li><li class=\"share-email\"><a rel=\"nofollow noopener noreferrer\" data-shared=\"\" class=\"share-email sd-button\" href=\"http:\/\/www.michael-schumacher.es\/noticias-f1\/2012\/11\/02\/grosjean-aun-no-ha-firmado-la-renovacion-con-lotus\/?share=email\" target=\"_blank\" title=\"Haz clic para enviar por correo electr\u00f3nico a un amigo\"><span>Correo electr\u00f3nico<\/span><\/a><\/li><li class=\"share-end\"><\/li><\/ul><\/div><\/div><\/div>","protected":false},"excerpt":{"rendered":"<p>En Abu Dhabi Grosjean ha declarado no saber el motivo por el que Kimi Raikkonen ya ha renovado y el todav\u00eda no, pero parece que \u00a0Boullier quiere mantener a Grosjean: \u00abPara ser honesto, no lo s\u00e9. Pero creo que con el equipo que somos felices juntos. Ellos ponen mucha fe en m\u00ed y creen en [&hellip;]<\/p>\n<div class=\"sharedaddy sd-sharing-enabled\"><div class=\"robots-nocontent sd-block sd-social sd-social-official sd-sharing\"><h3 class=\"sd-title\">Opciones Sociales:<\/h3><div class=\"sd-content\"><ul><li class=\"share-facebook\"><div class=\"fb-share-button\" data-href=\"http:\/\/www.michael-schumacher.es\/noticias-f1\/2012\/11\/02\/grosjean-aun-no-ha-firmado-la-renovacion-con-lotus\/\" data-layout=\"button_count\"><\/div><\/li><li class=\"share-twitter\"><a href=\"https:\/\/twitter.com\/share\" class=\"twitter-share-button\" data-url=\"http:\/\/www.michael-schumacher.es\/noticias-f1\/2012\/11\/02\/grosjean-aun-no-ha-firmado-la-renovacion-con-lotus\/\" data-text=\"Grosjean a\u00fan no ha firmado la renovaci\u00f3n con Lotus\"  >Tweet<\/a><\/li><li class=\"share-email\"><a rel=\"nofollow noopener noreferrer\" data-shared=\"\" class=\"share-email sd-button\" href=\"http:\/\/www.michael-schumacher.es\/noticias-f1\/2012\/11\/02\/grosjean-aun-no-ha-firmado-la-renovacion-con-lotus\/?share=email\" target=\"_blank\" title=\"Haz clic para enviar por correo electr\u00f3nico a un amigo\"><span>Correo electr\u00f3nico<\/span><\/a><\/li><li class=\"share-end\"><\/li><\/ul><\/div><\/div><\/div>","protected":false},"author":3,"featured_media":0,"comment_status":"open","ping_status":"open","sticky":false,"template":"","format":"standard","meta":{"_monsterinsights_skip_tracking":false,"_monsterinsights_sitenote_active":false,"_monsterinsights_sitenote_note":"","_monsterinsights_sitenote_category":0,"spay_email":"","jetpack_publicize_message":"","jetpack_is_tweetstorm":false,"jetpack_publicize_feature_enabled":true},"categories":[3],"tags":[373,1799,183,1801,442,500,381,17,15,557,83,81,1758,1798,1800,24,82,423],"jetpack_featured_media_url":"","jetpack_publicize_connections":[],"jetpack_sharing_enabled":true,"jetpack_shortlink":"https:\/\/wp.me\/p27q3P-1qP","_links":{"self":[{"href":"http:\/\/www.michael-schumacher.es\/noticias-f1\/wp-json\/wp\/v2\/posts\/5507"}],"collection":[{"href":"http:\/\/www.michael-schumacher.es\/noticias-f1\/wp-json\/wp\/v2\/posts"}],"about":[{"href":"http:\/\/www.michael-schumacher.es\/noticias-f1\/wp-json\/wp\/v2\/types\/post"}],"author":[{"embeddable":true,"href":"http:\/\/www.michael-schumacher.es\/noticias-f1\/wp-json\/wp\/v2\/users\/3"}],"replies":[{"embeddable":true,"href":"http:\/\/www.michael-schumacher.es\/noticias-f1\/wp-json\/wp\/v2\/comments?post=5507"}],"version-history":[{"count":0,"href":"http:\/\/www.michael-schumacher.es\/noticias-f1\/wp-json\/wp\/v2\/posts\/5507\/revisions"}],"wp:attachment":[{"href":"http:\/\/www.michael-schumacher.es\/noticias-f1\/wp-json\/wp\/v2\/media?parent=5507"}],"wp:term":[{"taxonomy":"category","embeddable":true,"href":"http:\/\/www.michael-schumacher.es\/noticias-f1\/wp-json\/wp\/v2\/categories?post=5507"},{"taxonomy":"post_tag","embeddable":true,"href":"http:\/\/www.michael-schumacher.es\/noticias-f1\/wp-json\/wp\/v2\/tags?post=5507"}],"curies":[{"name":"wp","href":"https:\/\/api.w.org\/{rel}","templated":true}]}}