{"id":553,"date":"2012-04-27T01:49:19","date_gmt":"2012-04-26T23:49:19","guid":{"rendered":"http:\/\/www.michael-schumacher.es\/noticias-f1\/?p=553"},"modified":"2012-04-27T01:49:19","modified_gmt":"2012-04-26T23:49:19","slug":"alonso-probara-durante-dos-dias-en-mugello","status":"publish","type":"post","link":"http:\/\/www.michael-schumacher.es\/noticias-f1\/2012\/04\/27\/alonso-probara-durante-dos-dias-en-mugello\/","title":{"rendered":"Alonso probara durante dos d\u00edas en Mugello"},"content":{"rendered":"<p><img loading=\"lazy\" class=\"alignleft\" title=\"Fernando Alonso\" src=\"http:\/\/img.michael-schumacher.es\/noticias-f1\/fernando-alonso\/alonso-1-mini.jpg\" alt=\"Fernando Alonso\" width=\"202\" height=\"100\" \/>En el circuito italiano de Mugello se va a celebrar la \u00fanica prueba de la temporada de F1 2012, ser\u00e1 la semana pr\u00f3xima entre los d\u00edas del 1 al 3 de Mayo.<\/p>\n<p>Fernando Alonso estar\u00e1 a los mandos del F2012 en el circuito de Mugello el martes y el jueves. Felipe Massa pilotara el \u00a0Ferrari el mi\u00e9rcoles.<\/p>\n<p><!--more--> <!--noteaser--><\/p>\n<p style=\"text-align: center;\"><img loading=\"lazy\" class=\"aligncenter\" title=\"Fernando Alonso \" src=\"http:\/\/img.michael-schumacher.es\/noticias-f1\/fernando-alonso\/alonso-1.jpg\" alt=\"Fernando Alonso\" width=\"605\" height=\"300\" \/><\/p>\n<p>En el circuito italiano de Mugello se va a celebrar la \u00fanica prueba de la temporada de F1 2012, ser\u00e1 la semana pr\u00f3xima entre los d\u00edas del 1 al 3 de Mayo.<\/p>\n<p>&nbsp;<\/p>\n<p>Fernando Alonso estar\u00e1 a los mandos del F2012 en el circuito de Mugello el martes y el jueves. Felipe Massa pilotara el \u00a0Ferrari el mi\u00e9rcoles.<\/p>\n<p>&nbsp;<\/p>\n<p>Stefano Domenicali, es consciente de la necesidad de aprovechar al m\u00e1ximo estos d\u00edas de prueba y probar las mejoras que llevaran a Barcelona para el Gran Premio del 13 de Mayo. Domenicali dijo: . \u00abLos pr\u00f3ximos d\u00edas ser\u00e1n importantes, ya que nuestro objetivo es hacer el mayor esfuerzo para desarrollar un buen coche. Pero eso no quiere decir que todos nuestros cambios para Barcelona sean vistos en Mugello \u00bb<\/p>\n<p>&nbsp;<\/p>\n<p>Domenicali ha pedido a los mec\u00e1nicos y los pilotos aprovechar al m\u00e1ximo el tiempo de pruebas para intentar mejorar para el resto de la temporada y mejorar el inicio del a\u00f1o: <strong>\u00abTenemos que aprovechar cada minuto para que podamos mejorar el rendimiento del F2012\u00bb<\/strong><\/p>\n<div class=\"sharedaddy sd-sharing-enabled\"><div class=\"robots-nocontent sd-block sd-social sd-social-official sd-sharing\"><h3 class=\"sd-title\">Opciones Sociales:<\/h3><div class=\"sd-content\"><ul><li class=\"share-facebook\"><div class=\"fb-share-button\" data-href=\"http:\/\/www.michael-schumacher.es\/noticias-f1\/2012\/04\/27\/alonso-probara-durante-dos-dias-en-mugello\/\" data-layout=\"button_count\"><\/div><\/li><li class=\"share-twitter\"><a href=\"https:\/\/twitter.com\/share\" class=\"twitter-share-button\" data-url=\"http:\/\/www.michael-schumacher.es\/noticias-f1\/2012\/04\/27\/alonso-probara-durante-dos-dias-en-mugello\/\" data-text=\"Alonso probara durante dos d\u00edas en Mugello\"  >Tweet<\/a><\/li><li class=\"share-email\"><a rel=\"nofollow noopener noreferrer\" data-shared=\"\" class=\"share-email sd-button\" href=\"http:\/\/www.michael-schumacher.es\/noticias-f1\/2012\/04\/27\/alonso-probara-durante-dos-dias-en-mugello\/?share=email\" target=\"_blank\" title=\"Haz clic para enviar por correo electr\u00f3nico a un amigo\"><span>Correo electr\u00f3nico<\/span><\/a><\/li><li class=\"share-end\"><\/li><\/ul><\/div><\/div><\/div>","protected":false},"excerpt":{"rendered":"<p>En el circuito italiano de Mugello se va a celebrar la \u00fanica prueba de la temporada de F1 2012, ser\u00e1 la semana pr\u00f3xima entre los d\u00edas del 1 al 3 de Mayo. Fernando Alonso estar\u00e1 a los mandos del F2012 en el circuito de Mugello el martes y el jueves. Felipe Massa pilotara el \u00a0Ferrari [&hellip;]<\/p>\n<div class=\"sharedaddy sd-sharing-enabled\"><div class=\"robots-nocontent sd-block sd-social sd-social-official sd-sharing\"><h3 class=\"sd-title\">Opciones Sociales:<\/h3><div class=\"sd-content\"><ul><li class=\"share-facebook\"><div class=\"fb-share-button\" data-href=\"http:\/\/www.michael-schumacher.es\/noticias-f1\/2012\/04\/27\/alonso-probara-durante-dos-dias-en-mugello\/\" data-layout=\"button_count\"><\/div><\/li><li class=\"share-twitter\"><a href=\"https:\/\/twitter.com\/share\" class=\"twitter-share-button\" data-url=\"http:\/\/www.michael-schumacher.es\/noticias-f1\/2012\/04\/27\/alonso-probara-durante-dos-dias-en-mugello\/\" data-text=\"Alonso probara durante dos d\u00edas en Mugello\"  >Tweet<\/a><\/li><li class=\"share-email\"><a rel=\"nofollow noopener noreferrer\" data-shared=\"\" class=\"share-email sd-button\" href=\"http:\/\/www.michael-schumacher.es\/noticias-f1\/2012\/04\/27\/alonso-probara-durante-dos-dias-en-mugello\/?share=email\" target=\"_blank\" title=\"Haz clic para enviar por correo electr\u00f3nico a un amigo\"><span>Correo electr\u00f3nico<\/span><\/a><\/li><li class=\"share-end\"><\/li><\/ul><\/div><\/div><\/div>","protected":false},"author":3,"featured_media":0,"comment_status":"open","ping_status":"open","sticky":false,"template":"","format":"standard","meta":{"_monsterinsights_skip_tracking":false,"_monsterinsights_sitenote_active":false,"_monsterinsights_sitenote_note":"","_monsterinsights_sitenote_category":0,"spay_email":"","jetpack_publicize_message":"","jetpack_is_tweetstorm":false,"jetpack_publicize_feature_enabled":true},"categories":[3],"tags":[105,17,143,106,104,141,108,214,215],"jetpack_featured_media_url":"","jetpack_publicize_connections":[],"jetpack_sharing_enabled":true,"jetpack_shortlink":"https:\/\/wp.me\/p27q3P-8V","_links":{"self":[{"href":"http:\/\/www.michael-schumacher.es\/noticias-f1\/wp-json\/wp\/v2\/posts\/553"}],"collection":[{"href":"http:\/\/www.michael-schumacher.es\/noticias-f1\/wp-json\/wp\/v2\/posts"}],"about":[{"href":"http:\/\/www.michael-schumacher.es\/noticias-f1\/wp-json\/wp\/v2\/types\/post"}],"author":[{"embeddable":true,"href":"http:\/\/www.michael-schumacher.es\/noticias-f1\/wp-json\/wp\/v2\/users\/3"}],"replies":[{"embeddable":true,"href":"http:\/\/www.michael-schumacher.es\/noticias-f1\/wp-json\/wp\/v2\/comments?post=553"}],"version-history":[{"count":0,"href":"http:\/\/www.michael-schumacher.es\/noticias-f1\/wp-json\/wp\/v2\/posts\/553\/revisions"}],"wp:attachment":[{"href":"http:\/\/www.michael-schumacher.es\/noticias-f1\/wp-json\/wp\/v2\/media?parent=553"}],"wp:term":[{"taxonomy":"category","embeddable":true,"href":"http:\/\/www.michael-schumacher.es\/noticias-f1\/wp-json\/wp\/v2\/categories?post=553"},{"taxonomy":"post_tag","embeddable":true,"href":"http:\/\/www.michael-schumacher.es\/noticias-f1\/wp-json\/wp\/v2\/tags?post=553"}],"curies":[{"name":"wp","href":"https:\/\/api.w.org\/{rel}","templated":true}]}}