{"id":5590,"date":"2012-11-03T22:59:11","date_gmt":"2012-11-03T21:59:11","guid":{"rendered":"http:\/\/www.michael-schumacher.es\/noticias-f1\/?p=5590"},"modified":"2012-11-03T22:59:11","modified_gmt":"2012-11-03T21:59:11","slug":"calificacion-gp-de-abu-dhabi-yas-marina-2012-red-bull","status":"publish","type":"post","link":"http:\/\/www.michael-schumacher.es\/noticias-f1\/2012\/11\/03\/calificacion-gp-de-abu-dhabi-yas-marina-2012-red-bull\/","title":{"rendered":"Calificaci\u00f3n GP de Abu Dhabi, Yas Marina 2012. Red Bull"},"content":{"rendered":"<p><a href=\"http:\/\/www.michael-schumacher.es\/noticias-f1\/wp-content\/uploads\/2012\/09\/david_sarro.webber-1-mini.jpg\"><img loading=\"lazy\" class=\"alignleft size-full wp-image-3496\" title=\"Mark Webber 1 - Miniatura\" src=\"http:\/\/www.michael-schumacher.es\/noticias-f1\/wp-content\/uploads\/2012\/09\/david_sarro.webber-1-mini.jpg\" alt=\"\" width=\"200\" height=\"133\" \/><\/a>Mark Webber tuvo una fuerte sesi\u00f3n de clasificaci\u00f3n para el Gran Premio de Abu Dhabi y logro la posici\u00f3n segunda en la parrilla de salida. Sebastian Vettel consigui\u00f3 la tercera posici\u00f3n, una gran actuaci\u00f3n ya que el piloto apenas pudo probar en los terceros entrenamientos por un problema en sus frenos. Esta tercera posici\u00f3n le facilitaba y lo pon\u00eda en una fuerte posici\u00f3n para llevarse el mundial, ya que su inmediato rival solo califico s\u00e9ptimo, pero la FIA, lo ha penalizado y saldr\u00e1 desde el Pit Lane. Sin duda un duro golpe la decisi\u00f3n de la FIA, para el equipo y para Vettel que ha favorecido enormemente a su rival en el mundial. En cualquier caso el equipo intentara hacer la mejor carrera posible. Ahora parte de la suerte del equipo est\u00e1 en manos de Webber que deber\u00eda parar a Alonso y al resto de rivales de su compa\u00f1ero.<\/p>\n<p><!--more--> <!--noteaser--><\/p>\n<p><a href=\"http:\/\/www.michael-schumacher.es\/noticias-f1\/wp-content\/uploads\/2012\/09\/david_sarro.webber-1.jpg\"><img loading=\"lazy\" class=\"aligncenter size-full wp-image-3495\" title=\"Mark Webber 1 \" src=\"http:\/\/www.michael-schumacher.es\/noticias-f1\/wp-content\/uploads\/2012\/09\/david_sarro.webber-1.jpg\" alt=\"\" width=\"600\" height=\"400\" srcset=\"http:\/\/www.michael-schumacher.es\/noticias-f1\/wp-content\/uploads\/2012\/09\/david_sarro.webber-1.jpg 600w, http:\/\/www.michael-schumacher.es\/noticias-f1\/wp-content\/uploads\/2012\/09\/david_sarro.webber-1-300x200.jpg 300w\" sizes=\"(max-width: 600px) 100vw, 600px\" \/><\/a><\/p>\n<p>Mark Webber tuvo una fuerte sesi\u00f3n de clasificaci\u00f3n para el Gran Premio de Abu Dhabi y logro la posici\u00f3n segunda en la parrilla de salida. Sebastian Vettel consigui\u00f3 la tercera posici\u00f3n, una gran actuaci\u00f3n ya que el piloto apenas pudo probar en los terceros entrenamientos por un problema en sus frenos. Esta tercera posici\u00f3n le facilitaba y lo pon\u00eda en una fuerte posici\u00f3n para llevarse el mundial, ya que su inmediato rival solo califico s\u00e9ptimo, pero la FIA, lo ha penalizado y saldr\u00e1 desde el Pit Lane. Sin duda un duro golpe la decisi\u00f3n de la FIA, para el equipo y para Vettel que ha favorecido enormemente a su rival en el mundial. En cualquier caso el equipo intentara hacer la mejor carrera posible. Ahora parte de la suerte del equipo est\u00e1 en manos de Webber que deber\u00eda parar a Alonso y al resto de rivales de su compa\u00f1ero.<\/p>\n<p>&nbsp;<\/p>\n<p><strong>Mark Webber:<\/strong> \u00abEstoy contento con eso, fue una buena calificaci\u00f3n y me sent\u00ed contento con el coche. La temperatura de la pista se movi\u00f3 alrededor de la tarde para esta noche, as\u00ed que tienes que tener cuidado con c\u00f3mo funciona el coche, pero me sent\u00ed c\u00f3modo en las tres sesiones y tiene un buen impulso. McLaren eran fuertes, pero estamos en una buena posici\u00f3n y puede tener una buena carrera desde all\u00ed. \u00bb<\/p>\n<p>&nbsp;<\/p>\n<p><strong>Sebastian Vettel:<\/strong> \u201cEn tercer lugar en la Q3 fue un buen esfuerzo, pero que deber\u00eda haber hecho un poco mejor en la \u00faltima vuelta. Tuve un peque\u00f1o error en el \u00faltimo sector de mi \u00faltima vuelta r\u00e1pida, pero aun as\u00ed estaba bien para ser tercero. No estoy seguro de cu\u00e1l fue el problema en el final, me dijeron que s\u00f3lo que apagara el auto\u201d. En cuanto a iniciar la carrera de ma\u00f1ana desde la calle de boxes: \u00abUno de los mejores saltadores de esqu\u00ed de todos los tiempos dijo una vez: \u00abCada oportunidad es una oportunidad y en lo que a nosotros nos interesa todav\u00eda hay un mont\u00f3n de oportunidades ma\u00f1ana. \u00bb<\/p>\n<p>&nbsp;<\/p>\n<p><strong>Christian Horner:<\/strong> \u00abDurante la vuelta de desaceleraci\u00f3n despu\u00e9s de la \u00faltima vuelta de la Q3, Renault dio instrucciones de detener inmediatamente coche de Sebastian en el circuito debido a un problema con el sistema de combustible. Tras hablar con los comisarios, quienes aceptaron la situaci\u00f3n de fuerza mayor, por razones t\u00e9cnicas para que el coche estuviera parado, por desgracia, por razones a\u00fan no se entiende completamente, 850 ml, de un litro\u00a0 requerido fue bombeado fuera del coche para chequeos posteriores. Como resultado, la FIA ha excluido Sebasti\u00e1n de la calificaci\u00f3n y nosotros retiraremos el coche del parque cerrado con el fin de investigar m\u00e1s. Por ello, Sebasti\u00e1n empezara desde el pit lane para la carrera de ma\u00f1ana. Necesitaremos hacer lo mejor de la fuerte posici\u00f3n en la parrilla de primera fila de Mark y Sebasti\u00e1n tendr\u00e1 una ocupada noche por delante de \u00e9l. \u00bb<\/p>\n<p>&nbsp;<\/p>\n<p><strong>Imagen:<\/strong> David Sarr\u00f3<\/p>\n<div class=\"sharedaddy sd-sharing-enabled\"><div class=\"robots-nocontent sd-block sd-social sd-social-official sd-sharing\"><h3 class=\"sd-title\">Opciones Sociales:<\/h3><div class=\"sd-content\"><ul><li class=\"share-facebook\"><div class=\"fb-share-button\" data-href=\"http:\/\/www.michael-schumacher.es\/noticias-f1\/2012\/11\/03\/calificacion-gp-de-abu-dhabi-yas-marina-2012-red-bull\/\" data-layout=\"button_count\"><\/div><\/li><li class=\"share-twitter\"><a href=\"https:\/\/twitter.com\/share\" class=\"twitter-share-button\" data-url=\"http:\/\/www.michael-schumacher.es\/noticias-f1\/2012\/11\/03\/calificacion-gp-de-abu-dhabi-yas-marina-2012-red-bull\/\" data-text=\"Calificaci\u00f3n GP de Abu Dhabi, Yas Marina 2012. Red Bull\"  >Tweet<\/a><\/li><li class=\"share-email\"><a rel=\"nofollow noopener noreferrer\" data-shared=\"\" class=\"share-email sd-button\" href=\"http:\/\/www.michael-schumacher.es\/noticias-f1\/2012\/11\/03\/calificacion-gp-de-abu-dhabi-yas-marina-2012-red-bull\/?share=email\" target=\"_blank\" title=\"Haz clic para enviar por correo electr\u00f3nico a un amigo\"><span>Correo electr\u00f3nico<\/span><\/a><\/li><li class=\"share-end\"><\/li><\/ul><\/div><\/div><\/div>","protected":false},"excerpt":{"rendered":"<p>Mark Webber tuvo una fuerte sesi\u00f3n de clasificaci\u00f3n para el Gran Premio de Abu Dhabi y logro la posici\u00f3n segunda en la parrilla de salida. Sebastian Vettel consigui\u00f3 la tercera posici\u00f3n, una gran actuaci\u00f3n ya que el piloto apenas pudo probar en los terceros entrenamientos por un problema en sus frenos. Esta tercera posici\u00f3n le [&hellip;]<\/p>\n<div class=\"sharedaddy sd-sharing-enabled\"><div class=\"robots-nocontent sd-block sd-social sd-social-official sd-sharing\"><h3 class=\"sd-title\">Opciones Sociales:<\/h3><div class=\"sd-content\"><ul><li class=\"share-facebook\"><div class=\"fb-share-button\" data-href=\"http:\/\/www.michael-schumacher.es\/noticias-f1\/2012\/11\/03\/calificacion-gp-de-abu-dhabi-yas-marina-2012-red-bull\/\" data-layout=\"button_count\"><\/div><\/li><li class=\"share-twitter\"><a href=\"https:\/\/twitter.com\/share\" class=\"twitter-share-button\" data-url=\"http:\/\/www.michael-schumacher.es\/noticias-f1\/2012\/11\/03\/calificacion-gp-de-abu-dhabi-yas-marina-2012-red-bull\/\" data-text=\"Calificaci\u00f3n GP de Abu Dhabi, Yas Marina 2012. Red Bull\"  >Tweet<\/a><\/li><li class=\"share-email\"><a rel=\"nofollow noopener noreferrer\" data-shared=\"\" class=\"share-email sd-button\" href=\"http:\/\/www.michael-schumacher.es\/noticias-f1\/2012\/11\/03\/calificacion-gp-de-abu-dhabi-yas-marina-2012-red-bull\/?share=email\" target=\"_blank\" title=\"Haz clic para enviar por correo electr\u00f3nico a un amigo\"><span>Correo electr\u00f3nico<\/span><\/a><\/li><li class=\"share-end\"><\/li><\/ul><\/div><\/div><\/div>","protected":false},"author":3,"featured_media":0,"comment_status":"open","ping_status":"open","sticky":false,"template":"","format":"standard","meta":{"_monsterinsights_skip_tracking":false,"_monsterinsights_sitenote_active":false,"_monsterinsights_sitenote_note":"","_monsterinsights_sitenote_category":0,"spay_email":"","jetpack_publicize_message":"","jetpack_is_tweetstorm":false,"jetpack_publicize_feature_enabled":true},"categories":[68,3],"tags":[14,781,155,159,17,15,6,72,51,71,30,73,1788],"jetpack_featured_media_url":"","jetpack_publicize_connections":[],"jetpack_sharing_enabled":true,"jetpack_shortlink":"https:\/\/wp.me\/p27q3P-1sa","_links":{"self":[{"href":"http:\/\/www.michael-schumacher.es\/noticias-f1\/wp-json\/wp\/v2\/posts\/5590"}],"collection":[{"href":"http:\/\/www.michael-schumacher.es\/noticias-f1\/wp-json\/wp\/v2\/posts"}],"about":[{"href":"http:\/\/www.michael-schumacher.es\/noticias-f1\/wp-json\/wp\/v2\/types\/post"}],"author":[{"embeddable":true,"href":"http:\/\/www.michael-schumacher.es\/noticias-f1\/wp-json\/wp\/v2\/users\/3"}],"replies":[{"embeddable":true,"href":"http:\/\/www.michael-schumacher.es\/noticias-f1\/wp-json\/wp\/v2\/comments?post=5590"}],"version-history":[{"count":0,"href":"http:\/\/www.michael-schumacher.es\/noticias-f1\/wp-json\/wp\/v2\/posts\/5590\/revisions"}],"wp:attachment":[{"href":"http:\/\/www.michael-schumacher.es\/noticias-f1\/wp-json\/wp\/v2\/media?parent=5590"}],"wp:term":[{"taxonomy":"category","embeddable":true,"href":"http:\/\/www.michael-schumacher.es\/noticias-f1\/wp-json\/wp\/v2\/categories?post=5590"},{"taxonomy":"post_tag","embeddable":true,"href":"http:\/\/www.michael-schumacher.es\/noticias-f1\/wp-json\/wp\/v2\/tags?post=5590"}],"curies":[{"name":"wp","href":"https:\/\/api.w.org\/{rel}","templated":true}]}}