{"id":5646,"date":"2012-11-04T21:12:10","date_gmt":"2012-11-04T20:12:10","guid":{"rendered":"http:\/\/www.michael-schumacher.es\/noticias-f1\/?p=5646"},"modified":"2012-11-04T21:12:10","modified_gmt":"2012-11-04T20:12:10","slug":"balance-gp-de-abu-dhabi-yas-marina-2012-sauber","status":"publish","type":"post","link":"http:\/\/www.michael-schumacher.es\/noticias-f1\/2012\/11\/04\/balance-gp-de-abu-dhabi-yas-marina-2012-sauber\/","title":{"rendered":"Balance GP de Abu Dhabi, Yas Marina 2012. Sauber"},"content":{"rendered":"<p><a href=\"http:\/\/www.michael-schumacher.es\/noticias-f1\/wp-content\/uploads\/2012\/09\/sergio-perez-2-mini.jpg\"><img loading=\"lazy\" class=\"alignleft size-full wp-image-4053\" title=\"Sergio P\u00e9rez 2 - Miniatura\" src=\"http:\/\/www.michael-schumacher.es\/noticias-f1\/wp-content\/uploads\/2012\/09\/sergio-perez-2-mini.jpg\" alt=\"\" width=\"200\" height=\"133\" \/><\/a>En el tenso y emocionante Gran Premio de Abu Dhabi el equipo Sauber F1 logro ocho puntos en el campeonato y por lo tanto reduce la distancia con el quinto puesto en el Campeonato Mundial de Constructores con 12 puntos en dos carreras restantes. Kamui Kobayashi ha hecho un gran trabajo. Era el 15 de salida y finalizo sexto. Sergio P\u00e9rez tambi\u00e9n parec\u00eda poder terminar en los puntos en el camino, perdi\u00f3 sus oportunidades, pero en lavuelta 38 en la batalla por el quinto lugar. Con una parada extra y una penalizaci\u00f3n de tiempo por fin lleg\u00f3 estaba 15 cunado su carrera termino. Ahora el equipo intentara hacerlo mejor en las dos carreras que quedan porque tienen buen ritmo.<\/p>\n<p><!--more--> <!--noteaser--><\/p>\n<p><a href=\"http:\/\/www.michael-schumacher.es\/noticias-f1\/wp-content\/uploads\/2012\/09\/sergio-perez-2.jpg\"><img loading=\"lazy\" class=\"aligncenter size-full wp-image-4052\" title=\"Sergio P\u00e9rez 2\" src=\"http:\/\/www.michael-schumacher.es\/noticias-f1\/wp-content\/uploads\/2012\/09\/sergio-perez-2.jpg\" alt=\"\" width=\"600\" height=\"400\" srcset=\"http:\/\/www.michael-schumacher.es\/noticias-f1\/wp-content\/uploads\/2012\/09\/sergio-perez-2.jpg 600w, http:\/\/www.michael-schumacher.es\/noticias-f1\/wp-content\/uploads\/2012\/09\/sergio-perez-2-300x200.jpg 300w\" sizes=\"(max-width: 600px) 100vw, 600px\" \/><\/a><\/p>\n<p>En el tenso y emocionante Gran Premio de Abu Dhabi el equipo Sauber F1 logro ocho puntos en el campeonato y por lo tanto reduce la distancia con el quinto puesto en el Campeonato Mundial de Constructores con 12 puntos en dos carreras restantes. Kamui Kobayashi ha hecho un gran trabajo. Era el 15 de salida y finalizo sexto. Sergio P\u00e9rez tambi\u00e9n parec\u00eda poder terminar en los puntos en el camino, perdi\u00f3 sus oportunidades, pero en lavuelta 38 en la batalla por el quinto lugar. Con una parada extra y una penalizaci\u00f3n de tiempo por fin lleg\u00f3 estaba 15 cunado su carrera termino. Ahora el equipo intentara hacerlo mejor en las dos carreras que quedan porque tienen buen ritmo.<\/p>\n<p>&nbsp;<\/p>\n<p><strong>Kamui Kobayashi:<\/strong> \u00abEl una carrera dif\u00edcil, y estoy muy contento de que yo era capaz de obtener estos ocho puntos para el equipo. Va a ser muy emocionante en las otras dos carreras a\u00fan luchar por la quinta posici\u00f3n del campeonato. Por desgracia, no pod\u00eda utilizar todo el potencial del coche. Tuvimos un problema con la reducci\u00f3n de marchas. Por lo que el KERS no carga correctamente, y yo no ten\u00eda impulso completo disponible. Aparte de eso mi carrera ha sido buena. Tuve un buen comienzo, y el equipo ha hecho en relaci\u00f3n con la estrategia y la parada en boxes un gran trabajo\u00bb.<\/p>\n<p>&nbsp;<\/p>\n<p><strong>Sergio P\u00e9rez:<\/strong> \u00abParec\u00eda muy bueno para nosotros en la carrera de hoy. Incluso tuve la sensaci\u00f3n de que podr\u00edamos llegar al podio. Pero entonces me qued\u00e9 atrapado despu\u00e9s de mi parada en boxes detr\u00e1s de Romain Grosjean y Paul di Resta. Pas\u00f3 porque mi coche en las rectas no era lo suficientemente r\u00e1pido. Ten\u00eda que arriesgar mucho para adelantar. Y estoy desgraciadamente colisione con el Lotus, y mi carrera hab\u00eda terminado. Es una l\u00e1stima, lo est\u00e1bamos haciendo muy bien hoy\u00bb.<\/p>\n<p>&nbsp;<\/p>\n<p><strong>Monisha Kaltenborn, director del equipo<\/strong>: \u00abEstoy muy contenta con estos puntos porque son muy valiosos para nuestra posici\u00f3n en el Campeonato de Constructores. Ellos nos permiten seguir luchando por una mejor posici\u00f3n. Kamui hoy ha entregado una gran actuaci\u00f3n, aunque su coche no estaba del todo bien. Est\u00e1bamos en una buena posici\u00f3n para obtener una gran cantidad de puntos hoy, y la situaci\u00f3n con Sergio fue muy infeliz. Sin embargo, ahora estamos deseando que llegue el resto de los dos Grandes Premios. Vamos a luchar\u00bb.<\/p>\n<p>&nbsp;<\/p>\n<p><strong>Giampaolo Dall&#8217;Ara, ingeniero principal en la pista:<\/strong> \u00abLa carrera parec\u00eda evolucionar con bastante facilidad, pero luego sali\u00f3 de otra manera. Al iniciar los dos pilotos fue bien, volvieron al lugar octavo y noveno en la primera ronda. Algunos competidores directos estaban detr\u00e1s de nosotros, y en general se ve\u00eda en la d\u00e9cima vuelta realmente prometedor. Luego vino el per\u00edodo de coche de seguridad en primer lugar, se restablecieron las brechas que se hab\u00edan acumulado. Hab\u00edamos optado por la estrategia de una sola parada, y ambos pilotos han trabajado bien hacia adelante. Entonces accidente de Sergio pas\u00f3. Lo bueno era, despu\u00e9s de todo, eso Kamui ganando algunos lugares. Tuvimos algunos problemas con el coche, que cost\u00f3 el rendimiento, pero la situaci\u00f3n estaba bajo control. Hubo un problema al bajar el cambio, por lo que el KERS no ha podido cargar correctamente. Kamui no recibi\u00f3 el impulso completo que se encuentra disponible. Es lamentable que hoy en d\u00eda hemos perdido algunos puntos, porque eran r\u00e1pidos en la carrera, podemos seguir luchando. \u00bb<\/p>\n<p>&nbsp;<\/p>\n<p><strong>Imagen:<\/strong> David Sarr\u00f3<\/p>\n<div class=\"sharedaddy sd-sharing-enabled\"><div class=\"robots-nocontent sd-block sd-social sd-social-official sd-sharing\"><h3 class=\"sd-title\">Opciones Sociales:<\/h3><div class=\"sd-content\"><ul><li class=\"share-facebook\"><div class=\"fb-share-button\" data-href=\"http:\/\/www.michael-schumacher.es\/noticias-f1\/2012\/11\/04\/balance-gp-de-abu-dhabi-yas-marina-2012-sauber\/\" data-layout=\"button_count\"><\/div><\/li><li class=\"share-twitter\"><a href=\"https:\/\/twitter.com\/share\" class=\"twitter-share-button\" data-url=\"http:\/\/www.michael-schumacher.es\/noticias-f1\/2012\/11\/04\/balance-gp-de-abu-dhabi-yas-marina-2012-sauber\/\" data-text=\"Balance GP de Abu Dhabi, Yas Marina 2012. Sauber\"  >Tweet<\/a><\/li><li class=\"share-email\"><a rel=\"nofollow noopener noreferrer\" data-shared=\"\" class=\"share-email sd-button\" href=\"http:\/\/www.michael-schumacher.es\/noticias-f1\/2012\/11\/04\/balance-gp-de-abu-dhabi-yas-marina-2012-sauber\/?share=email\" target=\"_blank\" title=\"Haz clic para enviar por correo electr\u00f3nico a un amigo\"><span>Correo electr\u00f3nico<\/span><\/a><\/li><li class=\"share-end\"><\/li><\/ul><\/div><\/div><\/div>","protected":false},"excerpt":{"rendered":"<p>En el tenso y emocionante Gran Premio de Abu Dhabi el equipo Sauber F1 logro ocho puntos en el campeonato y por lo tanto reduce la distancia con el quinto puesto en el Campeonato Mundial de Constructores con 12 puntos en dos carreras restantes. Kamui Kobayashi ha hecho un gran trabajo. Era el 15 de [&hellip;]<\/p>\n<div class=\"sharedaddy sd-sharing-enabled\"><div class=\"robots-nocontent sd-block sd-social sd-social-official sd-sharing\"><h3 class=\"sd-title\">Opciones Sociales:<\/h3><div class=\"sd-content\"><ul><li class=\"share-facebook\"><div class=\"fb-share-button\" data-href=\"http:\/\/www.michael-schumacher.es\/noticias-f1\/2012\/11\/04\/balance-gp-de-abu-dhabi-yas-marina-2012-sauber\/\" data-layout=\"button_count\"><\/div><\/li><li class=\"share-twitter\"><a href=\"https:\/\/twitter.com\/share\" class=\"twitter-share-button\" data-url=\"http:\/\/www.michael-schumacher.es\/noticias-f1\/2012\/11\/04\/balance-gp-de-abu-dhabi-yas-marina-2012-sauber\/\" data-text=\"Balance GP de Abu Dhabi, Yas Marina 2012. Sauber\"  >Tweet<\/a><\/li><li class=\"share-email\"><a rel=\"nofollow noopener noreferrer\" data-shared=\"\" class=\"share-email sd-button\" href=\"http:\/\/www.michael-schumacher.es\/noticias-f1\/2012\/11\/04\/balance-gp-de-abu-dhabi-yas-marina-2012-sauber\/?share=email\" target=\"_blank\" title=\"Haz clic para enviar por correo electr\u00f3nico a un amigo\"><span>Correo electr\u00f3nico<\/span><\/a><\/li><li class=\"share-end\"><\/li><\/ul><\/div><\/div><\/div>","protected":false},"author":3,"featured_media":0,"comment_status":"open","ping_status":"open","sticky":false,"template":"","format":"standard","meta":{"_monsterinsights_skip_tracking":false,"_monsterinsights_sitenote_active":false,"_monsterinsights_sitenote_note":"","_monsterinsights_sitenote_category":0,"spay_email":"","jetpack_publicize_message":"","jetpack_is_tweetstorm":false,"jetpack_publicize_feature_enabled":true},"categories":[4,3],"tags":[14,781,401,64,17,15,6,87,88,90,86,89,1788],"jetpack_featured_media_url":"","jetpack_publicize_connections":[],"jetpack_sharing_enabled":true,"jetpack_shortlink":"https:\/\/wp.me\/p27q3P-1t4","_links":{"self":[{"href":"http:\/\/www.michael-schumacher.es\/noticias-f1\/wp-json\/wp\/v2\/posts\/5646"}],"collection":[{"href":"http:\/\/www.michael-schumacher.es\/noticias-f1\/wp-json\/wp\/v2\/posts"}],"about":[{"href":"http:\/\/www.michael-schumacher.es\/noticias-f1\/wp-json\/wp\/v2\/types\/post"}],"author":[{"embeddable":true,"href":"http:\/\/www.michael-schumacher.es\/noticias-f1\/wp-json\/wp\/v2\/users\/3"}],"replies":[{"embeddable":true,"href":"http:\/\/www.michael-schumacher.es\/noticias-f1\/wp-json\/wp\/v2\/comments?post=5646"}],"version-history":[{"count":0,"href":"http:\/\/www.michael-schumacher.es\/noticias-f1\/wp-json\/wp\/v2\/posts\/5646\/revisions"}],"wp:attachment":[{"href":"http:\/\/www.michael-schumacher.es\/noticias-f1\/wp-json\/wp\/v2\/media?parent=5646"}],"wp:term":[{"taxonomy":"category","embeddable":true,"href":"http:\/\/www.michael-schumacher.es\/noticias-f1\/wp-json\/wp\/v2\/categories?post=5646"},{"taxonomy":"post_tag","embeddable":true,"href":"http:\/\/www.michael-schumacher.es\/noticias-f1\/wp-json\/wp\/v2\/tags?post=5646"}],"curies":[{"name":"wp","href":"https:\/\/api.w.org\/{rel}","templated":true}]}}