{"id":5674,"date":"2012-11-05T00:27:00","date_gmt":"2012-11-04T23:27:00","guid":{"rendered":"http:\/\/www.michael-schumacher.es\/noticias-f1\/?p=5674"},"modified":"2012-11-05T00:27:00","modified_gmt":"2012-11-04T23:27:00","slug":"balance-gp-de-abu-dhabi-yas-marina-2012-red-bull","status":"publish","type":"post","link":"http:\/\/www.michael-schumacher.es\/noticias-f1\/2012\/11\/05\/balance-gp-de-abu-dhabi-yas-marina-2012-red-bull\/","title":{"rendered":"Balance GP de Abu Dhabi, Yas Marina 2012. Red Bull"},"content":{"rendered":"<p><a href=\"http:\/\/www.michael-schumacher.es\/noticias-f1\/wp-content\/uploads\/2012\/11\/david_sarro.vettel-2-mini.jpg\"><img loading=\"lazy\" class=\"alignleft size-full wp-image-5682\" title=\"david_sarro.vettel-2-mini\" src=\"http:\/\/www.michael-schumacher.es\/noticias-f1\/wp-content\/uploads\/2012\/11\/david_sarro.vettel-2-mini.jpg\" alt=\"\" width=\"200\" height=\"133\" \/><\/a>Sebastian Vettel que sal\u00eda \u00faltimo desde el Pit Lane, ha conseguido un incre\u00edble podio en tercera posici\u00f3n y con el m\u00e9rito a\u00f1adido de que ha partido dos veces desde el final. Pod\u00eda haber sido una enorme p\u00e9rdida de puntos saliendo el ultimo pero se las arreglado maravillosamente para perder solamente tres de la ventaja que tiene sobre su rival de Ferrari Alonso. Por lo que Vettel con su magn\u00edfica carrera consigue seguir l\u00edder del Campeonato con una ventaja de diez puntos. Mark Webber no ha tenido una carrera tan buena como su compa\u00f1ero, empez\u00f3 con poca potencia y dejo pasar sin poner problemas a Fernando Alonso, sigui\u00f3 sin mucha competencia, hasta que se vio obligado a retirarse tras un toque con Grosjean. El equipo ahora tiene toda la motivaci\u00f3n despu\u00e9s de la impresionante carrera de Vettel y todas las opciones a ganar ambos campeonatos, as\u00ed que esperan con inter\u00e9s las pr\u00f3ximas carreras.<\/p>\n<p><!--more--> <!--noteaser--><\/p>\n<p><a href=\"http:\/\/www.michael-schumacher.es\/noticias-f1\/wp-content\/uploads\/2012\/11\/david_sarro.vettel-2.jpg\"><img loading=\"lazy\" class=\"aligncenter size-full wp-image-5681\" title=\"Sebastian Vettel 2 \" src=\"http:\/\/www.michael-schumacher.es\/noticias-f1\/wp-content\/uploads\/2012\/11\/david_sarro.vettel-2.jpg\" alt=\"\" width=\"650\" height=\"433\" srcset=\"http:\/\/www.michael-schumacher.es\/noticias-f1\/wp-content\/uploads\/2012\/11\/david_sarro.vettel-2.jpg 650w, http:\/\/www.michael-schumacher.es\/noticias-f1\/wp-content\/uploads\/2012\/11\/david_sarro.vettel-2-300x199.jpg 300w\" sizes=\"(max-width: 650px) 100vw, 650px\" \/><\/a><\/p>\n<p>Sebastian Vettel que sal\u00eda \u00faltimo desde el Pit Lane, ha conseguido un incre\u00edble podio en tercera posici\u00f3n y con el m\u00e9rito a\u00f1adido de que ha partido dos veces desde el final. Pod\u00eda haber sido una enorme p\u00e9rdida de puntos saliendo el ultimo pero se las arreglado maravillosamente para perder solamente tres de la ventaja que tiene sobre su rival de Ferrari Alonso. Por lo que Vettel con su magn\u00edfica carrera consigue seguir l\u00edder del Campeonato con una ventaja de diez puntos. Mark Webber no ha tenido una carrera tan buena como su compa\u00f1ero, empez\u00f3 con poca potencia y dejo pasar sin poner problemas a Fernando Alonso, sigui\u00f3 sin mucha competencia, hasta que se vio obligado a retirarse tras un toque con Grosjean. El equipo ahora tiene toda la motivaci\u00f3n despu\u00e9s de la impresionante carrera de Vettel y todas las opciones a ganar ambos campeonatos, as\u00ed que esperan con inter\u00e9s las pr\u00f3ximas carreras.<\/p>\n<p>&nbsp;<\/p>\n<p><strong>Sebastian Vettel:<\/strong> \u00abHa sido una buena carrera para nosotros hoy, una gran oportunidad para Ferrari y Fernando, pero no lo permitimos. Lo disfrut\u00e9 mucho hoy, m\u00e1s que nada. Da\u00f1\u00e9 el aler\u00f3n delantero bastante temprano con Bruno, lo que no era ideal, pero hemos sido capaces de seguir adelante y no perder demasiado. Luego, durante el coche de seguridad, tal vez no le prest\u00e9 suficiente atenci\u00f3n. Daniel se estaba reduciendo, justo cuando estaba calentando los neum\u00e1ticos y me sorprendi\u00f3. Tuve que ir a la derecha y golpe\u00f3 el tablero DRS, que da\u00f1\u00f3 el aler\u00f3n delantero. Fue el peor momento de tener que entrar en boxes cuando estaba en\u00a0 P13 y empezar de nuevo a la parte posterior del campo, entonces yo ten\u00eda que hacerlo todo de nuevo, pasando por todos, desde la parte posterior. Al final, para terminar tercero en el podio es fant\u00e1stico\u201d.<\/p>\n<p>&nbsp;<\/p>\n<p><strong>Mark Webber<\/strong>: \u00abNo hay nada realmente funcion\u00f3 para nosotros hoy. Creo que eramos fuertes, pero nunca nos dieron aire libre y es dif\u00edcil aqu\u00ed con el tr\u00e1fico, vimos bastantes pocos incidentes donde la gente estaba tratando de pasar. En \u00faltima instancia, en el incidente que puso fin a mi carrera, he tratado de ir por el interior de los coches de delante cuando se puso en contacto, pens\u00e9 que era una oportunidad, pero luego Grosjean se puso en contacto con mi coche y era el final para nosotros. Lo que tratamos hoy, simplemente no estaba funcionando\u201d.<\/p>\n<p>&nbsp;<\/p>\n<p><strong>Christian Horner , jefe de equipo:<\/strong> \u00abDespu\u00e9s de los problemas de ayer, fue un notable regreso de Sebasti\u00e1n para terminar en el podio. Hemos elegido para comenzar desde el pit lane, as\u00ed que pudimos hacer algunos cambios de configuraci\u00f3n en el coche. Despu\u00e9s de un comienzo prometedor, a pesar de recoger algunos da\u00f1os en el aler\u00f3n delantero despu\u00e9s de un incidente con Bruno Senna, Sebasti\u00e1n tuvo otro incidente tras el coche de seguridad por primera vez cuando Daniel Ricciardo le cogi\u00f3 por sorpresa y acab\u00f3 con pegando en el marcador DRS. Esto hizo necesario un cambio de nariz y un cambio en nuestra estrategia. Seb estaba en la parte de atr\u00e1s del campo y una vez m\u00e1s tuvo que trabajar su camino a trav\u00e9s. \u00c9l ha hecho una carrera incre\u00edble hoy y su movimiento final sobre Jenson fue bastante excepcional. Para ir desde el pit lane al podio era algo que s\u00f3lo pod\u00eda so\u00f1ar antes de la carrera. Para Marcos, lamentablemente despu\u00e9s lo que no es un gran comienzo, se vio involucrado en un incidente con Maldonado que le dio la vuelta y le cost\u00f3 tiempo, justo cuando estaba tratando de regresar a por Fernando Alonso. Se recuper\u00f3 bien y hizo nuestra parada, que fue el m\u00e1s r\u00e1pido del d\u00eda y lo consigui\u00f3 por delante de Maldonado que \u00e9l estaba corriendo en ese momento. Luego, a medida que se acercaba hacia abajo en los coches de delante, un incidente con P\u00e9rez, Grosjean y Di Resta lo dej\u00f3 sin un lugar donde ir y desafortunadamente fue v\u00edctima de sus acciones. Sin embargo nos vamos con los puntos importantes para el de Constructores y de Pilotos t\u00edtulos de hoy en d\u00eda y todo sigue para jugar dentro de dos semanas\u201d.<\/p>\n<p>&nbsp;<\/p>\n<p><strong>Cyril Dumont, Renault:<\/strong> \u00abUn resultado fant\u00e1stico para Sebastian, pero la mala suerte para Mark, que hab\u00eda estado teniendo un buena carrera hasta su accidente. Fue un gran esfuerzo de equipo para mantenernos bien en la lucha por los dos t\u00edtulos. Partir dos veces desde la \u00faltima posici\u00f3n efectiva significa que hay mucho que hacer, pero todos los involucrados han trabajado bien y que podemos esperar que sea a\u00fan mejor la pr\u00f3xima vez en Austin. \u00bb<\/p>\n<p>&nbsp;<\/p>\n<p><strong>Imagen:<\/strong> David Sarr\u00f3<\/p>\n<div class=\"sharedaddy sd-sharing-enabled\"><div class=\"robots-nocontent sd-block sd-social sd-social-official sd-sharing\"><h3 class=\"sd-title\">Opciones Sociales:<\/h3><div class=\"sd-content\"><ul><li class=\"share-facebook\"><div class=\"fb-share-button\" data-href=\"http:\/\/www.michael-schumacher.es\/noticias-f1\/2012\/11\/05\/balance-gp-de-abu-dhabi-yas-marina-2012-red-bull\/\" data-layout=\"button_count\"><\/div><\/li><li class=\"share-twitter\"><a href=\"https:\/\/twitter.com\/share\" class=\"twitter-share-button\" data-url=\"http:\/\/www.michael-schumacher.es\/noticias-f1\/2012\/11\/05\/balance-gp-de-abu-dhabi-yas-marina-2012-red-bull\/\" data-text=\"Balance GP de Abu Dhabi, Yas Marina 2012. Red Bull\"  >Tweet<\/a><\/li><li class=\"share-email\"><a rel=\"nofollow noopener noreferrer\" data-shared=\"\" class=\"share-email sd-button\" href=\"http:\/\/www.michael-schumacher.es\/noticias-f1\/2012\/11\/05\/balance-gp-de-abu-dhabi-yas-marina-2012-red-bull\/?share=email\" target=\"_blank\" title=\"Haz clic para enviar por correo electr\u00f3nico a un amigo\"><span>Correo electr\u00f3nico<\/span><\/a><\/li><li class=\"share-end\"><\/li><\/ul><\/div><\/div><\/div>","protected":false},"excerpt":{"rendered":"<p>Sebastian Vettel que sal\u00eda \u00faltimo desde el Pit Lane, ha conseguido un incre\u00edble podio en tercera posici\u00f3n y con el m\u00e9rito a\u00f1adido de que ha partido dos veces desde el final. Pod\u00eda haber sido una enorme p\u00e9rdida de puntos saliendo el ultimo pero se las arreglado maravillosamente para perder solamente tres de la ventaja que [&hellip;]<\/p>\n<div class=\"sharedaddy sd-sharing-enabled\"><div class=\"robots-nocontent sd-block sd-social sd-social-official sd-sharing\"><h3 class=\"sd-title\">Opciones Sociales:<\/h3><div class=\"sd-content\"><ul><li class=\"share-facebook\"><div class=\"fb-share-button\" data-href=\"http:\/\/www.michael-schumacher.es\/noticias-f1\/2012\/11\/05\/balance-gp-de-abu-dhabi-yas-marina-2012-red-bull\/\" data-layout=\"button_count\"><\/div><\/li><li class=\"share-twitter\"><a href=\"https:\/\/twitter.com\/share\" class=\"twitter-share-button\" data-url=\"http:\/\/www.michael-schumacher.es\/noticias-f1\/2012\/11\/05\/balance-gp-de-abu-dhabi-yas-marina-2012-red-bull\/\" data-text=\"Balance GP de Abu Dhabi, Yas Marina 2012. Red Bull\"  >Tweet<\/a><\/li><li class=\"share-email\"><a rel=\"nofollow noopener noreferrer\" data-shared=\"\" class=\"share-email sd-button\" href=\"http:\/\/www.michael-schumacher.es\/noticias-f1\/2012\/11\/05\/balance-gp-de-abu-dhabi-yas-marina-2012-red-bull\/?share=email\" target=\"_blank\" title=\"Haz clic para enviar por correo electr\u00f3nico a un amigo\"><span>Correo electr\u00f3nico<\/span><\/a><\/li><li class=\"share-end\"><\/li><\/ul><\/div><\/div><\/div>","protected":false},"author":3,"featured_media":0,"comment_status":"open","ping_status":"open","sticky":false,"template":"","format":"standard","meta":{"_monsterinsights_skip_tracking":false,"_monsterinsights_sitenote_active":false,"_monsterinsights_sitenote_note":"","_monsterinsights_sitenote_category":0,"spay_email":"","jetpack_publicize_message":"","jetpack_is_tweetstorm":false,"jetpack_publicize_feature_enabled":true},"categories":[4,3],"tags":[14,781,401,64,17,15,6,72,1811,197,51,1812,71,30,73,1788],"jetpack_featured_media_url":"","jetpack_publicize_connections":[],"jetpack_sharing_enabled":true,"jetpack_shortlink":"https:\/\/wp.me\/p27q3P-1tw","_links":{"self":[{"href":"http:\/\/www.michael-schumacher.es\/noticias-f1\/wp-json\/wp\/v2\/posts\/5674"}],"collection":[{"href":"http:\/\/www.michael-schumacher.es\/noticias-f1\/wp-json\/wp\/v2\/posts"}],"about":[{"href":"http:\/\/www.michael-schumacher.es\/noticias-f1\/wp-json\/wp\/v2\/types\/post"}],"author":[{"embeddable":true,"href":"http:\/\/www.michael-schumacher.es\/noticias-f1\/wp-json\/wp\/v2\/users\/3"}],"replies":[{"embeddable":true,"href":"http:\/\/www.michael-schumacher.es\/noticias-f1\/wp-json\/wp\/v2\/comments?post=5674"}],"version-history":[{"count":0,"href":"http:\/\/www.michael-schumacher.es\/noticias-f1\/wp-json\/wp\/v2\/posts\/5674\/revisions"}],"wp:attachment":[{"href":"http:\/\/www.michael-schumacher.es\/noticias-f1\/wp-json\/wp\/v2\/media?parent=5674"}],"wp:term":[{"taxonomy":"category","embeddable":true,"href":"http:\/\/www.michael-schumacher.es\/noticias-f1\/wp-json\/wp\/v2\/categories?post=5674"},{"taxonomy":"post_tag","embeddable":true,"href":"http:\/\/www.michael-schumacher.es\/noticias-f1\/wp-json\/wp\/v2\/tags?post=5674"}],"curies":[{"name":"wp","href":"https:\/\/api.w.org\/{rel}","templated":true}]}}