{"id":5761,"date":"2012-11-07T10:44:29","date_gmt":"2012-11-07T09:44:29","guid":{"rendered":"http:\/\/www.michael-schumacher.es\/noticias-f1\/?p=5761"},"modified":"2012-11-07T10:44:29","modified_gmt":"2012-11-07T09:44:29","slug":"whitmarsh-solo-el-tiempo-dira-si-perez-ha-sido-lo-correcto","status":"publish","type":"post","link":"http:\/\/www.michael-schumacher.es\/noticias-f1\/2012\/11\/07\/whitmarsh-solo-el-tiempo-dira-si-perez-ha-sido-lo-correcto\/","title":{"rendered":"Whitmarsh: S\u00f3lo el tiempo dir\u00e1 si P\u00e9rez ha sido lo correcto"},"content":{"rendered":"<p><a href=\"http:\/\/www.michael-schumacher.es\/noticias-f1\/wp-content\/uploads\/2012\/09\/martin-whitmarsh.jpg\"><img loading=\"lazy\" class=\"alignleft\" title=\"Martin Whitmarsh\" src=\"http:\/\/www.michael-schumacher.es\/noticias-f1\/wp-content\/uploads\/2012\/09\/martin-whitmarsh.jpg\" alt=\"\" width=\"200\" height=\"112\" \/><\/a>Mclaren se decidi\u00f3 por el piloto mexicano Sergio P\u00e9rez para el equipo como compa\u00f1ero de \u00a0Jenson Button tras la salida de Lewis Hamilton \u00a0del equipo de Woking, para irse a Mercedes. El el jefe del equipo Martin Whitmarsh ,dice que va a salir de dudas el pr\u00f3ximo a\u00f1o.<\/p>\n<p><!--more--> <!--noteaser--><\/p>\n<p><a href=\"http:\/\/www.michael-schumacher.es\/noticias-f1\/wp-content\/uploads\/2012\/09\/martin-whitmarsh.jpg\"><img loading=\"lazy\" class=\"aligncenter size-full wp-image-4493\" title=\"Martin Whitmarsh\" src=\"http:\/\/www.michael-schumacher.es\/noticias-f1\/wp-content\/uploads\/2012\/09\/martin-whitmarsh.jpg\" alt=\"\" width=\"648\" height=\"364\" srcset=\"http:\/\/www.michael-schumacher.es\/noticias-f1\/wp-content\/uploads\/2012\/09\/martin-whitmarsh.jpg 648w, http:\/\/www.michael-schumacher.es\/noticias-f1\/wp-content\/uploads\/2012\/09\/martin-whitmarsh-300x168.jpg 300w\" sizes=\"(max-width: 648px) 100vw, 648px\" \/><\/a><\/p>\n<p>Mclaren se decidi\u00f3 por el piloto mexicano Sergio P\u00e9rez para el equipo como compa\u00f1ero de \u00a0Jenson Button tras la salida de Lewis Hamilton \u00a0del equipo de Woking, para irse a Mercedes. El el jefe del equipo Martin Whitmarsh ,dice que va a salir de dudas el pr\u00f3ximo a\u00f1o.<\/p>\n<p>&nbsp;<\/p>\n<p>P\u00e9rez el piloto M\u00e9xicano de 22 a\u00f1os no ha logrado puntuar en cuatro carreras, desde que en septiembre cuando se hizo p\u00fablico que ser\u00eda el sustituto de Lewis Hamilton. P\u00e9rez\u00a0 antes de hacerse p\u00fablico su contrato con Mclaren, \u00a0consigui\u00f3 finalizar en el podio en tres carreras con Sauber. Monisha Kaltenborn su jefe de equipo actual en Sauber declaro que ella tendr\u00e1 una charla con P\u00e9rez para hablar de sus problemas actuales.<\/p>\n<p>&nbsp;<\/p>\n<p>Whitmarsh, en cualquier caso aunque los \u00faltimos resultados de Sergio Perez no han sido muy brillantes y han surgido los rumores de que le puede la presi\u00f3n, apoya y conf\u00eda en que P\u00e9rez podr\u00e1 crecer y obtener grandes resultados en McLaren: <strong>\u201c\u00c9l tiene 22 a\u00f1os, la misma edad que cuando Lewis comenz\u00f3 en la F\u00f3rmula Uno. Tiene mucho talento, y no lo hubiera firmado, a menos de creer que pod\u00eda ir a otro nivel. Obviamente, no lo s\u00e9 (sobre las credenciales de su campeonato) porque \u00e9l nunca ha experimentado el tipo de presi\u00f3n alta de Jenson y Lewis. Que a su vez en un McLaren, si usted no est\u00e1 en la pareja de las filas de delante, entonces hay una gran cantidad de presi\u00f3n aplicada sobre ti. Jenson y Lewis lo s\u00e9, lo han vivido, la viven, pero viven con ella, crecen y lo hacen bien.\u201d<\/strong><\/p>\n<p>&nbsp;<\/p>\n<p>Whitmarsh, sabe el riesgo de tener un piloto muy joven y comprobar si asume la presi\u00f3n, pero conf\u00eda en no haberse equivocado: <strong>\u201cHa habido pilotos que tienen talento, pueden vivir con esa presi\u00f3n y entrega, y otros que no pueden. Ser\u00eda tonto de mi parte sentarme aqu\u00ed y decir que en la adopci\u00f3n de un piloto muy joven no hay un elemento de riesgo. Pero no lo habr\u00eda hecho si no sintiera que hab\u00eda una posibilidad de convertirle en Campe\u00f3n. El tiempo lo dir\u00e1, y vamos a tener que indagarlo el pr\u00f3ximo a\u00f1o.\u00bb<\/strong><\/p>\n<div class=\"sharedaddy sd-sharing-enabled\"><div class=\"robots-nocontent sd-block sd-social sd-social-official sd-sharing\"><h3 class=\"sd-title\">Opciones Sociales:<\/h3><div class=\"sd-content\"><ul><li class=\"share-facebook\"><div class=\"fb-share-button\" data-href=\"http:\/\/www.michael-schumacher.es\/noticias-f1\/2012\/11\/07\/whitmarsh-solo-el-tiempo-dira-si-perez-ha-sido-lo-correcto\/\" data-layout=\"button_count\"><\/div><\/li><li class=\"share-twitter\"><a href=\"https:\/\/twitter.com\/share\" class=\"twitter-share-button\" data-url=\"http:\/\/www.michael-schumacher.es\/noticias-f1\/2012\/11\/07\/whitmarsh-solo-el-tiempo-dira-si-perez-ha-sido-lo-correcto\/\" data-text=\"Whitmarsh: S\u00f3lo el tiempo dir\u00e1 si P\u00e9rez ha sido lo correcto\"  >Tweet<\/a><\/li><li class=\"share-email\"><a rel=\"nofollow noopener noreferrer\" data-shared=\"\" class=\"share-email sd-button\" href=\"http:\/\/www.michael-schumacher.es\/noticias-f1\/2012\/11\/07\/whitmarsh-solo-el-tiempo-dira-si-perez-ha-sido-lo-correcto\/?share=email\" target=\"_blank\" title=\"Haz clic para enviar por correo electr\u00f3nico a un amigo\"><span>Correo electr\u00f3nico<\/span><\/a><\/li><li class=\"share-end\"><\/li><\/ul><\/div><\/div><\/div>","protected":false},"excerpt":{"rendered":"<p>Mclaren se decidi\u00f3 por el piloto mexicano Sergio P\u00e9rez para el equipo como compa\u00f1ero de \u00a0Jenson Button tras la salida de Lewis Hamilton \u00a0del equipo de Woking, para irse a Mercedes. El el jefe del equipo Martin Whitmarsh ,dice que va a salir de dudas el pr\u00f3ximo a\u00f1o.<\/p>\n<div class=\"sharedaddy sd-sharing-enabled\"><div class=\"robots-nocontent sd-block sd-social sd-social-official sd-sharing\"><h3 class=\"sd-title\">Opciones Sociales:<\/h3><div class=\"sd-content\"><ul><li class=\"share-facebook\"><div class=\"fb-share-button\" data-href=\"http:\/\/www.michael-schumacher.es\/noticias-f1\/2012\/11\/07\/whitmarsh-solo-el-tiempo-dira-si-perez-ha-sido-lo-correcto\/\" data-layout=\"button_count\"><\/div><\/li><li class=\"share-twitter\"><a href=\"https:\/\/twitter.com\/share\" class=\"twitter-share-button\" data-url=\"http:\/\/www.michael-schumacher.es\/noticias-f1\/2012\/11\/07\/whitmarsh-solo-el-tiempo-dira-si-perez-ha-sido-lo-correcto\/\" data-text=\"Whitmarsh: S\u00f3lo el tiempo dir\u00e1 si P\u00e9rez ha sido lo correcto\"  >Tweet<\/a><\/li><li class=\"share-email\"><a rel=\"nofollow noopener noreferrer\" data-shared=\"\" class=\"share-email sd-button\" href=\"http:\/\/www.michael-schumacher.es\/noticias-f1\/2012\/11\/07\/whitmarsh-solo-el-tiempo-dira-si-perez-ha-sido-lo-correcto\/?share=email\" target=\"_blank\" title=\"Haz clic para enviar por correo electr\u00f3nico a un amigo\"><span>Correo electr\u00f3nico<\/span><\/a><\/li><li class=\"share-end\"><\/li><\/ul><\/div><\/div><\/div>","protected":false},"author":3,"featured_media":0,"comment_status":"open","ping_status":"open","sticky":false,"template":"","format":"standard","meta":{"_monsterinsights_skip_tracking":false,"_monsterinsights_sitenote_active":false,"_monsterinsights_sitenote_note":"","_monsterinsights_sitenote_category":0,"spay_email":"","jetpack_publicize_message":"","jetpack_is_tweetstorm":false,"jetpack_publicize_feature_enabled":true},"categories":[3],"tags":[373,661,1850,1848,387,11,10,115,304,90,1851,1849,1031,1428,238,170],"jetpack_featured_media_url":"","jetpack_publicize_connections":[],"jetpack_sharing_enabled":true,"jetpack_shortlink":"https:\/\/wp.me\/p27q3P-1uV","_links":{"self":[{"href":"http:\/\/www.michael-schumacher.es\/noticias-f1\/wp-json\/wp\/v2\/posts\/5761"}],"collection":[{"href":"http:\/\/www.michael-schumacher.es\/noticias-f1\/wp-json\/wp\/v2\/posts"}],"about":[{"href":"http:\/\/www.michael-schumacher.es\/noticias-f1\/wp-json\/wp\/v2\/types\/post"}],"author":[{"embeddable":true,"href":"http:\/\/www.michael-schumacher.es\/noticias-f1\/wp-json\/wp\/v2\/users\/3"}],"replies":[{"embeddable":true,"href":"http:\/\/www.michael-schumacher.es\/noticias-f1\/wp-json\/wp\/v2\/comments?post=5761"}],"version-history":[{"count":0,"href":"http:\/\/www.michael-schumacher.es\/noticias-f1\/wp-json\/wp\/v2\/posts\/5761\/revisions"}],"wp:attachment":[{"href":"http:\/\/www.michael-schumacher.es\/noticias-f1\/wp-json\/wp\/v2\/media?parent=5761"}],"wp:term":[{"taxonomy":"category","embeddable":true,"href":"http:\/\/www.michael-schumacher.es\/noticias-f1\/wp-json\/wp\/v2\/categories?post=5761"},{"taxonomy":"post_tag","embeddable":true,"href":"http:\/\/www.michael-schumacher.es\/noticias-f1\/wp-json\/wp\/v2\/tags?post=5761"}],"curies":[{"name":"wp","href":"https:\/\/api.w.org\/{rel}","templated":true}]}}