{"id":5843,"date":"2012-11-10T10:34:38","date_gmt":"2012-11-10T09:34:38","guid":{"rendered":"http:\/\/www.michael-schumacher.es\/noticias-f1\/?p=5843"},"modified":"2012-11-10T10:34:38","modified_gmt":"2012-11-10T09:34:38","slug":"fia-advierte-a-los-conductores-amistosamente-que-cuiden-su-vocabulario","status":"publish","type":"post","link":"http:\/\/www.michael-schumacher.es\/noticias-f1\/2012\/11\/10\/fia-advierte-a-los-conductores-amistosamente-que-cuiden-su-vocabulario\/","title":{"rendered":"FIA advierte a los conductores amistosamente que cuiden su vocabulario"},"content":{"rendered":"<p><img loading=\"lazy\" class=\"alignleft\" title=\"FIA\" src=\"http:\/\/img.michael-schumacher.es\/noticias-f1\/fia\/fia-1-mini.jpg\" alt=\"FIA\" width=\"200\" height=\"100\" \/>Como se hizo sucedi\u00f3 con \u00a0Sebastian Vettel y Kimi Raikkonen que en el podio de Gran Premio de Abu Dhabi. En un intento por acercar la \u00a0F1 al p\u00fablico, los tres primeros clasificados en el Gran Premio de ahora se les entrevista en el podio en el per\u00edodo inmediatamente posterior al acto de entrega de trofeos. En esta ocasi\u00f3n tanto Kimi ganador de la carrera como Sebasti\u00e1n Vettel usando un lenguaje relajado dejaron escapar alg\u00fan que otro taco de poca relevancia, pero parece que la FIA lo ha juzgado de inapropiado.<\/p>\n<p><!--more--> <!--noteaser--><\/p>\n<p style=\"text-align: center;\">\u00a0<img loading=\"lazy\" class=\"aligncenter\" title=\"FIA\" src=\"http:\/\/img.michael-schumacher.es\/noticias-f1\/fia\/fia-1.jpg\" alt=\"FIA\" width=\"605\" height=\"300\" \/><\/p>\n<p>Como se hizo sucedi\u00f3 con \u00a0Sebastian Vettel y Kimi Raikkonen que en el podio de Gran Premio de Abu Dhabi. En un intento por acercar la \u00a0F1 al p\u00fablico, los tres primeros clasificados en el Gran Premio de ahora se les entrevista en el podio en el per\u00edodo inmediatamente posterior al acto de entrega de trofeos. En esta ocasi\u00f3n tanto Kimi ganador de la carrera como Sebasti\u00e1n Vettel usando un lenguaje relajado dejaron escapar alg\u00fan que otro taco de poca relevancia, pero parece que la FIA lo ha juzgado de inapropiado.<\/p>\n<p>&nbsp;<\/p>\n<p>Por lo que la FIA ha enviado una carta a los equipos advirtiendo que controlen su lenguaje. La carta fue escrita por el director de comunicaciones, Norman Howell, a petici\u00f3n de Jean Todt. A los\u00a0 equipos se les avisa en \u00a0la carta amistosa, que la acci\u00f3n disciplinaria podr\u00eda contemplarse en el futuro.<\/p>\n<p>&nbsp;<\/p>\n<p>Como as\u00ed explicaba Howell, director de comunicaciones de la FIA: <strong>\u00abEs nuestra responsabilidad colectiva de garantizar que los conductores saben que este tipo de lenguaje no tiene cabida en los eventos publicados. Esta es una mala publicidad sobre los equipos, los patrocinadores, el deporte y la FIA. Entiendo que en el fragor de la acci\u00f3n, la adrenalina y la decepci\u00f3n puede ser una mezcla peligrosa, pero los pilotos de F1 no son los \u00fanicos a los que entrevistamos en estas condiciones. Este es tambi\u00e9n el caso en el boxeo, rugby o el f\u00fatbol y se las arreglan para evitar el lenguaje inapropiado\u201d.<\/strong><\/p>\n<p>&nbsp;<\/p>\n<p>Norman Howell tambi\u00e9n ha explicado que la carta ha sido recibida positivamente por los equipos: \u201c<strong>Ha habido algunas quejas por parte del p\u00fablico, la FIA e incluso los medios de comunicaci\u00f3n. Tal como sucedi\u00f3 dos veces en el mismo fin de semana, pensamos que ten\u00eda que enviar una nota amistosa\u201d.<\/strong><\/p>\n<div class=\"sharedaddy sd-sharing-enabled\"><div class=\"robots-nocontent sd-block sd-social sd-social-official sd-sharing\"><h3 class=\"sd-title\">Opciones Sociales:<\/h3><div class=\"sd-content\"><ul><li class=\"share-facebook\"><div class=\"fb-share-button\" data-href=\"http:\/\/www.michael-schumacher.es\/noticias-f1\/2012\/11\/10\/fia-advierte-a-los-conductores-amistosamente-que-cuiden-su-vocabulario\/\" data-layout=\"button_count\"><\/div><\/li><li class=\"share-twitter\"><a href=\"https:\/\/twitter.com\/share\" class=\"twitter-share-button\" data-url=\"http:\/\/www.michael-schumacher.es\/noticias-f1\/2012\/11\/10\/fia-advierte-a-los-conductores-amistosamente-que-cuiden-su-vocabulario\/\" data-text=\"FIA advierte a los conductores amistosamente que cuiden su vocabulario\"  >Tweet<\/a><\/li><li class=\"share-email\"><a rel=\"nofollow noopener noreferrer\" data-shared=\"\" class=\"share-email sd-button\" href=\"http:\/\/www.michael-schumacher.es\/noticias-f1\/2012\/11\/10\/fia-advierte-a-los-conductores-amistosamente-que-cuiden-su-vocabulario\/?share=email\" target=\"_blank\" title=\"Haz clic para enviar por correo electr\u00f3nico a un amigo\"><span>Correo electr\u00f3nico<\/span><\/a><\/li><li class=\"share-end\"><\/li><\/ul><\/div><\/div><\/div>","protected":false},"excerpt":{"rendered":"<p>Como se hizo sucedi\u00f3 con \u00a0Sebastian Vettel y Kimi Raikkonen que en el podio de Gran Premio de Abu Dhabi. En un intento por acercar la \u00a0F1 al p\u00fablico, los tres primeros clasificados en el Gran Premio de ahora se les entrevista en el podio en el per\u00edodo inmediatamente posterior al acto de entrega de [&hellip;]<\/p>\n<div class=\"sharedaddy sd-sharing-enabled\"><div class=\"robots-nocontent sd-block sd-social sd-social-official sd-sharing\"><h3 class=\"sd-title\">Opciones Sociales:<\/h3><div class=\"sd-content\"><ul><li class=\"share-facebook\"><div class=\"fb-share-button\" data-href=\"http:\/\/www.michael-schumacher.es\/noticias-f1\/2012\/11\/10\/fia-advierte-a-los-conductores-amistosamente-que-cuiden-su-vocabulario\/\" data-layout=\"button_count\"><\/div><\/li><li class=\"share-twitter\"><a href=\"https:\/\/twitter.com\/share\" class=\"twitter-share-button\" data-url=\"http:\/\/www.michael-schumacher.es\/noticias-f1\/2012\/11\/10\/fia-advierte-a-los-conductores-amistosamente-que-cuiden-su-vocabulario\/\" data-text=\"FIA advierte a los conductores amistosamente que cuiden su vocabulario\"  >Tweet<\/a><\/li><li class=\"share-email\"><a rel=\"nofollow noopener noreferrer\" data-shared=\"\" class=\"share-email sd-button\" href=\"http:\/\/www.michael-schumacher.es\/noticias-f1\/2012\/11\/10\/fia-advierte-a-los-conductores-amistosamente-que-cuiden-su-vocabulario\/?share=email\" target=\"_blank\" title=\"Haz clic para enviar por correo electr\u00f3nico a un amigo\"><span>Correo electr\u00f3nico<\/span><\/a><\/li><li class=\"share-end\"><\/li><\/ul><\/div><\/div><\/div>","protected":false},"author":3,"featured_media":0,"comment_status":"open","ping_status":"open","sticky":false,"template":"","format":"standard","meta":{"_monsterinsights_skip_tracking":false,"_monsterinsights_sitenote_active":false,"_monsterinsights_sitenote_note":"","_monsterinsights_sitenote_category":0,"spay_email":"","jetpack_publicize_message":"","jetpack_is_tweetstorm":false,"jetpack_publicize_feature_enabled":true},"categories":[3],"tags":[1917,1921,1918,1919,127,1922,319,1924,1923,1925,1170,1926,1920],"jetpack_featured_media_url":"","jetpack_publicize_connections":[],"jetpack_sharing_enabled":true,"jetpack_shortlink":"https:\/\/wp.me\/p27q3P-1wf","_links":{"self":[{"href":"http:\/\/www.michael-schumacher.es\/noticias-f1\/wp-json\/wp\/v2\/posts\/5843"}],"collection":[{"href":"http:\/\/www.michael-schumacher.es\/noticias-f1\/wp-json\/wp\/v2\/posts"}],"about":[{"href":"http:\/\/www.michael-schumacher.es\/noticias-f1\/wp-json\/wp\/v2\/types\/post"}],"author":[{"embeddable":true,"href":"http:\/\/www.michael-schumacher.es\/noticias-f1\/wp-json\/wp\/v2\/users\/3"}],"replies":[{"embeddable":true,"href":"http:\/\/www.michael-schumacher.es\/noticias-f1\/wp-json\/wp\/v2\/comments?post=5843"}],"version-history":[{"count":0,"href":"http:\/\/www.michael-schumacher.es\/noticias-f1\/wp-json\/wp\/v2\/posts\/5843\/revisions"}],"wp:attachment":[{"href":"http:\/\/www.michael-schumacher.es\/noticias-f1\/wp-json\/wp\/v2\/media?parent=5843"}],"wp:term":[{"taxonomy":"category","embeddable":true,"href":"http:\/\/www.michael-schumacher.es\/noticias-f1\/wp-json\/wp\/v2\/categories?post=5843"},{"taxonomy":"post_tag","embeddable":true,"href":"http:\/\/www.michael-schumacher.es\/noticias-f1\/wp-json\/wp\/v2\/tags?post=5843"}],"curies":[{"name":"wp","href":"https:\/\/api.w.org\/{rel}","templated":true}]}}