{"id":5845,"date":"2012-11-10T10:38:19","date_gmt":"2012-11-10T09:38:19","guid":{"rendered":"http:\/\/www.michael-schumacher.es\/noticias-f1\/?p=5845"},"modified":"2012-11-10T10:38:19","modified_gmt":"2012-11-10T09:38:19","slug":"vettel-se-disculpa-por-su-lenguaje-en-el-podio-de-abu-dhabi","status":"publish","type":"post","link":"http:\/\/www.michael-schumacher.es\/noticias-f1\/2012\/11\/10\/vettel-se-disculpa-por-su-lenguaje-en-el-podio-de-abu-dhabi\/","title":{"rendered":"Vettel se disculpa por su lenguaje en el podio de Abu Dhabi"},"content":{"rendered":"<p><img loading=\"lazy\" class=\"alignleft\" title=\"Sebastian Vettel\" src=\"http:\/\/img.michael-schumacher.es\/noticias-f1\/sebastian-vettel\/vettel-1-mini.jpg\" alt=\"Sebastian Vettel\" width=\"202\" height=\"100\" \/>Sebastian Vettel en la entrevista realizada por David Coulthard a Vettel Y Raikkonen, dijo en varias ocasiones la palabra \u00abFuck\u00bb. Y Raikkonen tambi\u00e9n dijo alguna palabra mals\u00f3nate, por lo que la FIA pidi\u00f3 por escrito a los equipo, que sus pilotos utilicen un lenguaje apropiado.<\/p>\n<p><!--more--> <!--noteaser--><\/p>\n<p style=\"text-align: center;\">\u00a0<img loading=\"lazy\" class=\"aligncenter\" title=\"Sebastian Vettel\" src=\"http:\/\/img.michael-schumacher.es\/noticias-f1\/sebastian-vettel\/vettel-1.jpg\" alt=\"Sebastian Vettel\" width=\"605\" height=\"300\" \/><\/p>\n<p>Sebastian Vettel en la entrevista realizada por David Coulthard a Vettel Y Raikkonen, dijo en varias ocasiones la palabra \u00abFuck\u00bb. Y Raikkonen tambi\u00e9n dijo alguna palabra mals\u00f3nate, por lo que la FIA pidi\u00f3 por escrito a los equipo, que sus pilotos utilicen un lenguaje apropiado.<\/p>\n<p>&nbsp;<\/p>\n<p>Por lo que el l\u00edder actual del campeonato y bi campe\u00f3n Sebastian Vettel se ha disculpado r\u00e1pidamente: <strong>\u00abLo siento mucho por usar la palabra incorrecta en el podio y lo siento si he ofendido a alguien observ\u00e1ndonos. En el calor del momento, no he utilizado las palabras correctas y yo pido disculpas por ello. Lo har\u00e9 mejor la pr\u00f3xima vez\u201d.<\/strong><\/p>\n<p>&nbsp;<\/p>\n<p>&nbsp;<\/p>\n<div class=\"sharedaddy sd-sharing-enabled\"><div class=\"robots-nocontent sd-block sd-social sd-social-official sd-sharing\"><h3 class=\"sd-title\">Opciones Sociales:<\/h3><div class=\"sd-content\"><ul><li class=\"share-facebook\"><div class=\"fb-share-button\" data-href=\"http:\/\/www.michael-schumacher.es\/noticias-f1\/2012\/11\/10\/vettel-se-disculpa-por-su-lenguaje-en-el-podio-de-abu-dhabi\/\" data-layout=\"button_count\"><\/div><\/li><li class=\"share-twitter\"><a href=\"https:\/\/twitter.com\/share\" class=\"twitter-share-button\" data-url=\"http:\/\/www.michael-schumacher.es\/noticias-f1\/2012\/11\/10\/vettel-se-disculpa-por-su-lenguaje-en-el-podio-de-abu-dhabi\/\" data-text=\"Vettel se disculpa por su lenguaje en el podio de Abu Dhabi\"  >Tweet<\/a><\/li><li class=\"share-email\"><a rel=\"nofollow noopener noreferrer\" data-shared=\"\" class=\"share-email sd-button\" href=\"http:\/\/www.michael-schumacher.es\/noticias-f1\/2012\/11\/10\/vettel-se-disculpa-por-su-lenguaje-en-el-podio-de-abu-dhabi\/?share=email\" target=\"_blank\" title=\"Haz clic para enviar por correo electr\u00f3nico a un amigo\"><span>Correo electr\u00f3nico<\/span><\/a><\/li><li class=\"share-end\"><\/li><\/ul><\/div><\/div><\/div>","protected":false},"excerpt":{"rendered":"<p>Sebastian Vettel en la entrevista realizada por David Coulthard a Vettel Y Raikkonen, dijo en varias ocasiones la palabra \u00abFuck\u00bb. Y Raikkonen tambi\u00e9n dijo alguna palabra mals\u00f3nate, por lo que la FIA pidi\u00f3 por escrito a los equipo, que sus pilotos utilicen un lenguaje apropiado.<\/p>\n<div class=\"sharedaddy sd-sharing-enabled\"><div class=\"robots-nocontent sd-block sd-social sd-social-official sd-sharing\"><h3 class=\"sd-title\">Opciones Sociales:<\/h3><div class=\"sd-content\"><ul><li class=\"share-facebook\"><div class=\"fb-share-button\" data-href=\"http:\/\/www.michael-schumacher.es\/noticias-f1\/2012\/11\/10\/vettel-se-disculpa-por-su-lenguaje-en-el-podio-de-abu-dhabi\/\" data-layout=\"button_count\"><\/div><\/li><li class=\"share-twitter\"><a href=\"https:\/\/twitter.com\/share\" class=\"twitter-share-button\" data-url=\"http:\/\/www.michael-schumacher.es\/noticias-f1\/2012\/11\/10\/vettel-se-disculpa-por-su-lenguaje-en-el-podio-de-abu-dhabi\/\" data-text=\"Vettel se disculpa por su lenguaje en el podio de Abu Dhabi\"  >Tweet<\/a><\/li><li class=\"share-email\"><a rel=\"nofollow noopener noreferrer\" data-shared=\"\" class=\"share-email sd-button\" href=\"http:\/\/www.michael-schumacher.es\/noticias-f1\/2012\/11\/10\/vettel-se-disculpa-por-su-lenguaje-en-el-podio-de-abu-dhabi\/?share=email\" target=\"_blank\" title=\"Haz clic para enviar por correo electr\u00f3nico a un amigo\"><span>Correo electr\u00f3nico<\/span><\/a><\/li><li class=\"share-end\"><\/li><\/ul><\/div><\/div><\/div>","protected":false},"author":3,"featured_media":0,"comment_status":"open","ping_status":"open","sticky":false,"template":"","format":"standard","meta":{"_monsterinsights_skip_tracking":false,"_monsterinsights_sitenote_active":false,"_monsterinsights_sitenote_note":"","_monsterinsights_sitenote_category":0,"spay_email":"","jetpack_publicize_message":"","jetpack_is_tweetstorm":false,"jetpack_publicize_feature_enabled":true},"categories":[3],"tags":[781,1274,17,15,1929,557,1927,1930,1928,197,71,1926,30,1920],"jetpack_featured_media_url":"","jetpack_publicize_connections":[],"jetpack_sharing_enabled":true,"jetpack_shortlink":"https:\/\/wp.me\/p27q3P-1wh","_links":{"self":[{"href":"http:\/\/www.michael-schumacher.es\/noticias-f1\/wp-json\/wp\/v2\/posts\/5845"}],"collection":[{"href":"http:\/\/www.michael-schumacher.es\/noticias-f1\/wp-json\/wp\/v2\/posts"}],"about":[{"href":"http:\/\/www.michael-schumacher.es\/noticias-f1\/wp-json\/wp\/v2\/types\/post"}],"author":[{"embeddable":true,"href":"http:\/\/www.michael-schumacher.es\/noticias-f1\/wp-json\/wp\/v2\/users\/3"}],"replies":[{"embeddable":true,"href":"http:\/\/www.michael-schumacher.es\/noticias-f1\/wp-json\/wp\/v2\/comments?post=5845"}],"version-history":[{"count":0,"href":"http:\/\/www.michael-schumacher.es\/noticias-f1\/wp-json\/wp\/v2\/posts\/5845\/revisions"}],"wp:attachment":[{"href":"http:\/\/www.michael-schumacher.es\/noticias-f1\/wp-json\/wp\/v2\/media?parent=5845"}],"wp:term":[{"taxonomy":"category","embeddable":true,"href":"http:\/\/www.michael-schumacher.es\/noticias-f1\/wp-json\/wp\/v2\/categories?post=5845"},{"taxonomy":"post_tag","embeddable":true,"href":"http:\/\/www.michael-schumacher.es\/noticias-f1\/wp-json\/wp\/v2\/tags?post=5845"}],"curies":[{"name":"wp","href":"https:\/\/api.w.org\/{rel}","templated":true}]}}