{"id":585,"date":"2012-04-28T22:39:36","date_gmt":"2012-04-28T20:39:36","guid":{"rendered":"http:\/\/www.michael-schumacher.es\/noticias-f1\/?p=585"},"modified":"2012-04-28T22:39:36","modified_gmt":"2012-04-28T20:39:36","slug":"hamilton-no-participara-en-los-test-de-mugello","status":"publish","type":"post","link":"http:\/\/www.michael-schumacher.es\/noticias-f1\/2012\/04\/28\/hamilton-no-participara-en-los-test-de-mugello\/","title":{"rendered":"Hamilton no participar\u00e1 en los test de Mugello"},"content":{"rendered":"<p>Seg\u00fan \u00a0ha confirmado el equipo, ni Lewis Hamilton ni\u00a0 Jenson Button ser\u00e1n los encargados de conducir durante los test de la pr\u00f3xima semana, sino sus pilotos reserva Oliver Turvey y Gary Paffett, tal y como estaba previsto inicialmente.<\/p>\n<p><!--more--> <!--noteaser--><\/p>\n<p><strong><br \/>\n<\/strong><\/p>\n<p>Seg\u00fan \u00a0ha confirmado el equipo, ni Lewis Hamilton ni\u00a0 Jenson Button ser\u00e1n los encargados de conducir durante los test de la pr\u00f3xima semana, sino sus pilotos reserva Oliver Turvey y Gary Paffett, tal y como estaba previsto inicialmente.<\/p>\n<p>&nbsp;<\/p>\n<p>Hace unos d\u00edas<strong> Lewis Hamilton<\/strong> considero necesario volver a conducir su MP4-27: <em>\u00abTengo que volver a sentarme en el coche. Tenemos que averiguar porque los neum\u00e1ticos fallaron. Si hay otras cosas que probar o formas de averiguarlo yo ser\u00e9 el que lo haga, no dejar\u00e9 que nadie m\u00e1s lo haga. Tenemos mucho trabajo por hacer, no hay una soluci\u00f3n r\u00e1pida. Realmente tenemos que hacer grandes mejoras en el coche, porque el ritmo de clasificaci\u00f3n est\u00e1 ah\u00ed, pero el ritmo de carrera, por lo menos el domingo, estuvo a a\u00f1os luz.\u00bb \u00a0<\/em><\/p>\n<p>&nbsp;<\/p>\n<p><strong>La alineaci\u00f3n de McLaren para los pr\u00f3ximos test de Mugello:<\/strong><\/p>\n<p>&nbsp;<\/p>\n<p>Martes por la ma\u00f1ana: Oliver Turvey<br \/>\nMartes por la tarde: Gary Paffett<br \/>\nMi\u00e9rcoles: Gary Paffett<br \/>\nJueves: Oliver Turvey<\/p>\n<p>&nbsp;<\/p>\n<p>*El horario desde las 9:00 hasta las 18:00\u00a0 durante los tres d\u00edas.<\/p>\n<div class=\"sharedaddy sd-sharing-enabled\"><div class=\"robots-nocontent sd-block sd-social sd-social-official sd-sharing\"><h3 class=\"sd-title\">Opciones Sociales:<\/h3><div class=\"sd-content\"><ul><li class=\"share-facebook\"><div class=\"fb-share-button\" data-href=\"http:\/\/www.michael-schumacher.es\/noticias-f1\/2012\/04\/28\/hamilton-no-participara-en-los-test-de-mugello\/\" data-layout=\"button_count\"><\/div><\/li><li class=\"share-twitter\"><a href=\"https:\/\/twitter.com\/share\" class=\"twitter-share-button\" data-url=\"http:\/\/www.michael-schumacher.es\/noticias-f1\/2012\/04\/28\/hamilton-no-participara-en-los-test-de-mugello\/\" data-text=\"Hamilton no participar\u00e1 en los test de Mugello \"  >Tweet<\/a><\/li><li class=\"share-email\"><a rel=\"nofollow noopener noreferrer\" data-shared=\"\" class=\"share-email sd-button\" href=\"http:\/\/www.michael-schumacher.es\/noticias-f1\/2012\/04\/28\/hamilton-no-participara-en-los-test-de-mugello\/?share=email\" target=\"_blank\" title=\"Haz clic para enviar por correo electr\u00f3nico a un amigo\"><span>Correo electr\u00f3nico<\/span><\/a><\/li><li class=\"share-end\"><\/li><\/ul><\/div><\/div><\/div>","protected":false},"excerpt":{"rendered":"<p>Seg\u00fan \u00a0ha confirmado el equipo, ni Lewis Hamilton ni\u00a0 Jenson Button ser\u00e1n los encargados de conducir durante los test de la pr\u00f3xima semana, sino sus pilotos reserva Oliver Turvey y Gary Paffett, tal y como estaba previsto inicialmente.<\/p>\n<div class=\"sharedaddy sd-sharing-enabled\"><div class=\"robots-nocontent sd-block sd-social sd-social-official sd-sharing\"><h3 class=\"sd-title\">Opciones Sociales:<\/h3><div class=\"sd-content\"><ul><li class=\"share-facebook\"><div class=\"fb-share-button\" data-href=\"http:\/\/www.michael-schumacher.es\/noticias-f1\/2012\/04\/28\/hamilton-no-participara-en-los-test-de-mugello\/\" data-layout=\"button_count\"><\/div><\/li><li class=\"share-twitter\"><a href=\"https:\/\/twitter.com\/share\" class=\"twitter-share-button\" data-url=\"http:\/\/www.michael-schumacher.es\/noticias-f1\/2012\/04\/28\/hamilton-no-participara-en-los-test-de-mugello\/\" data-text=\"Hamilton no participar\u00e1 en los test de Mugello \"  >Tweet<\/a><\/li><li class=\"share-email\"><a rel=\"nofollow noopener noreferrer\" data-shared=\"\" class=\"share-email sd-button\" href=\"http:\/\/www.michael-schumacher.es\/noticias-f1\/2012\/04\/28\/hamilton-no-participara-en-los-test-de-mugello\/?share=email\" target=\"_blank\" title=\"Haz clic para enviar por correo electr\u00f3nico a un amigo\"><span>Correo electr\u00f3nico<\/span><\/a><\/li><li class=\"share-end\"><\/li><\/ul><\/div><\/div><\/div>","protected":false},"author":2,"featured_media":0,"comment_status":"open","ping_status":"open","sticky":false,"template":"","format":"standard","meta":{"_monsterinsights_skip_tracking":false,"_monsterinsights_sitenote_active":false,"_monsterinsights_sitenote_note":"","_monsterinsights_sitenote_category":0,"spay_email":"","jetpack_publicize_message":"","jetpack_is_tweetstorm":false,"jetpack_publicize_feature_enabled":true},"categories":[3],"tags":[35,250,17,15,11,10,18,214,249,215],"jetpack_featured_media_url":"","jetpack_publicize_connections":[],"jetpack_sharing_enabled":true,"jetpack_shortlink":"https:\/\/wp.me\/p27q3P-9r","_links":{"self":[{"href":"http:\/\/www.michael-schumacher.es\/noticias-f1\/wp-json\/wp\/v2\/posts\/585"}],"collection":[{"href":"http:\/\/www.michael-schumacher.es\/noticias-f1\/wp-json\/wp\/v2\/posts"}],"about":[{"href":"http:\/\/www.michael-schumacher.es\/noticias-f1\/wp-json\/wp\/v2\/types\/post"}],"author":[{"embeddable":true,"href":"http:\/\/www.michael-schumacher.es\/noticias-f1\/wp-json\/wp\/v2\/users\/2"}],"replies":[{"embeddable":true,"href":"http:\/\/www.michael-schumacher.es\/noticias-f1\/wp-json\/wp\/v2\/comments?post=585"}],"version-history":[{"count":0,"href":"http:\/\/www.michael-schumacher.es\/noticias-f1\/wp-json\/wp\/v2\/posts\/585\/revisions"}],"wp:attachment":[{"href":"http:\/\/www.michael-schumacher.es\/noticias-f1\/wp-json\/wp\/v2\/media?parent=585"}],"wp:term":[{"taxonomy":"category","embeddable":true,"href":"http:\/\/www.michael-schumacher.es\/noticias-f1\/wp-json\/wp\/v2\/categories?post=585"},{"taxonomy":"post_tag","embeddable":true,"href":"http:\/\/www.michael-schumacher.es\/noticias-f1\/wp-json\/wp\/v2\/tags?post=585"}],"curies":[{"name":"wp","href":"https:\/\/api.w.org\/{rel}","templated":true}]}}