{"id":5904,"date":"2012-11-12T11:33:22","date_gmt":"2012-11-12T10:33:22","guid":{"rendered":"http:\/\/www.michael-schumacher.es\/noticias-f1\/?p=5904"},"modified":"2012-11-12T11:33:22","modified_gmt":"2012-11-12T10:33:22","slug":"previo-gp-de-estados-unidos-austin-red-bull","status":"publish","type":"post","link":"http:\/\/www.michael-schumacher.es\/noticias-f1\/2012\/11\/12\/previo-gp-de-estados-unidos-austin-red-bull\/","title":{"rendered":"Previo GP de Estados Unidos, Austin. Red Bull"},"content":{"rendered":"<p><a href=\"http:\/\/www.michael-schumacher.es\/noticias-f1\/wp-content\/uploads\/2012\/09\/david_sarro.webber-1-mini.jpg\"><img loading=\"lazy\" class=\"alignleft size-full wp-image-3496\" title=\"Mark Webber 1 - Miniatura\" src=\"http:\/\/www.michael-schumacher.es\/noticias-f1\/wp-content\/uploads\/2012\/09\/david_sarro.webber-1-mini.jpg\" alt=\"\" width=\"200\" height=\"133\" \/><\/a>Sebastian Vettel que llega liderando la clasificaci\u00f3n de pilotos considera que es genial volver a EE.UU. y destaca el dise\u00f1o de Tilke, con diferencias de altura pero r\u00e1pido y espera que se adapte bien a su coche. Mark Webber no sabe que esperar de la pista pero sin duda ser\u00e1 un reto. Red Bull llega al nuevo circuito de Austin enormemente motivados despu\u00e9s de la espectacular carrera de Abu Dhabi de Sebastian Vettel y esperando salir de aqu\u00ed con mayor ventaja.<\/p>\n<p><!--more--> <!--noteaser--><\/p>\n<p><a href=\"http:\/\/www.michael-schumacher.es\/noticias-f1\/wp-content\/uploads\/2012\/09\/david_sarro.webber-1.jpg\"><img loading=\"lazy\" class=\"aligncenter size-full wp-image-3495\" title=\"Mark Webber 1 \" src=\"http:\/\/www.michael-schumacher.es\/noticias-f1\/wp-content\/uploads\/2012\/09\/david_sarro.webber-1.jpg\" alt=\"\" width=\"600\" height=\"400\" srcset=\"http:\/\/www.michael-schumacher.es\/noticias-f1\/wp-content\/uploads\/2012\/09\/david_sarro.webber-1.jpg 600w, http:\/\/www.michael-schumacher.es\/noticias-f1\/wp-content\/uploads\/2012\/09\/david_sarro.webber-1-300x200.jpg 300w\" sizes=\"(max-width: 600px) 100vw, 600px\" \/><\/a><\/p>\n<p>Sebastian Vettel que llega liderando la clasificaci\u00f3n de pilotos considera que es genial volver a EE.UU. y destaca el dise\u00f1o de Tilke, con diferencias de altura pero r\u00e1pido y espera que se adapte bien a su coche. Mark Webber no sabe que esperar de la pista pero sin duda ser\u00e1 un reto. Red Bull llega al nuevo circuito de Austin enormemente motivados despu\u00e9s de la espectacular carrera de Abu Dhabi de Sebastian Vettel y esperando salir de aqu\u00ed con mayor ventaja.<\/p>\n<p><strong>\u00a0<\/strong><\/p>\n<p><strong>Sebastian Vettel:<\/strong> \u201cCreo que es genial que estamos viajando a los Estados Unidos de nuevo. He estado en el simulador para el aprendizaje de la pista de Austin, para obtener una idea general de la misma. \u00bfQu\u00e9 sabemos por dise\u00f1ador Hermann Tilke es que la caracter\u00edstica del circuito ser\u00e1 la grandes diferencias de altitud dentro de una vuelta como el punto m\u00e1s alto se espera que sea de 40 pies m\u00e1s alto que el punto m\u00e1s bajo. El sitio tiene cambios naturales de elevaci\u00f3n, que promete una pista r\u00e1pida con curvas, para nosotros ser\u00e1 bueno para familiarizarnos. Tambi\u00e9n fue importante para los dise\u00f1adores que los aficionados en las gradas pudieran ver mucho de la pista y ver los coches por una buena cantidad de cada vuelta. La pista cuenta con 20 curvas y giramos hacia la izquierda\u201d.<\/p>\n<p>&nbsp;<\/p>\n<p><strong>Mark Webber:<\/strong> \u00abEn cuanto a la nueva pista, no est\u00e1 probada en t\u00e9rminos de lo que tenemos que hacer con el coche all\u00ed. Nosotros tendremos una idea razonable antes de que probar, pero tenemos que entrar en el meollo de la cuesti\u00f3n de nuestras simulaciones. Tenemos que ver la pista temperaturas y c\u00f3mo es el asfalto para el coche en t\u00e9rminos de agarre &#8211; tenemos un mont\u00f3n de preguntas sin respuesta que s\u00f3lo aprenderemos el viernes, pero el dise\u00f1o se ve impresionante. Es probablemente uno de los mejores dise\u00f1os del a\u00f1o en t\u00e9rminos de ser un reto para los pilotos y los coches. He estado en Austin un par de veces, tengo algunos amigos all\u00ed. Es una ciudad muy vibrante, similar a Melbourne, y s\u00e9 que la gente va realmente a disfrutarlo. Obviamente tienen grandes festivales de m\u00fasica y los desarrollan muy bien en cuanto a la organizaci\u00f3n y conseguir que todo a su alrededor funcione. \u00bb<\/p>\n<p>&nbsp;<\/p>\n<p><strong>Imagen:<\/strong> David Sarr\u00f3<\/p>\n<div class=\"sharedaddy sd-sharing-enabled\"><div class=\"robots-nocontent sd-block sd-social sd-social-official sd-sharing\"><h3 class=\"sd-title\">Opciones Sociales:<\/h3><div class=\"sd-content\"><ul><li class=\"share-facebook\"><div class=\"fb-share-button\" data-href=\"http:\/\/www.michael-schumacher.es\/noticias-f1\/2012\/11\/12\/previo-gp-de-estados-unidos-austin-red-bull\/\" data-layout=\"button_count\"><\/div><\/li><li class=\"share-twitter\"><a href=\"https:\/\/twitter.com\/share\" class=\"twitter-share-button\" data-url=\"http:\/\/www.michael-schumacher.es\/noticias-f1\/2012\/11\/12\/previo-gp-de-estados-unidos-austin-red-bull\/\" data-text=\"Previo GP de Estados Unidos, Austin. Red Bull\"  >Tweet<\/a><\/li><li class=\"share-email\"><a rel=\"nofollow noopener noreferrer\" data-shared=\"\" class=\"share-email sd-button\" href=\"http:\/\/www.michael-schumacher.es\/noticias-f1\/2012\/11\/12\/previo-gp-de-estados-unidos-austin-red-bull\/?share=email\" target=\"_blank\" title=\"Haz clic para enviar por correo electr\u00f3nico a un amigo\"><span>Correo electr\u00f3nico<\/span><\/a><\/li><li class=\"share-end\"><\/li><\/ul><\/div><\/div><\/div>","protected":false},"excerpt":{"rendered":"<p>Sebastian Vettel que llega liderando la clasificaci\u00f3n de pilotos considera que es genial volver a EE.UU. y destaca el dise\u00f1o de Tilke, con diferencias de altura pero r\u00e1pido y espera que se adapte bien a su coche. Mark Webber no sabe que esperar de la pista pero sin duda ser\u00e1 un reto. Red Bull llega [&hellip;]<\/p>\n<div class=\"sharedaddy sd-sharing-enabled\"><div class=\"robots-nocontent sd-block sd-social sd-social-official sd-sharing\"><h3 class=\"sd-title\">Opciones Sociales:<\/h3><div class=\"sd-content\"><ul><li class=\"share-facebook\"><div class=\"fb-share-button\" data-href=\"http:\/\/www.michael-schumacher.es\/noticias-f1\/2012\/11\/12\/previo-gp-de-estados-unidos-austin-red-bull\/\" data-layout=\"button_count\"><\/div><\/li><li class=\"share-twitter\"><a href=\"https:\/\/twitter.com\/share\" class=\"twitter-share-button\" data-url=\"http:\/\/www.michael-schumacher.es\/noticias-f1\/2012\/11\/12\/previo-gp-de-estados-unidos-austin-red-bull\/\" data-text=\"Previo GP de Estados Unidos, Austin. Red Bull\"  >Tweet<\/a><\/li><li class=\"share-email\"><a rel=\"nofollow noopener noreferrer\" data-shared=\"\" class=\"share-email sd-button\" href=\"http:\/\/www.michael-schumacher.es\/noticias-f1\/2012\/11\/12\/previo-gp-de-estados-unidos-austin-red-bull\/?share=email\" target=\"_blank\" title=\"Haz clic para enviar por correo electr\u00f3nico a un amigo\"><span>Correo electr\u00f3nico<\/span><\/a><\/li><li class=\"share-end\"><\/li><\/ul><\/div><\/div><\/div>","protected":false},"author":3,"featured_media":0,"comment_status":"open","ping_status":"open","sticky":false,"template":"","format":"standard","meta":{"_monsterinsights_skip_tracking":false,"_monsterinsights_sitenote_active":false,"_monsterinsights_sitenote_note":"","_monsterinsights_sitenote_category":0,"spay_email":"","jetpack_publicize_message":"","jetpack_is_tweetstorm":false,"jetpack_publicize_feature_enabled":true},"categories":[3,22],"tags":[14,1490,434,17,15,6,72,5,51,71,846,30,73],"jetpack_featured_media_url":"","jetpack_publicize_connections":[],"jetpack_sharing_enabled":true,"jetpack_shortlink":"https:\/\/wp.me\/p27q3P-1xe","_links":{"self":[{"href":"http:\/\/www.michael-schumacher.es\/noticias-f1\/wp-json\/wp\/v2\/posts\/5904"}],"collection":[{"href":"http:\/\/www.michael-schumacher.es\/noticias-f1\/wp-json\/wp\/v2\/posts"}],"about":[{"href":"http:\/\/www.michael-schumacher.es\/noticias-f1\/wp-json\/wp\/v2\/types\/post"}],"author":[{"embeddable":true,"href":"http:\/\/www.michael-schumacher.es\/noticias-f1\/wp-json\/wp\/v2\/users\/3"}],"replies":[{"embeddable":true,"href":"http:\/\/www.michael-schumacher.es\/noticias-f1\/wp-json\/wp\/v2\/comments?post=5904"}],"version-history":[{"count":0,"href":"http:\/\/www.michael-schumacher.es\/noticias-f1\/wp-json\/wp\/v2\/posts\/5904\/revisions"}],"wp:attachment":[{"href":"http:\/\/www.michael-schumacher.es\/noticias-f1\/wp-json\/wp\/v2\/media?parent=5904"}],"wp:term":[{"taxonomy":"category","embeddable":true,"href":"http:\/\/www.michael-schumacher.es\/noticias-f1\/wp-json\/wp\/v2\/categories?post=5904"},{"taxonomy":"post_tag","embeddable":true,"href":"http:\/\/www.michael-schumacher.es\/noticias-f1\/wp-json\/wp\/v2\/tags?post=5904"}],"curies":[{"name":"wp","href":"https:\/\/api.w.org\/{rel}","templated":true}]}}