{"id":5948,"date":"2012-11-14T11:26:06","date_gmt":"2012-11-14T10:26:06","guid":{"rendered":"http:\/\/www.michael-schumacher.es\/noticias-f1\/?p=5948"},"modified":"2012-11-14T11:26:06","modified_gmt":"2012-11-14T10:26:06","slug":"el-comisario-en-austin-sera-emerson-fittipaldi","status":"publish","type":"post","link":"http:\/\/www.michael-schumacher.es\/noticias-f1\/2012\/11\/14\/el-comisario-en-austin-sera-emerson-fittipaldi\/","title":{"rendered":"El Comisario en Austin ser\u00e1 Emerson Fittipaldi"},"content":{"rendered":"<p><a href=\"http:\/\/www.michael-schumacher.es\/noticias-f1\/wp-content\/uploads\/2012\/11\/emerson-fittipaldi.jpg\"><img loading=\"lazy\" class=\"alignleft\" title=\"Emerson Fittipaldi\" src=\"http:\/\/www.michael-schumacher.es\/noticias-f1\/wp-content\/uploads\/2012\/11\/emerson-fittipaldi.jpg\" alt=\"\" width=\"200\" height=\"136\" \/><\/a>Fittipaldi bi campe\u00f3n de F1 en 1972 con Lotus y 1974 con McLaren y ganador de \u00a014 victorias, va a ser nuevamente este\u00a0 fin de semana en Austin el comisario \u00a0\u00abpiloto\u00bb de la FIA. La primera vez , el piloto brasile\u00f1o lo fue en Canad\u00e1 en 2010, y tambi\u00e9n en el Gran Premio de Italia en Monza del mismo a\u00f1o. En el a\u00f1o 2011 lo fue para el Gran Premio de Canad\u00e1.<\/p>\n<p><!--more--> <!--noteaser--><\/p>\n<p style=\"text-align: center;\">\u00a0<a href=\"http:\/\/www.michael-schumacher.es\/noticias-f1\/wp-content\/uploads\/2012\/11\/emerson-fittipaldi.jpg\"><img loading=\"lazy\" class=\"size-full wp-image-5958 aligncenter\" title=\"Emerson Fittipaldi\" src=\"http:\/\/www.michael-schumacher.es\/noticias-f1\/wp-content\/uploads\/2012\/11\/emerson-fittipaldi.jpg\" alt=\"\" width=\"600\" height=\"400\" srcset=\"http:\/\/www.michael-schumacher.es\/noticias-f1\/wp-content\/uploads\/2012\/11\/emerson-fittipaldi.jpg 600w, http:\/\/www.michael-schumacher.es\/noticias-f1\/wp-content\/uploads\/2012\/11\/emerson-fittipaldi-300x200.jpg 300w\" sizes=\"(max-width: 600px) 100vw, 600px\" \/><\/a><\/p>\n<p>Fittipaldi bi campe\u00f3n de F1 en 1972 con Lotus y 1974 con McLaren y ganador de \u00a014 victorias, va a ser nuevamente este\u00a0 fin de semana en Austin el comisario \u00a0\u00abpiloto\u00bb de la FIA. La primera vez , el piloto brasile\u00f1o lo fue en Canad\u00e1 en 2010, y tambi\u00e9n en el Gran Premio de Italia en Monza del mismo a\u00f1o. En el a\u00f1o 2011 lo fue para el Gran Premio de Canad\u00e1.<\/p>\n<div class=\"sharedaddy sd-sharing-enabled\"><div class=\"robots-nocontent sd-block sd-social sd-social-official sd-sharing\"><h3 class=\"sd-title\">Opciones Sociales:<\/h3><div class=\"sd-content\"><ul><li class=\"share-facebook\"><div class=\"fb-share-button\" data-href=\"http:\/\/www.michael-schumacher.es\/noticias-f1\/2012\/11\/14\/el-comisario-en-austin-sera-emerson-fittipaldi\/\" data-layout=\"button_count\"><\/div><\/li><li class=\"share-twitter\"><a href=\"https:\/\/twitter.com\/share\" class=\"twitter-share-button\" data-url=\"http:\/\/www.michael-schumacher.es\/noticias-f1\/2012\/11\/14\/el-comisario-en-austin-sera-emerson-fittipaldi\/\" data-text=\"El Comisario en Austin ser\u00e1 Emerson Fittipaldi \"  >Tweet<\/a><\/li><li class=\"share-email\"><a rel=\"nofollow noopener noreferrer\" data-shared=\"\" class=\"share-email sd-button\" href=\"http:\/\/www.michael-schumacher.es\/noticias-f1\/2012\/11\/14\/el-comisario-en-austin-sera-emerson-fittipaldi\/?share=email\" target=\"_blank\" title=\"Haz clic para enviar por correo electr\u00f3nico a un amigo\"><span>Correo electr\u00f3nico<\/span><\/a><\/li><li class=\"share-end\"><\/li><\/ul><\/div><\/div><\/div>","protected":false},"excerpt":{"rendered":"<p>Fittipaldi bi campe\u00f3n de F1 en 1972 con Lotus y 1974 con McLaren y ganador de \u00a014 victorias, va a ser nuevamente este\u00a0 fin de semana en Austin el comisario \u00a0\u00abpiloto\u00bb de la FIA. La primera vez , el piloto brasile\u00f1o lo fue en Canad\u00e1 en 2010, y tambi\u00e9n en el Gran Premio de Italia [&hellip;]<\/p>\n<div class=\"sharedaddy sd-sharing-enabled\"><div class=\"robots-nocontent sd-block sd-social sd-social-official sd-sharing\"><h3 class=\"sd-title\">Opciones Sociales:<\/h3><div class=\"sd-content\"><ul><li class=\"share-facebook\"><div class=\"fb-share-button\" data-href=\"http:\/\/www.michael-schumacher.es\/noticias-f1\/2012\/11\/14\/el-comisario-en-austin-sera-emerson-fittipaldi\/\" data-layout=\"button_count\"><\/div><\/li><li class=\"share-twitter\"><a href=\"https:\/\/twitter.com\/share\" class=\"twitter-share-button\" data-url=\"http:\/\/www.michael-schumacher.es\/noticias-f1\/2012\/11\/14\/el-comisario-en-austin-sera-emerson-fittipaldi\/\" data-text=\"El Comisario en Austin ser\u00e1 Emerson Fittipaldi \"  >Tweet<\/a><\/li><li class=\"share-email\"><a rel=\"nofollow noopener noreferrer\" data-shared=\"\" class=\"share-email sd-button\" href=\"http:\/\/www.michael-schumacher.es\/noticias-f1\/2012\/11\/14\/el-comisario-en-austin-sera-emerson-fittipaldi\/?share=email\" target=\"_blank\" title=\"Haz clic para enviar por correo electr\u00f3nico a un amigo\"><span>Correo electr\u00f3nico<\/span><\/a><\/li><li class=\"share-end\"><\/li><\/ul><\/div><\/div><\/div>","protected":false},"author":3,"featured_media":0,"comment_status":"open","ping_status":"open","sticky":false,"template":"","format":"standard","meta":{"_monsterinsights_skip_tracking":false,"_monsterinsights_sitenote_active":false,"_monsterinsights_sitenote_note":"","_monsterinsights_sitenote_category":0,"spay_email":"","jetpack_publicize_message":"","jetpack_is_tweetstorm":false,"jetpack_publicize_feature_enabled":true},"categories":[3],"tags":[703,25,1974,1972,1970,1971,1490,1967,1968,434,1969,1973,6,1975,846],"jetpack_featured_media_url":"","jetpack_publicize_connections":[],"jetpack_sharing_enabled":true,"jetpack_shortlink":"https:\/\/wp.me\/p27q3P-1xW","_links":{"self":[{"href":"http:\/\/www.michael-schumacher.es\/noticias-f1\/wp-json\/wp\/v2\/posts\/5948"}],"collection":[{"href":"http:\/\/www.michael-schumacher.es\/noticias-f1\/wp-json\/wp\/v2\/posts"}],"about":[{"href":"http:\/\/www.michael-schumacher.es\/noticias-f1\/wp-json\/wp\/v2\/types\/post"}],"author":[{"embeddable":true,"href":"http:\/\/www.michael-schumacher.es\/noticias-f1\/wp-json\/wp\/v2\/users\/3"}],"replies":[{"embeddable":true,"href":"http:\/\/www.michael-schumacher.es\/noticias-f1\/wp-json\/wp\/v2\/comments?post=5948"}],"version-history":[{"count":0,"href":"http:\/\/www.michael-schumacher.es\/noticias-f1\/wp-json\/wp\/v2\/posts\/5948\/revisions"}],"wp:attachment":[{"href":"http:\/\/www.michael-schumacher.es\/noticias-f1\/wp-json\/wp\/v2\/media?parent=5948"}],"wp:term":[{"taxonomy":"category","embeddable":true,"href":"http:\/\/www.michael-schumacher.es\/noticias-f1\/wp-json\/wp\/v2\/categories?post=5948"},{"taxonomy":"post_tag","embeddable":true,"href":"http:\/\/www.michael-schumacher.es\/noticias-f1\/wp-json\/wp\/v2\/tags?post=5948"}],"curies":[{"name":"wp","href":"https:\/\/api.w.org\/{rel}","templated":true}]}}