{"id":5993,"date":"2012-11-16T14:29:40","date_gmt":"2012-11-16T13:29:40","guid":{"rendered":"http:\/\/www.michael-schumacher.es\/noticias-f1\/?p=5993"},"modified":"2012-11-16T14:29:40","modified_gmt":"2012-11-16T13:29:40","slug":"hockenheim-no-esta-listo-para-el-gp-de-alemania-2013","status":"publish","type":"post","link":"http:\/\/www.michael-schumacher.es\/noticias-f1\/2012\/11\/16\/hockenheim-no-esta-listo-para-el-gp-de-alemania-2013\/","title":{"rendered":"Hockenheim no est\u00e1 listo para el GP de Alemania 2013"},"content":{"rendered":"<p><a href=\"http:\/\/www.michael-schumacher.es\/noticias-f1\/wp-content\/uploads\/2012\/11\/hockenheim-alemania.jpg\"><img loading=\"lazy\" class=\"alignleft\" title=\"hockenheim alemania\" src=\"http:\/\/www.michael-schumacher.es\/noticias-f1\/wp-content\/uploads\/2012\/11\/hockenheim-alemania.jpg\" alt=\"\" width=\"200\" height=\"133\" \/><\/a>Aunque el circuito de Hockenheim, no est\u00e1 listo para este GP Y tampoco est\u00e1n seguros de que deseen este Gran Premio. Ya que el acuerdo era de alternancia entre el circuito de Nurburgring y Hockenheim y este circuito iba a organizar esta carrera en 2014 por lo que no est\u00e1n preparados para enfrentarla un a\u00f1o antes.<\/p>\n<p><!--more--> <!--noteaser--><\/p>\n<p><a href=\"http:\/\/www.michael-schumacher.es\/noticias-f1\/wp-content\/uploads\/2012\/11\/hockenheim-alemania.jpg\"><img loading=\"lazy\" class=\"aligncenter size-full wp-image-6013\" title=\"hockenheim alemania\" src=\"http:\/\/www.michael-schumacher.es\/noticias-f1\/wp-content\/uploads\/2012\/11\/hockenheim-alemania.jpg\" alt=\"\" width=\"650\" height=\"433\" srcset=\"http:\/\/www.michael-schumacher.es\/noticias-f1\/wp-content\/uploads\/2012\/11\/hockenheim-alemania.jpg 650w, http:\/\/www.michael-schumacher.es\/noticias-f1\/wp-content\/uploads\/2012\/11\/hockenheim-alemania-300x199.jpg 300w\" sizes=\"(max-width: 650px) 100vw, 650px\" \/><\/a><\/p>\n<p>Aunque el circuito de Hockenheim, no est\u00e1 listo para este GP Y tampoco est\u00e1n seguros de que deseen este Gran Premio. Ya que el acuerdo era de alternancia entre el circuito de Nurburgring y Hockenheim y este circuito iba a organizar esta carrera en 2014 por lo que no est\u00e1n preparados para enfrentarla un a\u00f1o antes.<\/p>\n<p>&nbsp;<\/p>\n<p>Ademas aunque se presupone que hab\u00eda negociaciones a este respecto, \u00a0los funcionarios Hockenheim declaran que ni siquiera ha sido discutida con Bernie Ecclestone esta posible opci\u00f3n, seg\u00fan Dieter Gummer, alcalde de Hockenheim: <strong>\u00abEs cierto que estamos en contacto permanente (con Bernie Ecclestone), pero nunca habl\u00f3 sobre el regreso de la F1 en Hockenheim en 2013. Antes de organizar el Gran Premio de Alemania, se necesita por lo menos que podemos discutir. De todos modos, la prioridad es que se lleva a cabo en el circuito de Nurburgring. \u00ab<\/strong><\/p>\n<p>&nbsp;<\/p>\n<p>No est\u00e1 el pensamiento albergar una carrera de F1 en Hockenheim el a\u00f1o que viene, porque organizarla lleva mucho tiempo y se inicia al terminar el GP,\u00a0 a\u00f1adio \u00a0Gummer: <strong>\u00abSer\u00eda ciertamente problem\u00e1tico, se inicia el preparativo nada m\u00e1s finalizar la carrera anterior\u00bb.<\/strong><\/p>\n<div class=\"sharedaddy sd-sharing-enabled\"><div class=\"robots-nocontent sd-block sd-social sd-social-official sd-sharing\"><h3 class=\"sd-title\">Opciones Sociales:<\/h3><div class=\"sd-content\"><ul><li class=\"share-facebook\"><div class=\"fb-share-button\" data-href=\"http:\/\/www.michael-schumacher.es\/noticias-f1\/2012\/11\/16\/hockenheim-no-esta-listo-para-el-gp-de-alemania-2013\/\" data-layout=\"button_count\"><\/div><\/li><li class=\"share-twitter\"><a href=\"https:\/\/twitter.com\/share\" class=\"twitter-share-button\" data-url=\"http:\/\/www.michael-schumacher.es\/noticias-f1\/2012\/11\/16\/hockenheim-no-esta-listo-para-el-gp-de-alemania-2013\/\" data-text=\"Hockenheim no est\u00e1 listo para el GP de Alemania 2013\"  >Tweet<\/a><\/li><li class=\"share-email\"><a rel=\"nofollow noopener noreferrer\" data-shared=\"\" class=\"share-email sd-button\" href=\"http:\/\/www.michael-schumacher.es\/noticias-f1\/2012\/11\/16\/hockenheim-no-esta-listo-para-el-gp-de-alemania-2013\/?share=email\" target=\"_blank\" title=\"Haz clic para enviar por correo electr\u00f3nico a un amigo\"><span>Correo electr\u00f3nico<\/span><\/a><\/li><li class=\"share-end\"><\/li><\/ul><\/div><\/div><\/div>","protected":false},"excerpt":{"rendered":"<p>Aunque el circuito de Hockenheim, no est\u00e1 listo para este GP Y tampoco est\u00e1n seguros de que deseen este Gran Premio. Ya que el acuerdo era de alternancia entre el circuito de Nurburgring y Hockenheim y este circuito iba a organizar esta carrera en 2014 por lo que no est\u00e1n preparados para enfrentarla un a\u00f1o [&hellip;]<\/p>\n<div class=\"sharedaddy sd-sharing-enabled\"><div class=\"robots-nocontent sd-block sd-social sd-social-official sd-sharing\"><h3 class=\"sd-title\">Opciones Sociales:<\/h3><div class=\"sd-content\"><ul><li class=\"share-facebook\"><div class=\"fb-share-button\" data-href=\"http:\/\/www.michael-schumacher.es\/noticias-f1\/2012\/11\/16\/hockenheim-no-esta-listo-para-el-gp-de-alemania-2013\/\" data-layout=\"button_count\"><\/div><\/li><li class=\"share-twitter\"><a href=\"https:\/\/twitter.com\/share\" class=\"twitter-share-button\" data-url=\"http:\/\/www.michael-schumacher.es\/noticias-f1\/2012\/11\/16\/hockenheim-no-esta-listo-para-el-gp-de-alemania-2013\/\" data-text=\"Hockenheim no est\u00e1 listo para el GP de Alemania 2013\"  >Tweet<\/a><\/li><li class=\"share-email\"><a rel=\"nofollow noopener noreferrer\" data-shared=\"\" class=\"share-email sd-button\" href=\"http:\/\/www.michael-schumacher.es\/noticias-f1\/2012\/11\/16\/hockenheim-no-esta-listo-para-el-gp-de-alemania-2013\/?share=email\" target=\"_blank\" title=\"Haz clic para enviar por correo electr\u00f3nico a un amigo\"><span>Correo electr\u00f3nico<\/span><\/a><\/li><li class=\"share-end\"><\/li><\/ul><\/div><\/div><\/div>","protected":false},"author":3,"featured_media":0,"comment_status":"open","ping_status":"open","sticky":false,"template":"","format":"standard","meta":{"_monsterinsights_skip_tracking":false,"_monsterinsights_sitenote_active":false,"_monsterinsights_sitenote_note":"","_monsterinsights_sitenote_category":0,"spay_email":"","jetpack_publicize_message":"","jetpack_is_tweetstorm":false,"jetpack_publicize_feature_enabled":true},"categories":[3],"tags":[373,758,696,1991,1989,135,317,17,15,6,542,1318,580,1990],"jetpack_featured_media_url":"","jetpack_publicize_connections":[],"jetpack_sharing_enabled":true,"jetpack_shortlink":"https:\/\/wp.me\/p27q3P-1yF","_links":{"self":[{"href":"http:\/\/www.michael-schumacher.es\/noticias-f1\/wp-json\/wp\/v2\/posts\/5993"}],"collection":[{"href":"http:\/\/www.michael-schumacher.es\/noticias-f1\/wp-json\/wp\/v2\/posts"}],"about":[{"href":"http:\/\/www.michael-schumacher.es\/noticias-f1\/wp-json\/wp\/v2\/types\/post"}],"author":[{"embeddable":true,"href":"http:\/\/www.michael-schumacher.es\/noticias-f1\/wp-json\/wp\/v2\/users\/3"}],"replies":[{"embeddable":true,"href":"http:\/\/www.michael-schumacher.es\/noticias-f1\/wp-json\/wp\/v2\/comments?post=5993"}],"version-history":[{"count":0,"href":"http:\/\/www.michael-schumacher.es\/noticias-f1\/wp-json\/wp\/v2\/posts\/5993\/revisions"}],"wp:attachment":[{"href":"http:\/\/www.michael-schumacher.es\/noticias-f1\/wp-json\/wp\/v2\/media?parent=5993"}],"wp:term":[{"taxonomy":"category","embeddable":true,"href":"http:\/\/www.michael-schumacher.es\/noticias-f1\/wp-json\/wp\/v2\/categories?post=5993"},{"taxonomy":"post_tag","embeddable":true,"href":"http:\/\/www.michael-schumacher.es\/noticias-f1\/wp-json\/wp\/v2\/tags?post=5993"}],"curies":[{"name":"wp","href":"https:\/\/api.w.org\/{rel}","templated":true}]}}