{"id":6037,"date":"2012-11-17T01:02:51","date_gmt":"2012-11-17T00:02:51","guid":{"rendered":"http:\/\/www.michael-schumacher.es\/noticias-f1\/?p=6037"},"modified":"2012-11-17T01:02:51","modified_gmt":"2012-11-17T00:02:51","slug":"entrenamientos-gp-de-estados-unidos-austin-williams","status":"publish","type":"post","link":"http:\/\/www.michael-schumacher.es\/noticias-f1\/2012\/11\/17\/entrenamientos-gp-de-estados-unidos-austin-williams\/","title":{"rendered":"Entrenamientos GP de Estados Unidos, Austin. Williams"},"content":{"rendered":"<p><a href=\"http:\/\/www.michael-schumacher.es\/noticias-f1\/wp-content\/uploads\/2012\/08\/david_sarro.senna-1-mini.jpg\"><img loading=\"lazy\" class=\"alignleft size-full wp-image-2934\" title=\"david_sarro.senna-1-mini\" src=\"http:\/\/www.michael-schumacher.es\/noticias-f1\/wp-content\/uploads\/2012\/08\/david_sarro.senna-1-mini.jpg\" alt=\"\" width=\"200\" height=\"133\" \/><\/a>Todo el equipo Williams esta gratamente impresionado con el circuito de las Americas. Aunque tanto \u00a0Maldonado como \u00a0Senna se quejan de una pista muy resbaladiza Pastor Maldonado ha tenido un entrenamiento con problemas mec\u00e1nicos por una fuga de aire. Bruno Senna dice necesitar todav\u00eda de tiempo para acostumbrarse y conf\u00eda en que mejore el agarre para ma\u00f1ana y en la carrera<\/p>\n<p><!--more--> <!--noteaser--><\/p>\n<p><a href=\"http:\/\/www.michael-schumacher.es\/noticias-f1\/wp-content\/uploads\/2012\/08\/david_sarro.senna-1.jpg\"><img loading=\"lazy\" class=\"aligncenter size-full wp-image-2933\" title=\"david_sarro.senna-1\" src=\"http:\/\/www.michael-schumacher.es\/noticias-f1\/wp-content\/uploads\/2012\/08\/david_sarro.senna-1.jpg\" alt=\"\" width=\"600\" height=\"400\" srcset=\"http:\/\/www.michael-schumacher.es\/noticias-f1\/wp-content\/uploads\/2012\/08\/david_sarro.senna-1.jpg 600w, http:\/\/www.michael-schumacher.es\/noticias-f1\/wp-content\/uploads\/2012\/08\/david_sarro.senna-1-300x200.jpg 300w\" sizes=\"(max-width: 600px) 100vw, 600px\" \/><\/a><\/p>\n<p>Todo el equipo Williams esta gratamente impresionado con el circuito de las Americas. Aunque tanto \u00a0Maldonado como \u00a0Senna se quejan de una pista muy resbaladiza Pastor Maldonado ha tenido un entrenamiento con problemas mec\u00e1nicos por una fuga de aire. Bruno Senna dice necesitar todav\u00eda de tiempo para acostumbrarse y conf\u00eda en que mejore el agarre para ma\u00f1ana y en la carrera<\/p>\n<p>&nbsp;<\/p>\n<p><strong>Bruno Senna:<\/strong> \u201cLa pista est\u00e1 realmente dif\u00edcil, as\u00ed que fue genial ejecutar en la actualidad. Es muy r\u00e1pido y fluido, y tambi\u00e9n un poco resbaladiza en el momento pero el agarre vendra. Ha sido una sesi\u00f3n dif\u00edcil ya que hay mucho para acostumbrarse con el coche y los neum\u00e1ticos. Tenemos que seguir empujando para tratar de entender mejor el coche y mejorar para asegurarse de que estamos en los puntos este fin de semana.\u201d<\/p>\n<p>&nbsp;<\/p>\n<p><strong>Pastor Maldonado:<\/strong> \u201cEl circuito es muy agradable y fue muy divertido de conducir. Estaba muy resbaladizo, sobre todo esta ma\u00f1ana con los neum\u00e1ticos duros, pero es el mismo para todos. Nos ha costado un poco hoy con el coche, tenemos que mirar esta noche con el fin de estar listo para ma\u00f1ana.\u201d<\/p>\n<p>&nbsp;<\/p>\n<p><strong>Mark Gillan, Ingeniero Jefe de Operaciones:<\/strong> \u201cLos pilotos y los ingenieros est\u00e1n muy impresionados con el trazado de la pista nueva. Evoluci\u00f3n de la pista en la FP1 fue alta con los niveles de adherencia iniciales son extremadamente bajos. Hemos hecho una serie de cambios en la puesta a ambos coches a darnos cuenta de las condiciones de la pista. En FP2 Bruno que se ejecuta en los niveles m\u00e1s bajos del combustible y mayor era fuerte. Pastor estaba menos contento con el equilibrio del coche y tenemos un mont\u00f3n de trabajo que hacer esta noche para optimizar a\u00fan m\u00e1s la configuraci\u00f3n del coche. En la \u00faltima carrera de Pastor tuvimos que parar el coche con el motor con una fuga de aire.\u201d<\/p>\n<p>&nbsp;<\/p>\n<p><strong>Imagen:<\/strong> David Sarr\u00f3<\/p>\n<div class=\"sharedaddy sd-sharing-enabled\"><div class=\"robots-nocontent sd-block sd-social sd-social-official sd-sharing\"><h3 class=\"sd-title\">Opciones Sociales:<\/h3><div class=\"sd-content\"><ul><li class=\"share-facebook\"><div class=\"fb-share-button\" data-href=\"http:\/\/www.michael-schumacher.es\/noticias-f1\/2012\/11\/17\/entrenamientos-gp-de-estados-unidos-austin-williams\/\" data-layout=\"button_count\"><\/div><\/li><li class=\"share-twitter\"><a href=\"https:\/\/twitter.com\/share\" class=\"twitter-share-button\" data-url=\"http:\/\/www.michael-schumacher.es\/noticias-f1\/2012\/11\/17\/entrenamientos-gp-de-estados-unidos-austin-williams\/\" data-text=\"Entrenamientos GP de Estados Unidos, Austin. Williams\"  >Tweet<\/a><\/li><li class=\"share-email\"><a rel=\"nofollow noopener noreferrer\" data-shared=\"\" class=\"share-email sd-button\" href=\"http:\/\/www.michael-schumacher.es\/noticias-f1\/2012\/11\/17\/entrenamientos-gp-de-estados-unidos-austin-williams\/?share=email\" target=\"_blank\" title=\"Haz clic para enviar por correo electr\u00f3nico a un amigo\"><span>Correo electr\u00f3nico<\/span><\/a><\/li><li class=\"share-end\"><\/li><\/ul><\/div><\/div><\/div>","protected":false},"excerpt":{"rendered":"<p>Todo el equipo Williams esta gratamente impresionado con el circuito de las Americas. Aunque tanto \u00a0Maldonado como \u00a0Senna se quejan de una pista muy resbaladiza Pastor Maldonado ha tenido un entrenamiento con problemas mec\u00e1nicos por una fuga de aire. Bruno Senna dice necesitar todav\u00eda de tiempo para acostumbrarse y conf\u00eda en que mejore el agarre [&hellip;]<\/p>\n<div class=\"sharedaddy sd-sharing-enabled\"><div class=\"robots-nocontent sd-block sd-social sd-social-official sd-sharing\"><h3 class=\"sd-title\">Opciones Sociales:<\/h3><div class=\"sd-content\"><ul><li class=\"share-facebook\"><div class=\"fb-share-button\" data-href=\"http:\/\/www.michael-schumacher.es\/noticias-f1\/2012\/11\/17\/entrenamientos-gp-de-estados-unidos-austin-williams\/\" data-layout=\"button_count\"><\/div><\/li><li class=\"share-twitter\"><a href=\"https:\/\/twitter.com\/share\" class=\"twitter-share-button\" data-url=\"http:\/\/www.michael-schumacher.es\/noticias-f1\/2012\/11\/17\/entrenamientos-gp-de-estados-unidos-austin-williams\/\" data-text=\"Entrenamientos GP de Estados Unidos, Austin. Williams\"  >Tweet<\/a><\/li><li class=\"share-email\"><a rel=\"nofollow noopener noreferrer\" data-shared=\"\" class=\"share-email sd-button\" href=\"http:\/\/www.michael-schumacher.es\/noticias-f1\/2012\/11\/17\/entrenamientos-gp-de-estados-unidos-austin-williams\/?share=email\" target=\"_blank\" title=\"Haz clic para enviar por correo electr\u00f3nico a un amigo\"><span>Correo electr\u00f3nico<\/span><\/a><\/li><li class=\"share-end\"><\/li><\/ul><\/div><\/div><\/div>","protected":false},"author":3,"featured_media":0,"comment_status":"open","ping_status":"open","sticky":false,"template":"","format":"standard","meta":{"_monsterinsights_skip_tracking":false,"_monsterinsights_sitenote_active":false,"_monsterinsights_sitenote_note":"","_monsterinsights_sitenote_category":0,"spay_email":"","jetpack_publicize_message":"","jetpack_is_tweetstorm":false,"jetpack_publicize_feature_enabled":true},"categories":[67,3],"tags":[14,703,94,1490,434,17,15,6,97,96,5,95,846,93],"jetpack_featured_media_url":"","jetpack_publicize_connections":[],"jetpack_sharing_enabled":true,"jetpack_shortlink":"https:\/\/wp.me\/p27q3P-1zn","_links":{"self":[{"href":"http:\/\/www.michael-schumacher.es\/noticias-f1\/wp-json\/wp\/v2\/posts\/6037"}],"collection":[{"href":"http:\/\/www.michael-schumacher.es\/noticias-f1\/wp-json\/wp\/v2\/posts"}],"about":[{"href":"http:\/\/www.michael-schumacher.es\/noticias-f1\/wp-json\/wp\/v2\/types\/post"}],"author":[{"embeddable":true,"href":"http:\/\/www.michael-schumacher.es\/noticias-f1\/wp-json\/wp\/v2\/users\/3"}],"replies":[{"embeddable":true,"href":"http:\/\/www.michael-schumacher.es\/noticias-f1\/wp-json\/wp\/v2\/comments?post=6037"}],"version-history":[{"count":0,"href":"http:\/\/www.michael-schumacher.es\/noticias-f1\/wp-json\/wp\/v2\/posts\/6037\/revisions"}],"wp:attachment":[{"href":"http:\/\/www.michael-schumacher.es\/noticias-f1\/wp-json\/wp\/v2\/media?parent=6037"}],"wp:term":[{"taxonomy":"category","embeddable":true,"href":"http:\/\/www.michael-schumacher.es\/noticias-f1\/wp-json\/wp\/v2\/categories?post=6037"},{"taxonomy":"post_tag","embeddable":true,"href":"http:\/\/www.michael-schumacher.es\/noticias-f1\/wp-json\/wp\/v2\/tags?post=6037"}],"curies":[{"name":"wp","href":"https:\/\/api.w.org\/{rel}","templated":true}]}}