{"id":607,"date":"2012-04-30T00:09:00","date_gmt":"2012-04-29T22:09:00","guid":{"rendered":"http:\/\/www.michael-schumacher.es\/noticias-f1\/?p=607"},"modified":"2012-04-30T00:09:00","modified_gmt":"2012-04-29T22:09:00","slug":"kimi-puede-aspirar-a-ganar-el-titulo-de-f1-segun-salo","status":"publish","type":"post","link":"http:\/\/www.michael-schumacher.es\/noticias-f1\/2012\/04\/30\/kimi-puede-aspirar-a-ganar-el-titulo-de-f1-segun-salo\/","title":{"rendered":"Kimi puede aspirar a ganar el Titulo de F1, seg\u00fan Salo"},"content":{"rendered":"<p><img loading=\"lazy\" class=\"alignleft\" title=\"Kimi Raikkonen\" src=\"http:\/\/img.michael-schumacher.es\/noticias-f1\/kimi-raikkonen\/kimi-1-mini.jpg\" alt=\"Kimi Raikkonen\" width=\"202\" height=\"100\" \/>Kimi raikkonen regreso con Lotus a F1 despues de dos a\u00f1os en el Campeonato Mundial de Rallys, y en la ultima carrera en Bahrein, ha conseguido terminar segundo y demostrar que no ha perdido sus grandes capacidades de conducci\u00f3n.<\/p>\n<p><!--more--> <!--noteaser--><\/p>\n<p><img loading=\"lazy\" class=\"aligncenter\" title=\"Kimi Raikkonen\" src=\"http:\/\/img.michael-schumacher.es\/noticias-f1\/kimi-raikkonen\/kimi-1.jpg\" alt=\"Kimi Raikkonen\" width=\"605\" height=\"300\" \/><\/p>\n<p>Kimi raikkonen regreso con Lotus a F1 despues de dos a\u00f1os en el Campeonato Mundial de Rallys, y en la ultima carrera en Bahrein, ha conseguido terminar segundo y demostrar que no ha perdido sus grandes capacidades de conducci\u00f3n.<\/p>\n<p>&nbsp;<\/p>\n<p>Si bien es cierto que su compa\u00f1ero, el Frances Romain Grosjean termino detr\u00e1s de \u00e9l, tercero en el podio, esto reafirma el buen estado de Lotus esta temporada y sugiere a Salo (piloto de F1 entre 1994-2002) que su compatriota Raikkonen, tiene realmente una buena oportunidad de luchar por el Campeonato.<\/p>\n<p>&nbsp;<\/p>\n<p>En declaraciones a la televisi\u00f3n salo afirmo : <strong>\u00abEl equipo m\u00e1s consistente ha sido Lotus. Han sido r\u00e1pidos en todos los circuitos hasta el momento. En ese sentido, la situaci\u00f3n de Raikkonen se ve muy bien. Yo no lo excluyo para nada que va a estar luchando en la final del Campeonato, en caso de Lotus es capaz de mantener el ritmo de desarrollo. Raikkonen podr\u00eda luchar por el t\u00edtulo\u00bb<\/strong><\/p>\n<div class=\"sharedaddy sd-sharing-enabled\"><div class=\"robots-nocontent sd-block sd-social sd-social-official sd-sharing\"><h3 class=\"sd-title\">Opciones Sociales:<\/h3><div class=\"sd-content\"><ul><li class=\"share-facebook\"><div class=\"fb-share-button\" data-href=\"http:\/\/www.michael-schumacher.es\/noticias-f1\/2012\/04\/30\/kimi-puede-aspirar-a-ganar-el-titulo-de-f1-segun-salo\/\" data-layout=\"button_count\"><\/div><\/li><li class=\"share-twitter\"><a href=\"https:\/\/twitter.com\/share\" class=\"twitter-share-button\" data-url=\"http:\/\/www.michael-schumacher.es\/noticias-f1\/2012\/04\/30\/kimi-puede-aspirar-a-ganar-el-titulo-de-f1-segun-salo\/\" data-text=\"Kimi puede aspirar a ganar el Titulo de F1, seg\u00fan Salo\"  >Tweet<\/a><\/li><li class=\"share-email\"><a rel=\"nofollow noopener noreferrer\" data-shared=\"\" class=\"share-email sd-button\" href=\"http:\/\/www.michael-schumacher.es\/noticias-f1\/2012\/04\/30\/kimi-puede-aspirar-a-ganar-el-titulo-de-f1-segun-salo\/?share=email\" target=\"_blank\" title=\"Haz clic para enviar por correo electr\u00f3nico a un amigo\"><span>Correo electr\u00f3nico<\/span><\/a><\/li><li class=\"share-end\"><\/li><\/ul><\/div><\/div><\/div>","protected":false},"excerpt":{"rendered":"<p>Kimi raikkonen regreso con Lotus a F1 despues de dos a\u00f1os en el Campeonato Mundial de Rallys, y en la ultima carrera en Bahrein, ha conseguido terminar segundo y demostrar que no ha perdido sus grandes capacidades de conducci\u00f3n.<\/p>\n<div class=\"sharedaddy sd-sharing-enabled\"><div class=\"robots-nocontent sd-block sd-social sd-social-official sd-sharing\"><h3 class=\"sd-title\">Opciones Sociales:<\/h3><div class=\"sd-content\"><ul><li class=\"share-facebook\"><div class=\"fb-share-button\" data-href=\"http:\/\/www.michael-schumacher.es\/noticias-f1\/2012\/04\/30\/kimi-puede-aspirar-a-ganar-el-titulo-de-f1-segun-salo\/\" data-layout=\"button_count\"><\/div><\/li><li class=\"share-twitter\"><a href=\"https:\/\/twitter.com\/share\" class=\"twitter-share-button\" data-url=\"http:\/\/www.michael-schumacher.es\/noticias-f1\/2012\/04\/30\/kimi-puede-aspirar-a-ganar-el-titulo-de-f1-segun-salo\/\" data-text=\"Kimi puede aspirar a ganar el Titulo de F1, seg\u00fan Salo\"  >Tweet<\/a><\/li><li class=\"share-email\"><a rel=\"nofollow noopener noreferrer\" data-shared=\"\" class=\"share-email sd-button\" href=\"http:\/\/www.michael-schumacher.es\/noticias-f1\/2012\/04\/30\/kimi-puede-aspirar-a-ganar-el-titulo-de-f1-segun-salo\/?share=email\" target=\"_blank\" title=\"Haz clic para enviar por correo electr\u00f3nico a un amigo\"><span>Correo electr\u00f3nico<\/span><\/a><\/li><li class=\"share-end\"><\/li><\/ul><\/div><\/div><\/div>","protected":false},"author":3,"featured_media":0,"comment_status":"open","ping_status":"open","sticky":false,"template":"","format":"standard","meta":{"_monsterinsights_skip_tracking":false,"_monsterinsights_sitenote_active":false,"_monsterinsights_sitenote_note":"","_monsterinsights_sitenote_category":0,"spay_email":"","jetpack_publicize_message":"","jetpack_is_tweetstorm":false,"jetpack_publicize_feature_enabled":true},"categories":[3],"tags":[25,29,17,271,15,23,81,26,270,195,272,269],"jetpack_featured_media_url":"","jetpack_publicize_connections":[],"jetpack_sharing_enabled":true,"jetpack_shortlink":"https:\/\/wp.me\/p27q3P-9N","_links":{"self":[{"href":"http:\/\/www.michael-schumacher.es\/noticias-f1\/wp-json\/wp\/v2\/posts\/607"}],"collection":[{"href":"http:\/\/www.michael-schumacher.es\/noticias-f1\/wp-json\/wp\/v2\/posts"}],"about":[{"href":"http:\/\/www.michael-schumacher.es\/noticias-f1\/wp-json\/wp\/v2\/types\/post"}],"author":[{"embeddable":true,"href":"http:\/\/www.michael-schumacher.es\/noticias-f1\/wp-json\/wp\/v2\/users\/3"}],"replies":[{"embeddable":true,"href":"http:\/\/www.michael-schumacher.es\/noticias-f1\/wp-json\/wp\/v2\/comments?post=607"}],"version-history":[{"count":0,"href":"http:\/\/www.michael-schumacher.es\/noticias-f1\/wp-json\/wp\/v2\/posts\/607\/revisions"}],"wp:attachment":[{"href":"http:\/\/www.michael-schumacher.es\/noticias-f1\/wp-json\/wp\/v2\/media?parent=607"}],"wp:term":[{"taxonomy":"category","embeddable":true,"href":"http:\/\/www.michael-schumacher.es\/noticias-f1\/wp-json\/wp\/v2\/categories?post=607"},{"taxonomy":"post_tag","embeddable":true,"href":"http:\/\/www.michael-schumacher.es\/noticias-f1\/wp-json\/wp\/v2\/tags?post=607"}],"curies":[{"name":"wp","href":"https:\/\/api.w.org\/{rel}","templated":true}]}}