{"id":6086,"date":"2012-11-18T03:01:47","date_gmt":"2012-11-18T02:01:47","guid":{"rendered":"http:\/\/www.michael-schumacher.es\/noticias-f1\/?p=6086"},"modified":"2012-11-18T03:02:14","modified_gmt":"2012-11-18T02:02:14","slug":"calificacion-gp-de-estados-unidos-austin-caterham","status":"publish","type":"post","link":"http:\/\/www.michael-schumacher.es\/noticias-f1\/2012\/11\/18\/calificacion-gp-de-estados-unidos-austin-caterham\/","title":{"rendered":"Calificaci\u00f3n GP de Estados Unidos, Austin. Caterham"},"content":{"rendered":"<p><a href=\"http:\/\/www.michael-schumacher.es\/noticias-f1\/wp-content\/uploads\/2012\/08\/david_sarro.petrov-1-mini.jpg\"><img loading=\"lazy\" class=\"alignleft size-full wp-image-3376\" title=\"Vitaly Petrov 1  - Miniatura\" src=\"http:\/\/www.michael-schumacher.es\/noticias-f1\/wp-content\/uploads\/2012\/08\/david_sarro.petrov-1-mini.jpg\" alt=\"\" width=\"200\" height=\"133\" \/><\/a>Los Caterham han quedado por detr\u00e1s de los Marussia en la calificaci\u00f3n del circuito de Austin, ya que ambos pilotos se quejan de encontrar tr\u00e1fico y de problemas con la temperatura de los neum\u00e1ticos. Aunque el equipo espera poder encontrar mayor rendimiento ma\u00f1ana para la carrera para lograr un mejor resultado<\/p>\n<p><!--more--> <!--noteaser--><\/p>\n<p><a href=\"http:\/\/www.michael-schumacher.es\/noticias-f1\/wp-content\/uploads\/2012\/08\/david_sarro.petrov-1.jpg\"><img loading=\"lazy\" class=\"aligncenter  wp-image-3375\" title=\"Vitaly Petrov 1  \" src=\"http:\/\/www.michael-schumacher.es\/noticias-f1\/wp-content\/uploads\/2012\/08\/david_sarro.petrov-1.jpg\" alt=\"\" width=\"600\" height=\"400\" srcset=\"http:\/\/www.michael-schumacher.es\/noticias-f1\/wp-content\/uploads\/2012\/08\/david_sarro.petrov-1.jpg 600w, http:\/\/www.michael-schumacher.es\/noticias-f1\/wp-content\/uploads\/2012\/08\/david_sarro.petrov-1-300x200.jpg 300w\" sizes=\"(max-width: 600px) 100vw, 600px\" \/><\/a><\/p>\n<p>Los Caterham han quedado por detr\u00e1s de los Marussia en la calificaci\u00f3n del circuito de Austin, ya que ambos pilotos se quejan de encontrar tr\u00e1fico y de problemas con la temperatura de los neum\u00e1ticos. Aunque el equipo espera poder encontrar mayor rendimiento ma\u00f1ana para la carrera para lograr un mejor resultado<\/p>\n<p><strong>\u00a0<\/strong><\/p>\n<p><strong>Heikki Kovalainen: <\/strong>\u00abTenemos un rendimiento inferior hoy en d\u00eda, es as\u00ed de simple fuimos con un plan que no funcion\u00f3 y desgraciadamente tanto Vitaly como yo, no pudimos conseguir suficiente calor en los neum\u00e1ticos para obtener lo mejor de ellos, o gestionar el tr\u00e1fico, as\u00ed para conseguir una vuelta limpia. Ma\u00f1ana ser\u00e1 otro d\u00eda, as\u00ed que ahora tenemos que reagruparnos y tener un mejor rendimiento en la carrera que lo que hemos hecho hoy\u00bb.<\/p>\n<p>&nbsp;<\/p>\n<p><strong>Vitaly Petrov:<\/strong> \u00abLa calificaci\u00f3n obviamente no fue lo que quer\u00edamos tuvimos problemas de tr\u00e1fico en cada vuelta y no era capaz de poner junta una vuelta limpia, pero incluso sin eso hemos luchado con los neum\u00e1ticos aqu\u00ed todo el fin de semana y como mostraron hoy. Era un mal momento para nosotros en que la HRT se detuvo en la pista justo cuando Heikki y yo est\u00e1bamos en nuestras vueltas m\u00e1s r\u00e1pidas y al haber sido atrapado detr\u00e1s ellos, pero no se puede planificar para que lo que necesitamos hoy para poner detr\u00e1s de nosotros y espero que podamos estar mejor ma\u00f1ana \u00ab.<\/p>\n<p>&nbsp;<\/p>\n<p><strong>Imagen:<\/strong> David Sarr\u00f3<\/p>\n<div class=\"sharedaddy sd-sharing-enabled\"><div class=\"robots-nocontent sd-block sd-social sd-social-official sd-sharing\"><h3 class=\"sd-title\">Opciones Sociales:<\/h3><div class=\"sd-content\"><ul><li class=\"share-facebook\"><div class=\"fb-share-button\" data-href=\"http:\/\/www.michael-schumacher.es\/noticias-f1\/2012\/11\/18\/calificacion-gp-de-estados-unidos-austin-caterham\/\" data-layout=\"button_count\"><\/div><\/li><li class=\"share-twitter\"><a href=\"https:\/\/twitter.com\/share\" class=\"twitter-share-button\" data-url=\"http:\/\/www.michael-schumacher.es\/noticias-f1\/2012\/11\/18\/calificacion-gp-de-estados-unidos-austin-caterham\/\" data-text=\"Calificaci\u00f3n GP de Estados Unidos, Austin. Caterham\"  >Tweet<\/a><\/li><li class=\"share-email\"><a rel=\"nofollow noopener noreferrer\" data-shared=\"\" class=\"share-email sd-button\" href=\"http:\/\/www.michael-schumacher.es\/noticias-f1\/2012\/11\/18\/calificacion-gp-de-estados-unidos-austin-caterham\/?share=email\" target=\"_blank\" title=\"Haz clic para enviar por correo electr\u00f3nico a un amigo\"><span>Correo electr\u00f3nico<\/span><\/a><\/li><li class=\"share-end\"><\/li><\/ul><\/div><\/div><\/div>","protected":false},"excerpt":{"rendered":"<p>Los Caterham han quedado por detr\u00e1s de los Marussia en la calificaci\u00f3n del circuito de Austin, ya que ambos pilotos se quejan de encontrar tr\u00e1fico y de problemas con la temperatura de los neum\u00e1ticos. Aunque el equipo espera poder encontrar mayor rendimiento ma\u00f1ana para la carrera para lograr un mejor resultado<\/p>\n<div class=\"sharedaddy sd-sharing-enabled\"><div class=\"robots-nocontent sd-block sd-social sd-social-official sd-sharing\"><h3 class=\"sd-title\">Opciones Sociales:<\/h3><div class=\"sd-content\"><ul><li class=\"share-facebook\"><div class=\"fb-share-button\" data-href=\"http:\/\/www.michael-schumacher.es\/noticias-f1\/2012\/11\/18\/calificacion-gp-de-estados-unidos-austin-caterham\/\" data-layout=\"button_count\"><\/div><\/li><li class=\"share-twitter\"><a href=\"https:\/\/twitter.com\/share\" class=\"twitter-share-button\" data-url=\"http:\/\/www.michael-schumacher.es\/noticias-f1\/2012\/11\/18\/calificacion-gp-de-estados-unidos-austin-caterham\/\" data-text=\"Calificaci\u00f3n GP de Estados Unidos, Austin. Caterham\"  >Tweet<\/a><\/li><li class=\"share-email\"><a rel=\"nofollow noopener noreferrer\" data-shared=\"\" class=\"share-email sd-button\" href=\"http:\/\/www.michael-schumacher.es\/noticias-f1\/2012\/11\/18\/calificacion-gp-de-estados-unidos-austin-caterham\/?share=email\" target=\"_blank\" title=\"Haz clic para enviar por correo electr\u00f3nico a un amigo\"><span>Correo electr\u00f3nico<\/span><\/a><\/li><li class=\"share-end\"><\/li><\/ul><\/div><\/div><\/div>","protected":false},"author":3,"featured_media":0,"comment_status":"open","ping_status":"open","sticky":false,"template":"","format":"standard","meta":{"_monsterinsights_skip_tracking":false,"_monsterinsights_sitenote_active":false,"_monsterinsights_sitenote_note":"","_monsterinsights_sitenote_category":0,"spay_email":"","jetpack_publicize_message":"","jetpack_is_tweetstorm":false,"jetpack_publicize_feature_enabled":true},"categories":[68,3],"tags":[14,703,155,58,2020,1490,434,17,15,6,61,62,60,1598,846,59],"jetpack_featured_media_url":"","jetpack_publicize_connections":[],"jetpack_sharing_enabled":true,"jetpack_shortlink":"https:\/\/wp.me\/p27q3P-1Aa","_links":{"self":[{"href":"http:\/\/www.michael-schumacher.es\/noticias-f1\/wp-json\/wp\/v2\/posts\/6086"}],"collection":[{"href":"http:\/\/www.michael-schumacher.es\/noticias-f1\/wp-json\/wp\/v2\/posts"}],"about":[{"href":"http:\/\/www.michael-schumacher.es\/noticias-f1\/wp-json\/wp\/v2\/types\/post"}],"author":[{"embeddable":true,"href":"http:\/\/www.michael-schumacher.es\/noticias-f1\/wp-json\/wp\/v2\/users\/3"}],"replies":[{"embeddable":true,"href":"http:\/\/www.michael-schumacher.es\/noticias-f1\/wp-json\/wp\/v2\/comments?post=6086"}],"version-history":[{"count":0,"href":"http:\/\/www.michael-schumacher.es\/noticias-f1\/wp-json\/wp\/v2\/posts\/6086\/revisions"}],"wp:attachment":[{"href":"http:\/\/www.michael-schumacher.es\/noticias-f1\/wp-json\/wp\/v2\/media?parent=6086"}],"wp:term":[{"taxonomy":"category","embeddable":true,"href":"http:\/\/www.michael-schumacher.es\/noticias-f1\/wp-json\/wp\/v2\/categories?post=6086"},{"taxonomy":"post_tag","embeddable":true,"href":"http:\/\/www.michael-schumacher.es\/noticias-f1\/wp-json\/wp\/v2\/tags?post=6086"}],"curies":[{"name":"wp","href":"https:\/\/api.w.org\/{rel}","templated":true}]}}