{"id":6175,"date":"2012-11-20T01:27:53","date_gmt":"2012-11-20T00:27:53","guid":{"rendered":"http:\/\/www.michael-schumacher.es\/noticias-f1\/?p=6175"},"modified":"2012-11-20T01:36:51","modified_gmt":"2012-11-20T00:36:51","slug":"massa-yo-podria-haber-estado-por-delante-de-fernando","status":"publish","type":"post","link":"http:\/\/www.michael-schumacher.es\/noticias-f1\/2012\/11\/20\/massa-yo-podria-haber-estado-por-delante-de-fernando\/","title":{"rendered":"Massa: \u00abYo podr\u00eda haber estado por delante de Fernando\u00bb"},"content":{"rendered":"<p><a href=\"http:\/\/www.michael-schumacher.es\/noticias-f1\/wp-content\/uploads\/2012\/08\/ferrari-1-mini.jpg\"><img loading=\"lazy\" class=\"alignleft size-full wp-image-3090\" title=\"Ferrari 1 - miniatura\" src=\"http:\/\/www.michael-schumacher.es\/noticias-f1\/wp-content\/uploads\/2012\/08\/ferrari-1-mini.jpg\" alt=\"\" width=\"200\" height=\"133\" \/><\/a>Aunque el equipo Ferrari tomo una decisi\u00f3n estrat\u00e9gica de romper deliberadamente el sello de la caja de cambios de Massa, por lo que Felipe Massa recibi\u00f3 una esperada sanci\u00f3n, que lo colocaba en P11 y colocaba a su compa\u00f1ero de equipo en una posici\u00f3n m\u00e1s elevada y en la zona limpia de la pista.<\/p>\n<p><!--more--> <!--noteaser--><\/p>\n<p><a href=\"http:\/\/www.michael-schumacher.es\/noticias-f1\/wp-content\/uploads\/2012\/08\/ferrari-1.jpg\"><img loading=\"lazy\" class=\"aligncenter size-full wp-image-3089\" title=\"Ferrari 1 \" src=\"http:\/\/www.michael-schumacher.es\/noticias-f1\/wp-content\/uploads\/2012\/08\/ferrari-1.jpg\" alt=\"\" width=\"600\" height=\"400\" srcset=\"http:\/\/www.michael-schumacher.es\/noticias-f1\/wp-content\/uploads\/2012\/08\/ferrari-1.jpg 600w, http:\/\/www.michael-schumacher.es\/noticias-f1\/wp-content\/uploads\/2012\/08\/ferrari-1-300x200.jpg 300w\" sizes=\"(max-width: 600px) 100vw, 600px\" \/><\/a><\/p>\n<p>Aunque el equipo Ferrari tomo una decisi\u00f3n estrat\u00e9gica de romper deliberadamente el sello de la caja de cambios de Massa, por lo que Felipe Massa recibi\u00f3 una esperada sanci\u00f3n, que lo colocaba en P11 y colocaba a su compa\u00f1ero de equipo en una posici\u00f3n m\u00e1s elevada y en la zona limpia de la pista.<\/p>\n<p>&nbsp;<\/p>\n<p>Pese a este debacle para Massa, que hab\u00eda calificado bastante mejor que su compa\u00f1ero y seria relegado en cinco posiciones, hizo una carrera fant\u00e1stica con un inmejorable ritmo, tanto como para terminar la carrera inmediatamente detr\u00e1s de su compa\u00f1ero de equipo y aporto valiosos puntos tambi\u00e9n al equipo.<\/p>\n<p>&nbsp;<\/p>\n<p>Finalmente Felipe Massa se mostr\u00f3 muy satisfecho de su carrera, aunque \u00e9l no estaba feliz con la petici\u00f3n del equipo, accedi\u00f3, al concluir la carrera estaba muy contento y pensado que pod\u00eda haber acabado delante de su compa\u00f1ero: <strong>\u201cHa sido la mejor carrera de mi temporada, es una victoria. Inicialmente, pas\u00e9 a todos menos tres conductores y estaba bien todo el fin de semana. Yo no era feliz este fin de semana por ceder 5 lugares para ayudar a mi compa\u00f1ero de equipo, pero s\u00e9 que era muy importante. Todos los conductores lo har\u00edan, creo yo. Es muy bueno que el equipo haya sido honesto. Podr\u00eda estar por delante de Fernando, pero realmente ayude de todos modos. El resultado habla por s\u00ed mismo, no estaba contento esta ma\u00f1ana, pero estoy muy feliz ahora. \u00ab<\/strong><\/p>\n<div class=\"sharedaddy sd-sharing-enabled\"><div class=\"robots-nocontent sd-block sd-social sd-social-official sd-sharing\"><h3 class=\"sd-title\">Opciones Sociales:<\/h3><div class=\"sd-content\"><ul><li class=\"share-facebook\"><div class=\"fb-share-button\" data-href=\"http:\/\/www.michael-schumacher.es\/noticias-f1\/2012\/11\/20\/massa-yo-podria-haber-estado-por-delante-de-fernando\/\" data-layout=\"button_count\"><\/div><\/li><li class=\"share-twitter\"><a href=\"https:\/\/twitter.com\/share\" class=\"twitter-share-button\" data-url=\"http:\/\/www.michael-schumacher.es\/noticias-f1\/2012\/11\/20\/massa-yo-podria-haber-estado-por-delante-de-fernando\/\" data-text=\"Massa: &quot;Yo podr\u00eda haber estado por delante de Fernando&quot;\"  >Tweet<\/a><\/li><li class=\"share-email\"><a rel=\"nofollow noopener noreferrer\" data-shared=\"\" class=\"share-email sd-button\" href=\"http:\/\/www.michael-schumacher.es\/noticias-f1\/2012\/11\/20\/massa-yo-podria-haber-estado-por-delante-de-fernando\/?share=email\" target=\"_blank\" title=\"Haz clic para enviar por correo electr\u00f3nico a un amigo\"><span>Correo electr\u00f3nico<\/span><\/a><\/li><li class=\"share-end\"><\/li><\/ul><\/div><\/div><\/div>","protected":false},"excerpt":{"rendered":"<p>Aunque el equipo Ferrari tomo una decisi\u00f3n estrat\u00e9gica de romper deliberadamente el sello de la caja de cambios de Massa, por lo que Felipe Massa recibi\u00f3 una esperada sanci\u00f3n, que lo colocaba en P11 y colocaba a su compa\u00f1ero de equipo en una posici\u00f3n m\u00e1s elevada y en la zona limpia de la pista.<\/p>\n<div class=\"sharedaddy sd-sharing-enabled\"><div class=\"robots-nocontent sd-block sd-social sd-social-official sd-sharing\"><h3 class=\"sd-title\">Opciones Sociales:<\/h3><div class=\"sd-content\"><ul><li class=\"share-facebook\"><div class=\"fb-share-button\" data-href=\"http:\/\/www.michael-schumacher.es\/noticias-f1\/2012\/11\/20\/massa-yo-podria-haber-estado-por-delante-de-fernando\/\" data-layout=\"button_count\"><\/div><\/li><li class=\"share-twitter\"><a href=\"https:\/\/twitter.com\/share\" class=\"twitter-share-button\" data-url=\"http:\/\/www.michael-schumacher.es\/noticias-f1\/2012\/11\/20\/massa-yo-podria-haber-estado-por-delante-de-fernando\/\" data-text=\"Massa: &quot;Yo podr\u00eda haber estado por delante de Fernando&quot;\"  >Tweet<\/a><\/li><li class=\"share-email\"><a rel=\"nofollow noopener noreferrer\" data-shared=\"\" class=\"share-email sd-button\" href=\"http:\/\/www.michael-schumacher.es\/noticias-f1\/2012\/11\/20\/massa-yo-podria-haber-estado-por-delante-de-fernando\/?share=email\" target=\"_blank\" title=\"Haz clic para enviar por correo electr\u00f3nico a un amigo\"><span>Correo electr\u00f3nico<\/span><\/a><\/li><li class=\"share-end\"><\/li><\/ul><\/div><\/div><\/div>","protected":false},"author":3,"featured_media":0,"comment_status":"open","ping_status":"open","sticky":false,"template":"","format":"standard","meta":{"_monsterinsights_skip_tracking":false,"_monsterinsights_sitenote_active":false,"_monsterinsights_sitenote_note":"","_monsterinsights_sitenote_category":0,"spay_email":"","jetpack_publicize_message":"","jetpack_is_tweetstorm":false,"jetpack_publicize_feature_enabled":true},"categories":[3],"tags":[105,1593,17,106,104,141,15,108,621,2021],"jetpack_featured_media_url":"","jetpack_publicize_connections":[],"jetpack_sharing_enabled":true,"jetpack_shortlink":"https:\/\/wp.me\/p27q3P-1BB","_links":{"self":[{"href":"http:\/\/www.michael-schumacher.es\/noticias-f1\/wp-json\/wp\/v2\/posts\/6175"}],"collection":[{"href":"http:\/\/www.michael-schumacher.es\/noticias-f1\/wp-json\/wp\/v2\/posts"}],"about":[{"href":"http:\/\/www.michael-schumacher.es\/noticias-f1\/wp-json\/wp\/v2\/types\/post"}],"author":[{"embeddable":true,"href":"http:\/\/www.michael-schumacher.es\/noticias-f1\/wp-json\/wp\/v2\/users\/3"}],"replies":[{"embeddable":true,"href":"http:\/\/www.michael-schumacher.es\/noticias-f1\/wp-json\/wp\/v2\/comments?post=6175"}],"version-history":[{"count":0,"href":"http:\/\/www.michael-schumacher.es\/noticias-f1\/wp-json\/wp\/v2\/posts\/6175\/revisions"}],"wp:attachment":[{"href":"http:\/\/www.michael-schumacher.es\/noticias-f1\/wp-json\/wp\/v2\/media?parent=6175"}],"wp:term":[{"taxonomy":"category","embeddable":true,"href":"http:\/\/www.michael-schumacher.es\/noticias-f1\/wp-json\/wp\/v2\/categories?post=6175"},{"taxonomy":"post_tag","embeddable":true,"href":"http:\/\/www.michael-schumacher.es\/noticias-f1\/wp-json\/wp\/v2\/tags?post=6175"}],"curies":[{"name":"wp","href":"https:\/\/api.w.org\/{rel}","templated":true}]}}