{"id":6237,"date":"2012-11-22T02:28:25","date_gmt":"2012-11-22T01:28:25","guid":{"rendered":"http:\/\/www.michael-schumacher.es\/noticias-f1\/?p=6237"},"modified":"2012-11-22T02:28:25","modified_gmt":"2012-11-22T01:28:25","slug":"previo-gp-de-brasil-interlagos-hrt","status":"publish","type":"post","link":"http:\/\/www.michael-schumacher.es\/noticias-f1\/2012\/11\/22\/previo-gp-de-brasil-interlagos-hrt\/","title":{"rendered":"Previo GP de Brasil, Interlagos. HRT"},"content":{"rendered":"<p><a href=\"http:\/\/www.michael-schumacher.es\/noticias-f1\/wp-content\/uploads\/2012\/09\/david_sarro.narain-2-mini.jpg\"><img loading=\"lazy\" class=\"alignleft size-full wp-image-3572\" title=\"Narain Karthikeyan 2 - Miniatura\" src=\"http:\/\/www.michael-schumacher.es\/noticias-f1\/wp-content\/uploads\/2012\/09\/david_sarro.narain-2-mini.jpg\" alt=\"\" width=\"200\" height=\"133\" \/><\/a>El equipo HRT Formula 1 Team y sus pilotos, Pedro de la Rosa y Narain Karthikeyan, buscan cerrar la temporada con un resultado positivo tras una exigente pero gratificante temporada. El circuito de 4,309 kil\u00f3metros, ubicado en la localidad de Interlagos, es r\u00e1pido y uno de los pocos que van en sentido contrario a las agujas del reloj. La superficie bacheada y los altibajos del trazado hacen que sea una pista muy exigente para piloto y coche. La climatolog\u00eda, potencialmente inestable, ser\u00e1 un factor m\u00e1s a tener en cuenta en una de las carreras m\u00e1s populares del calendario y la \u00faltima prueba de la temporada 2012.<\/p>\n<p><!--more--> <!--noteaser--><\/p>\n<p><a href=\"http:\/\/www.michael-schumacher.es\/noticias-f1\/wp-content\/uploads\/2012\/09\/david_sarro.narain-2.jpg\"><img loading=\"lazy\" class=\"aligncenter size-full wp-image-3571\" title=\"Narain Karthikeyan 2 \" src=\"http:\/\/www.michael-schumacher.es\/noticias-f1\/wp-content\/uploads\/2012\/09\/david_sarro.narain-2.jpg\" alt=\"\" width=\"600\" height=\"400\" srcset=\"http:\/\/www.michael-schumacher.es\/noticias-f1\/wp-content\/uploads\/2012\/09\/david_sarro.narain-2.jpg 600w, http:\/\/www.michael-schumacher.es\/noticias-f1\/wp-content\/uploads\/2012\/09\/david_sarro.narain-2-300x200.jpg 300w\" sizes=\"(max-width: 600px) 100vw, 600px\" \/><\/a><\/p>\n<p>El equipo HRT Formula 1 Team y sus pilotos, Pedro de la Rosa y Narain Karthikeyan, buscan cerrar la temporada con un resultado positivo tras una exigente pero gratificante temporada. El circuito de 4,309 kil\u00f3metros, ubicado en la localidad de Interlagos, es r\u00e1pido y uno de los pocos que van en sentido contrario a las agujas del reloj. La superficie bacheada y los altibajos del trazado hacen que sea una pista muy exigente para piloto y coche. La climatolog\u00eda, potencialmente inestable, ser\u00e1 un factor m\u00e1s a tener en cuenta en una de las carreras m\u00e1s populares del calendario y la \u00faltima prueba de la temporada 2012.<\/p>\n<p>&nbsp;<\/p>\n<p><strong>Pedro de la Rosa:<\/strong> \u00abEs incre\u00edble c\u00f3mo pasa el tiempo y para nosotros llegar a Brasil, despu\u00e9s de todo lo que hemos conseguido, me llena de orgullo. El Gran Premio de Brasil es siempre muy especial, no solo por el trazado sino tambi\u00e9n por toda la historia de F\u00f3rmula 1 que contiene y por sus aficionados. Es una pista corta pero un desaf\u00edo constante en el que es posible adelantar. Pero la climatolog\u00eda y la lluvia que puede caer sobre el trazado pueden jugar un papel importante en el desenlace de la carrera. Si ese fuera el caso, tendremos que estar listos para aprovechar las oportunidades que se nos puedan presentar. Ser\u00e1 la \u00faltima carrera de la temporada y haremos todo lo que est\u00e9 en nuestras manos para lograr un buen resultado. Ser\u00eda fant\u00e1stico poder conseguirlo, no solo para el todo el equipo que ha trabajado tan duro a lo largo del a\u00f1o, sino tambi\u00e9n para todos los aficionados cuyo apoyo ha sido incre\u00edble esta temporada\u201d.<\/p>\n<p>&nbsp;<\/p>\n<p><strong>Narain Karthikeyan:<\/strong> \u00abInterlagos es un circuito que conozco y recuerdo de cuando corr\u00ed en 2005. La pista me gusta mucho y se nota la gran herencia de F\u00f3rmula 1. El trazado tiene partes muy interesantes y los cambios de nivel hacen que sea bastante espectacular. Pero tambi\u00e9n los aficionados lo hacen especial. Para los pilotos es f\u00edsicamente bastante exigente porque es uno de los pocos circuitos en los que se corre en sentido contrario a las agujas del reloj. Es la \u00faltima carrera de la temporada y todos estamos muy motivados para hacer un buen trabajo y terminar la temporada del mejor modo posible\u201d.<\/p>\n<p>&nbsp;<\/p>\n<p><strong>Luis P\u00e9rez-Sala, Team Principal:<\/strong> \u00abTras varias carreras en circuitos modernos, ahora llegamos a uno de los circuitos hist\u00f3ricos del calendario. El trazado es muy especial y el ambiente tambi\u00e9n es fant\u00e1stico, as\u00ed que afrontamos con muchas ganas la que ser\u00e1 una de las mejores carreras de la temporada y en la que se decidir\u00e1 el t\u00edtulo del Campeonato. En HRT Formula 1 Team, afrontaremos nuestro desaf\u00edo particular, pero tengo la certeza de que todo el mundo dar\u00e1 el m\u00e1ximo, como han hecho desde que empezamos con este proyecto. Hemos construido un equipo de F\u00f3rmula 1 desde cero en tiempo r\u00e9cord y podemos estar orgullosos de lo que hemos conseguido. Y yo me siento muy orgulloso de todos y cada uno de los miembros del equipo que, con su esfuerzo y compromiso, lo han hecho posible. Conf\u00edo que en Brasil podamos hacer una buena carrera porque ser\u00eda una buena recompensa para que el equipo terminara esta dura y larga temporada con un resultado positivo\u201d.<\/p>\n<p>&nbsp;<\/p>\n<p><strong>Imagen:<\/strong> David Sarr\u00f3<\/p>\n<div class=\"sharedaddy sd-sharing-enabled\"><div class=\"robots-nocontent sd-block sd-social sd-social-official sd-sharing\"><h3 class=\"sd-title\">Opciones Sociales:<\/h3><div class=\"sd-content\"><ul><li class=\"share-facebook\"><div class=\"fb-share-button\" data-href=\"http:\/\/www.michael-schumacher.es\/noticias-f1\/2012\/11\/22\/previo-gp-de-brasil-interlagos-hrt\/\" data-layout=\"button_count\"><\/div><\/li><li class=\"share-twitter\"><a href=\"https:\/\/twitter.com\/share\" class=\"twitter-share-button\" data-url=\"http:\/\/www.michael-schumacher.es\/noticias-f1\/2012\/11\/22\/previo-gp-de-brasil-interlagos-hrt\/\" data-text=\"Previo GP de Brasil, Interlagos. HRT\"  >Tweet<\/a><\/li><li class=\"share-email\"><a rel=\"nofollow noopener noreferrer\" data-shared=\"\" class=\"share-email sd-button\" href=\"http:\/\/www.michael-schumacher.es\/noticias-f1\/2012\/11\/22\/previo-gp-de-brasil-interlagos-hrt\/?share=email\" target=\"_blank\" title=\"Haz clic para enviar por correo electr\u00f3nico a un amigo\"><span>Correo electr\u00f3nico<\/span><\/a><\/li><li class=\"share-end\"><\/li><\/ul><\/div><\/div><\/div>","protected":false},"excerpt":{"rendered":"<p>El equipo HRT Formula 1 Team y sus pilotos, Pedro de la Rosa y Narain Karthikeyan, buscan cerrar la temporada con un resultado positivo tras una exigente pero gratificante temporada. El circuito de 4,309 kil\u00f3metros, ubicado en la localidad de Interlagos, es r\u00e1pido y uno de los pocos que van en sentido contrario a las [&hellip;]<\/p>\n<div class=\"sharedaddy sd-sharing-enabled\"><div class=\"robots-nocontent sd-block sd-social sd-social-official sd-sharing\"><h3 class=\"sd-title\">Opciones Sociales:<\/h3><div class=\"sd-content\"><ul><li class=\"share-facebook\"><div class=\"fb-share-button\" data-href=\"http:\/\/www.michael-schumacher.es\/noticias-f1\/2012\/11\/22\/previo-gp-de-brasil-interlagos-hrt\/\" data-layout=\"button_count\"><\/div><\/li><li class=\"share-twitter\"><a href=\"https:\/\/twitter.com\/share\" class=\"twitter-share-button\" data-url=\"http:\/\/www.michael-schumacher.es\/noticias-f1\/2012\/11\/22\/previo-gp-de-brasil-interlagos-hrt\/\" data-text=\"Previo GP de Brasil, Interlagos. HRT\"  >Tweet<\/a><\/li><li class=\"share-email\"><a rel=\"nofollow noopener noreferrer\" data-shared=\"\" class=\"share-email sd-button\" href=\"http:\/\/www.michael-schumacher.es\/noticias-f1\/2012\/11\/22\/previo-gp-de-brasil-interlagos-hrt\/?share=email\" target=\"_blank\" title=\"Haz clic para enviar por correo electr\u00f3nico a un amigo\"><span>Correo electr\u00f3nico<\/span><\/a><\/li><li class=\"share-end\"><\/li><\/ul><\/div><\/div><\/div>","protected":false},"author":3,"featured_media":0,"comment_status":"open","ping_status":"open","sticky":false,"template":"","format":"standard","meta":{"_monsterinsights_skip_tracking":false,"_monsterinsights_sitenote_active":false,"_monsterinsights_sitenote_note":"","_monsterinsights_sitenote_category":0,"spay_email":"","jetpack_publicize_message":"","jetpack_is_tweetstorm":false,"jetpack_publicize_feature_enabled":true},"categories":[3,22],"tags":[14,977,78,17,15,6,75,974,2057,79,1287,76,5],"jetpack_featured_media_url":"","jetpack_publicize_connections":[],"jetpack_sharing_enabled":true,"jetpack_shortlink":"https:\/\/wp.me\/p27q3P-1CB","_links":{"self":[{"href":"http:\/\/www.michael-schumacher.es\/noticias-f1\/wp-json\/wp\/v2\/posts\/6237"}],"collection":[{"href":"http:\/\/www.michael-schumacher.es\/noticias-f1\/wp-json\/wp\/v2\/posts"}],"about":[{"href":"http:\/\/www.michael-schumacher.es\/noticias-f1\/wp-json\/wp\/v2\/types\/post"}],"author":[{"embeddable":true,"href":"http:\/\/www.michael-schumacher.es\/noticias-f1\/wp-json\/wp\/v2\/users\/3"}],"replies":[{"embeddable":true,"href":"http:\/\/www.michael-schumacher.es\/noticias-f1\/wp-json\/wp\/v2\/comments?post=6237"}],"version-history":[{"count":0,"href":"http:\/\/www.michael-schumacher.es\/noticias-f1\/wp-json\/wp\/v2\/posts\/6237\/revisions"}],"wp:attachment":[{"href":"http:\/\/www.michael-schumacher.es\/noticias-f1\/wp-json\/wp\/v2\/media?parent=6237"}],"wp:term":[{"taxonomy":"category","embeddable":true,"href":"http:\/\/www.michael-schumacher.es\/noticias-f1\/wp-json\/wp\/v2\/categories?post=6237"},{"taxonomy":"post_tag","embeddable":true,"href":"http:\/\/www.michael-schumacher.es\/noticias-f1\/wp-json\/wp\/v2\/tags?post=6237"}],"curies":[{"name":"wp","href":"https:\/\/api.w.org\/{rel}","templated":true}]}}