{"id":6255,"date":"2012-11-22T03:23:46","date_gmt":"2012-11-22T02:23:46","guid":{"rendered":"http:\/\/www.michael-schumacher.es\/noticias-f1\/?p=6255"},"modified":"2012-11-22T03:23:46","modified_gmt":"2012-11-22T02:23:46","slug":"previo-gp-de-brasil-interlagos-mclaren","status":"publish","type":"post","link":"http:\/\/www.michael-schumacher.es\/noticias-f1\/2012\/11\/22\/previo-gp-de-brasil-interlagos-mclaren\/","title":{"rendered":"Previo GP de Brasil, Interlagos. McLaren"},"content":{"rendered":"<p><a href=\"http:\/\/www.michael-schumacher.es\/noticias-f1\/wp-content\/uploads\/2012\/08\/david_sarro.button-1-mini.jpg\"><img loading=\"lazy\" class=\"alignleft size-full wp-image-2445\" title=\"Jenson Button 1 - miniatura\" src=\"http:\/\/www.michael-schumacher.es\/noticias-f1\/wp-content\/uploads\/2012\/08\/david_sarro.button-1-mini.jpg\" alt=\"\" width=\"200\" height=\"133\" \/><\/a>El equipo McLaren espera una buena final en la \u00faltima carrera de la temporada y la \u00faltima carrera en la que Lewis Hamilton correr\u00e1 con el equipo despu\u00e9s de seis a\u00f1os de union en F1. Ni Lewis ni Jenson han ganado el Gran Premio de Brasil, pero ambos aseguraron sus t\u00edtulos mundiales en Interlagos en 2008 y &#8217;09 respectivamente. Despu\u00e9s de la victoria contundente de Lewis en el fin de semana pasado en Estados Unidos, el equipo pasa a la final de la temporada con la esperanza de terminar 2012 con un buen resultado.<\/p>\n<p><!--more--> <!--noteaser--><\/p>\n<p><a href=\"http:\/\/www.michael-schumacher.es\/noticias-f1\/wp-content\/uploads\/2012\/08\/david_sarro.button-1.jpg\"><img loading=\"lazy\" class=\"aligncenter size-full wp-image-2444\" title=\"Jenson Button 1 \" src=\"http:\/\/www.michael-schumacher.es\/noticias-f1\/wp-content\/uploads\/2012\/08\/david_sarro.button-1.jpg\" alt=\"\" width=\"600\" height=\"400\" srcset=\"http:\/\/www.michael-schumacher.es\/noticias-f1\/wp-content\/uploads\/2012\/08\/david_sarro.button-1.jpg 600w, http:\/\/www.michael-schumacher.es\/noticias-f1\/wp-content\/uploads\/2012\/08\/david_sarro.button-1-300x200.jpg 300w\" sizes=\"(max-width: 600px) 100vw, 600px\" \/><\/a><\/p>\n<p>El equipo Mclaren espera una buena final en la \u00faltima carrera de la temporada y la \u00faltima carrera en la que Lewis Hamilton correr\u00e1 con el equipo despu\u00e9s de seis a\u00f1os de union en F1. Ni Lewis ni Jenson han ganado el Gran Premio de Brasil, pero ambos aseguraron sus t\u00edtulos mundiales en Interlagos en 2008 y &#8217;09 respectivamente. Despu\u00e9s de la victoria contundente de Lewis en el fin de semana pasado en Estados Unidos, el equipo pasa a la final de la temporada con la esperanza de terminar 2012 con un buen resultado.<\/p>\n<p>&nbsp;<\/p>\n<p><strong>Jenson Button:<\/strong> \u00abHe tenido grandes experiencias de carreras en Brasil. Gane el campeonato del mundo aqu\u00ed en 2009, por supuesto, pero tambi\u00e9n puedo recordar carreras fuertes aqu\u00ed, sobre todo en 2006, cuando termin\u00e9 en el podio. Creo que hemos demostrado en Austin que tenemos un coche muy r\u00e1pido, sobre todo en la carrera, y me encantar\u00eda tener un fin de semana limpio y libre de problemas de clasificaci\u00f3n y luego tener una buena carrera en anotar algunos puntos fuertes el domingo. Tradicionalmente, no ha sido un circuito en el que hemos estado en nuestro fuerte, pero creo que el coche de este a\u00f1o ha sido a menudo fuerte en las pistas donde normalmente no hubiera sido, as\u00ed que creo que tenemos la oportunidad de ir por la vitoria. Por supuesto, Brasil ser\u00e1 el escenario de la pelea de campeonato &#8211; y es una gran pista sobre la que poner fin a la temporada con un buen resultado. No voy a poner mi dinero a nadie, pero espero que tengamos un concurso fant\u00e1stico y que pueda ganar el mejor hombre.\u00bb<\/p>\n<p>&nbsp;<\/p>\n<p><strong>Lewis Hamilton:<\/strong> \u00abBrasil ha sido el escenario de algunas carreras \u00e9picas para m\u00ed durante mi tiempo en Vodafone McLaren Merecedes y, por muchas razones, este fin de semana ser\u00e1 una carrera muy importante para m\u00ed. Estuve a punto de ganar el t\u00edtulo aqu\u00ed en el 2007, lo asegure en la \u00faltima vuelta en el &#8217;08 y se fui como loco para terminar en el podio en el &#8217;09. Pero yo nunca he ganado, y eso es lo que va a ser el objetivo de hacer esta vez. Como mi \u00faltima carrera al volante de un McLaren, me comprometo a todo el equipo a que voy a darlo todo en cada vuelta. Mi triunfo en Austin la semana pasada fue una de las carreras de mi vida, y me encantar\u00eda tener la victoria en Brasil este fin de semana para darle al equipo el regalo de despedida perfecto. Por \u00faltimo, unas palabras sobre el campeonato: es una batalla muy finamente equilibrada, y ni Fernando ni tampoco Sebasti\u00e1n pueden darse el lujo de relajarse por un momento. Son dos pilotos fant\u00e1sticos, y ambos han impulsado extraordinariamente toda la temporada. Ahora, vamos a ver qui\u00e9n se lleva los honores finales &#8211; Espero que sea una competencia \u00e9pica\u201d.<\/p>\n<p>&nbsp;<\/p>\n<p><strong>Martin Whitmarsh director del equipo, Vodafone McLaren Mercedes:<\/strong> \u00abEl Premio de Brasil este fin de semana bajara el tel\u00f3n a otro campeonato del mundo fascinante y emocionante. Adem\u00e1s, ser\u00e1 la \u00faltima carrera de Lewis para Vodafone McLaren Mercedes &#8211; el final de un cap\u00edtulo largo y exitoso en la historia del equipo. Creo que nuestra victoria en el \u00faltimo fin de semana de Austin ha mantenido a flote al equipo despu\u00e9s de un par de carreras decepcionantes, y se ha demostrado que, en t\u00e9rminos de velocidad pura, el MP4-27 no requiere \u00a0nada. Ese es un mensaje alentador a enviar a casa a nuestros ingenieros y dise\u00f1adores para el invierno, y tambi\u00e9n algo positivo para nuestros pilotos, que saben que probablemente estar\u00e1 equipado en la carrera con la \u00a0maquinaria ganadora para el fin de semana en Interlagos. El Campeonato del Mundo de la F\u00f3rmula 1 no se puede pedir un contexto m\u00e1s \u00e9pico para decidir el t\u00edtulo que los valles de Interlagos. Hay poca diferencia entre las actuaciones de Fernando Sebasti\u00e1n y en esta temporada, y lo \u00fanico que espero es una final justa y verdadera el domingo\u201d.<\/p>\n<p>&nbsp;<\/p>\n<p><strong>Imagen:<\/strong> David Sarr\u00f3<\/p>\n<div class=\"sharedaddy sd-sharing-enabled\"><div class=\"robots-nocontent sd-block sd-social sd-social-official sd-sharing\"><h3 class=\"sd-title\">Opciones Sociales:<\/h3><div class=\"sd-content\"><ul><li class=\"share-facebook\"><div class=\"fb-share-button\" data-href=\"http:\/\/www.michael-schumacher.es\/noticias-f1\/2012\/11\/22\/previo-gp-de-brasil-interlagos-mclaren\/\" data-layout=\"button_count\"><\/div><\/li><li class=\"share-twitter\"><a href=\"https:\/\/twitter.com\/share\" class=\"twitter-share-button\" data-url=\"http:\/\/www.michael-schumacher.es\/noticias-f1\/2012\/11\/22\/previo-gp-de-brasil-interlagos-mclaren\/\" data-text=\"Previo GP de Brasil, Interlagos. McLaren\"  >Tweet<\/a><\/li><li class=\"share-email\"><a rel=\"nofollow noopener noreferrer\" data-shared=\"\" class=\"share-email sd-button\" href=\"http:\/\/www.michael-schumacher.es\/noticias-f1\/2012\/11\/22\/previo-gp-de-brasil-interlagos-mclaren\/?share=email\" target=\"_blank\" title=\"Haz clic para enviar por correo electr\u00f3nico a un amigo\"><span>Correo electr\u00f3nico<\/span><\/a><\/li><li class=\"share-end\"><\/li><\/ul><\/div><\/div><\/div>","protected":false},"excerpt":{"rendered":"<p>El equipo McLaren espera una buena final en la \u00faltima carrera de la temporada y la \u00faltima carrera en la que Lewis Hamilton correr\u00e1 con el equipo despu\u00e9s de seis a\u00f1os de union en F1. Ni Lewis ni Jenson han ganado el Gran Premio de Brasil, pero ambos aseguraron sus t\u00edtulos mundiales en Interlagos en [&hellip;]<\/p>\n<div class=\"sharedaddy sd-sharing-enabled\"><div class=\"robots-nocontent sd-block sd-social sd-social-official sd-sharing\"><h3 class=\"sd-title\">Opciones Sociales:<\/h3><div class=\"sd-content\"><ul><li class=\"share-facebook\"><div class=\"fb-share-button\" data-href=\"http:\/\/www.michael-schumacher.es\/noticias-f1\/2012\/11\/22\/previo-gp-de-brasil-interlagos-mclaren\/\" data-layout=\"button_count\"><\/div><\/li><li class=\"share-twitter\"><a href=\"https:\/\/twitter.com\/share\" class=\"twitter-share-button\" data-url=\"http:\/\/www.michael-schumacher.es\/noticias-f1\/2012\/11\/22\/previo-gp-de-brasil-interlagos-mclaren\/\" data-text=\"Previo GP de Brasil, Interlagos. McLaren\"  >Tweet<\/a><\/li><li class=\"share-email\"><a rel=\"nofollow noopener noreferrer\" data-shared=\"\" class=\"share-email sd-button\" href=\"http:\/\/www.michael-schumacher.es\/noticias-f1\/2012\/11\/22\/previo-gp-de-brasil-interlagos-mclaren\/?share=email\" target=\"_blank\" title=\"Haz clic para enviar por correo electr\u00f3nico a un amigo\"><span>Correo electr\u00f3nico<\/span><\/a><\/li><li class=\"share-end\"><\/li><\/ul><\/div><\/div><\/div>","protected":false},"author":3,"featured_media":0,"comment_status":"open","ping_status":"open","sticky":false,"template":"","format":"standard","meta":{"_monsterinsights_skip_tracking":false,"_monsterinsights_sitenote_active":false,"_monsterinsights_sitenote_note":"","_monsterinsights_sitenote_category":0,"spay_email":"","jetpack_publicize_message":"","jetpack_is_tweetstorm":false,"jetpack_publicize_feature_enabled":true},"categories":[3,22],"tags":[14,977,13,17,15,6,11,974,12,2057,10,138,5],"jetpack_featured_media_url":"","jetpack_publicize_connections":[],"jetpack_sharing_enabled":true,"jetpack_shortlink":"https:\/\/wp.me\/p27q3P-1CT","_links":{"self":[{"href":"http:\/\/www.michael-schumacher.es\/noticias-f1\/wp-json\/wp\/v2\/posts\/6255"}],"collection":[{"href":"http:\/\/www.michael-schumacher.es\/noticias-f1\/wp-json\/wp\/v2\/posts"}],"about":[{"href":"http:\/\/www.michael-schumacher.es\/noticias-f1\/wp-json\/wp\/v2\/types\/post"}],"author":[{"embeddable":true,"href":"http:\/\/www.michael-schumacher.es\/noticias-f1\/wp-json\/wp\/v2\/users\/3"}],"replies":[{"embeddable":true,"href":"http:\/\/www.michael-schumacher.es\/noticias-f1\/wp-json\/wp\/v2\/comments?post=6255"}],"version-history":[{"count":0,"href":"http:\/\/www.michael-schumacher.es\/noticias-f1\/wp-json\/wp\/v2\/posts\/6255\/revisions"}],"wp:attachment":[{"href":"http:\/\/www.michael-schumacher.es\/noticias-f1\/wp-json\/wp\/v2\/media?parent=6255"}],"wp:term":[{"taxonomy":"category","embeddable":true,"href":"http:\/\/www.michael-schumacher.es\/noticias-f1\/wp-json\/wp\/v2\/categories?post=6255"},{"taxonomy":"post_tag","embeddable":true,"href":"http:\/\/www.michael-schumacher.es\/noticias-f1\/wp-json\/wp\/v2\/tags?post=6255"}],"curies":[{"name":"wp","href":"https:\/\/api.w.org\/{rel}","templated":true}]}}