{"id":6387,"date":"2012-11-25T02:46:08","date_gmt":"2012-11-25T01:46:08","guid":{"rendered":"http:\/\/www.michael-schumacher.es\/noticias-f1\/?p=6387"},"modified":"2012-11-25T02:46:08","modified_gmt":"2012-11-25T01:46:08","slug":"calificacion-gp-de-brasil-interlagos-mclaren","status":"publish","type":"post","link":"http:\/\/www.michael-schumacher.es\/noticias-f1\/2012\/11\/25\/calificacion-gp-de-brasil-interlagos-mclaren\/","title":{"rendered":"Calificaci\u00f3n GP de Brasil, Interlagos. Mclaren"},"content":{"rendered":"<p><a href=\"http:\/\/www.michael-schumacher.es\/noticias-f1\/wp-content\/uploads\/2012\/11\/david_sarro.hamilton-4-mini.jpg\"><img loading=\"lazy\" class=\"alignleft size-full wp-image-6152\" title=\"Lewis Hamilton - 4 - miniatura\" src=\"http:\/\/www.michael-schumacher.es\/noticias-f1\/wp-content\/uploads\/2012\/11\/david_sarro.hamilton-4-mini.jpg\" alt=\"\" width=\"200\" height=\"133\" \/><\/a>Mclaren ha tenido un comienzo de la \u00faltima carrera de la temporada muy brillante, con Lewis Hamilton en la pole y Jenson Button segundo a solo 0.055s de su compa\u00f1ero, por lo que el ritmo de Mclaren ha sido fant\u00e1stico y en largas tandas seg\u00fan lo visto ayer tambi\u00e9n parecen muy competitivos. As\u00ed que el equipo Mclaren est\u00e1 en condiciones de finalizar el a\u00f1o y despedir a Hamilton con una victoria, aunque las previsiones son de lluvia para ma\u00f1ana y con lluvia puede pasar de todo aunque el equipo espera que eso no les afecte.<\/p>\n<p><strong><!--more--> <!--noteaser--><a href=\"http:\/\/www.michael-schumacher.es\/noticias-f1\/wp-content\/uploads\/2012\/11\/david_sarro.hamilton-4.jpg\"><img loading=\"lazy\" class=\"aligncenter size-full wp-image-6151\" title=\"Lewis Hamilton  - 4 \" src=\"http:\/\/www.michael-schumacher.es\/noticias-f1\/wp-content\/uploads\/2012\/11\/david_sarro.hamilton-4.jpg\" alt=\"\" width=\"650\" height=\"433\" srcset=\"http:\/\/www.michael-schumacher.es\/noticias-f1\/wp-content\/uploads\/2012\/11\/david_sarro.hamilton-4.jpg 650w, http:\/\/www.michael-schumacher.es\/noticias-f1\/wp-content\/uploads\/2012\/11\/david_sarro.hamilton-4-300x199.jpg 300w\" sizes=\"(max-width: 650px) 100vw, 650px\" \/><\/a><br \/>\n<\/strong><\/p>\n<p>&nbsp;<\/p>\n<p>Mclaren ha tenido un comienzo de la \u00faltima carrera de la temporada muy brillante, con Lewis Hamilton en la pole y Jenson Button segundo a solo 0.055s de su compa\u00f1ero, por lo que el ritmo de Mclaren ha sido fant\u00e1stico y en largas tandas seg\u00fan lo visto ayer tambi\u00e9n parecen muy competitivos. As\u00ed que el equipo Mclaren est\u00e1 en condiciones de finalizar el a\u00f1o y despedir a Hamilton con una victoria, aunque las previsiones son de lluvia para ma\u00f1ana y con lluvia puede pasar de todo aunque el equipo espera que eso no les afecte.<\/p>\n<p>&nbsp;<\/p>\n<p><strong>Lewis Hamilton:<\/strong> \u00abPole \u00a1Qu\u00e9 gran sensaci\u00f3n! Ha sido un fin de semana fant\u00e1stico hasta ahora. Nosotros a\u00fan no sabemos con certeza cu\u00e1les son las condiciones meteorol\u00f3gicas para ma\u00f1ana, pero espero que Jenson y yo seamos capaces de empujar por la victoria. Suelo comenzar desde la posici\u00f3n cuarto en Interlagos, y no me ha dado siempre mucho \u00e9xito. Antes de ser empezar, le dije a Martin [Whitmarsh] que yo realmente no quer\u00eda empezar desde cuarto. Con todo, Estoy muy orgulloso y feliz de palo de tener esta pole. Jenson y yo estamos en las mejores posiciones de partida posibles para el futuro. Sin embargo, si est\u00e1 mojado, el primer coche es siempre el primero en tener aquaplaning o pisar los charcos, por lo que, incluso si ambos tenemos buenas salidas, todav\u00eda tendremos que ser cautelosos. Igualmente, sin embargo, yo no quiero retrasarme de nuevo en la salida, ya que ser\u00eda muy dif\u00edcil de ver con toda la estela. No hemos tenido un uno-dos en una carrera por un tiempo bastante largo [Canad\u00e1 2010], por lo que ser\u00eda positivo para el equipo si pudi\u00e9ramos lograr ma\u00f1ana. Ser\u00eda mi despedida perfecta, de hecho. \u00bb<\/p>\n<p>&nbsp;<\/p>\n<p><strong>Jenson Button:<\/strong> \u00abEs muy bueno para nosotros, tanto para estar en la primera fila, especialmente ya que es el \u00faltimo Gran Premio de \u00a0Lewis o para el equipo Vodafone McLaren Mercedes. Nuestro coche est\u00e1 funcionando muy bien. Estaba a mitad de una d\u00e9cima de distancia de la pole, y ambos llev\u00e1bamos vueltas muy buenas. As\u00ed que, s\u00ed, estoy contento con la calificaci\u00f3n. A partir de la primera fila, siempre esperas que vas a conducir una carrera tranquila y ordenada -. Pero parece que va a llover ma\u00f1ana, por lo que puede hacer las cosas un poco menos predecibles. Esta carrera es importante para nosotros. Obviamente, estamos fuera de la pelea por el campeonato mundial, pero este fin de semana y las actuaciones del fin de semana pasado, son muy alentadores para el a\u00f1o que viene, que ser\u00e1 nuestro foco de atenci\u00f3n inmediatamente despu\u00e9s de la carrera de ma\u00f1ana.\u00bb<\/p>\n<p>&nbsp;<\/p>\n<p><strong>Martin Whitmarsh, director del equipo, Vodafone McLaren Mercedes:<\/strong> \u00abAqu\u00ed en Interlagos hoy, en una pista que estaba resbaladiza cuando est\u00e1 mojada en el inicio de la calificaci\u00f3n y luego se seca con el sol brillante cuando la sesi\u00f3n avanzaba, Lewis y Jenson condujeron \u00a0magn\u00edficamente, tanto con la gesti\u00f3n de las condiciones cambiantes con experiencia consumada y luego clavando \u00a0super- vueltas r\u00e1pidas en la Q3 para alinear primera y la segunda posici\u00f3n para el Gran Premio de Brasil de ma\u00f1ana. Terminaron justo a 0.055s en ellos. Fue el 62 \u00ba en la primera fila en la F\u00f3rmula 1 de McLaren en historia, lo que establece un nuevo r\u00e9cord mundial de lo que todos en Vodafone McLaren Mercedes est\u00e1n justificadamente orgullosos. Tambi\u00e9n era pole s\u00e9ptima Lewis de 2012, y 8 de Vodafone McLaren Mercedes. La lluvia se prev\u00e9 para ma\u00f1ana, y, como todos sabemos, las inclemencias del tiempo siempre hace que el resultado de cualquier carrera de coches que poco m\u00e1s dif\u00edcil de predecir. Pero \u00a0conductores ambos salen a partir de la parte frontal de la parrilla. Por otra parte, Lewis y Jenson son dos pilotos muy combativos y astutos, extraordinariamente aptos en mojado, y los dos son por lo tanto capaces de conducir hacia la victoria ma\u00f1ana. Claramente tenemos un coche muy r\u00e1pido, y nuestras largas tandas de ayer sugieren que el nuestro ritmo de carrera es muy competitivo. Por \u00faltimo, quiero decir &#8216;gracias&#8217; y &#8216;bien hecho&#8217; a los dise\u00f1adores de todo el equipo Vodafone McLaren Mercedes, ingenieros, t\u00e9cnicos y mec\u00e1nicos, no s\u00f3lo aqu\u00ed en Interlagos y de vuelta a casa en Woking [Surrey, Reino Unido], sino tambi\u00e9n en Brixworth [Northamptonshire, Reino Unido], donde Mercedes AMG HighPerformancePowertrains se basa. El excelente motos de\u00a0 los chicos de \u00a0Brixworth nos ha funcionado muy bien en 2012, como se esperaba.\u00a0 As\u00ed que, mientras yo en este tema, me complace que hayamos podido dar nuestro buen amigo Norbert Haug, Vicepresidente de Mercedes-Benz Motorsport, una &#8216;pole position&#8217; para celebrar el d\u00eda de su cumplea\u00f1os n\u00famero 60.\u00bb<\/p>\n<p>&nbsp;<\/p>\n<p><strong>Imagen:<\/strong> David Sarr\u00f3<\/p>\n<div class=\"sharedaddy sd-sharing-enabled\"><div class=\"robots-nocontent sd-block sd-social sd-social-official sd-sharing\"><h3 class=\"sd-title\">Opciones Sociales:<\/h3><div class=\"sd-content\"><ul><li class=\"share-facebook\"><div class=\"fb-share-button\" data-href=\"http:\/\/www.michael-schumacher.es\/noticias-f1\/2012\/11\/25\/calificacion-gp-de-brasil-interlagos-mclaren\/\" data-layout=\"button_count\"><\/div><\/li><li class=\"share-twitter\"><a href=\"https:\/\/twitter.com\/share\" class=\"twitter-share-button\" data-url=\"http:\/\/www.michael-schumacher.es\/noticias-f1\/2012\/11\/25\/calificacion-gp-de-brasil-interlagos-mclaren\/\" data-text=\"Calificaci\u00f3n GP de Brasil, Interlagos. Mclaren\"  >Tweet<\/a><\/li><li class=\"share-email\"><a rel=\"nofollow noopener noreferrer\" data-shared=\"\" class=\"share-email sd-button\" href=\"http:\/\/www.michael-schumacher.es\/noticias-f1\/2012\/11\/25\/calificacion-gp-de-brasil-interlagos-mclaren\/?share=email\" target=\"_blank\" title=\"Haz clic para enviar por correo electr\u00f3nico a un amigo\"><span>Correo electr\u00f3nico<\/span><\/a><\/li><li class=\"share-end\"><\/li><\/ul><\/div><\/div><\/div>","protected":false},"excerpt":{"rendered":"<p>Mclaren ha tenido un comienzo de la \u00faltima carrera de la temporada muy brillante, con Lewis Hamilton en la pole y Jenson Button segundo a solo 0.055s de su compa\u00f1ero, por lo que el ritmo de Mclaren ha sido fant\u00e1stico y en largas tandas seg\u00fan lo visto ayer tambi\u00e9n parecen muy competitivos. As\u00ed que el [&hellip;]<\/p>\n<div class=\"sharedaddy sd-sharing-enabled\"><div class=\"robots-nocontent sd-block sd-social sd-social-official sd-sharing\"><h3 class=\"sd-title\">Opciones Sociales:<\/h3><div class=\"sd-content\"><ul><li class=\"share-facebook\"><div class=\"fb-share-button\" data-href=\"http:\/\/www.michael-schumacher.es\/noticias-f1\/2012\/11\/25\/calificacion-gp-de-brasil-interlagos-mclaren\/\" data-layout=\"button_count\"><\/div><\/li><li class=\"share-twitter\"><a href=\"https:\/\/twitter.com\/share\" class=\"twitter-share-button\" data-url=\"http:\/\/www.michael-schumacher.es\/noticias-f1\/2012\/11\/25\/calificacion-gp-de-brasil-interlagos-mclaren\/\" data-text=\"Calificaci\u00f3n GP de Brasil, Interlagos. Mclaren\"  >Tweet<\/a><\/li><li class=\"share-email\"><a rel=\"nofollow noopener noreferrer\" data-shared=\"\" class=\"share-email sd-button\" href=\"http:\/\/www.michael-schumacher.es\/noticias-f1\/2012\/11\/25\/calificacion-gp-de-brasil-interlagos-mclaren\/?share=email\" target=\"_blank\" title=\"Haz clic para enviar por correo electr\u00f3nico a un amigo\"><span>Correo electr\u00f3nico<\/span><\/a><\/li><li class=\"share-end\"><\/li><\/ul><\/div><\/div><\/div>","protected":false},"author":3,"featured_media":0,"comment_status":"open","ping_status":"open","sticky":false,"template":"","format":"standard","meta":{"_monsterinsights_skip_tracking":false,"_monsterinsights_sitenote_active":false,"_monsterinsights_sitenote_note":"","_monsterinsights_sitenote_category":0,"spay_email":"","jetpack_publicize_message":"","jetpack_is_tweetstorm":false,"jetpack_publicize_feature_enabled":true},"categories":[68,3],"tags":[14,977,13,155,159,17,15,6,11,974,12,2057,10,138],"jetpack_featured_media_url":"","jetpack_publicize_connections":[],"jetpack_sharing_enabled":true,"jetpack_shortlink":"https:\/\/wp.me\/p27q3P-1F1","_links":{"self":[{"href":"http:\/\/www.michael-schumacher.es\/noticias-f1\/wp-json\/wp\/v2\/posts\/6387"}],"collection":[{"href":"http:\/\/www.michael-schumacher.es\/noticias-f1\/wp-json\/wp\/v2\/posts"}],"about":[{"href":"http:\/\/www.michael-schumacher.es\/noticias-f1\/wp-json\/wp\/v2\/types\/post"}],"author":[{"embeddable":true,"href":"http:\/\/www.michael-schumacher.es\/noticias-f1\/wp-json\/wp\/v2\/users\/3"}],"replies":[{"embeddable":true,"href":"http:\/\/www.michael-schumacher.es\/noticias-f1\/wp-json\/wp\/v2\/comments?post=6387"}],"version-history":[{"count":0,"href":"http:\/\/www.michael-schumacher.es\/noticias-f1\/wp-json\/wp\/v2\/posts\/6387\/revisions"}],"wp:attachment":[{"href":"http:\/\/www.michael-schumacher.es\/noticias-f1\/wp-json\/wp\/v2\/media?parent=6387"}],"wp:term":[{"taxonomy":"category","embeddable":true,"href":"http:\/\/www.michael-schumacher.es\/noticias-f1\/wp-json\/wp\/v2\/categories?post=6387"},{"taxonomy":"post_tag","embeddable":true,"href":"http:\/\/www.michael-schumacher.es\/noticias-f1\/wp-json\/wp\/v2\/tags?post=6387"}],"curies":[{"name":"wp","href":"https:\/\/api.w.org\/{rel}","templated":true}]}}