{"id":6407,"date":"2012-11-26T03:24:01","date_gmt":"2012-11-26T02:24:01","guid":{"rendered":"http:\/\/www.michael-schumacher.es\/noticias-f1\/?p=6407"},"modified":"2012-11-26T03:24:55","modified_gmt":"2012-11-26T02:24:55","slug":"sebastian-vettel-ha-ganado-el-tercer-titulo-mundial-consecutivo-de-formula-1","status":"publish","type":"post","link":"http:\/\/www.michael-schumacher.es\/noticias-f1\/2012\/11\/26\/sebastian-vettel-ha-ganado-el-tercer-titulo-mundial-consecutivo-de-formula-1\/","title":{"rendered":"Sebastian Vettel ha ganado su tercer t\u00edtulo mundial consecutivo de F\u00f3rmula 1"},"content":{"rendered":"<p><a href=\"http:\/\/www.michael-schumacher.es\/noticias-f1\/wp-content\/uploads\/2012\/11\/michael-schumacher-sebastian-vettel-brasil-2012-650.jpg\"><img loading=\"lazy\" class=\"alignleft\" title=\"michael-schumacher-sebastian-vettel-brasil-2012-650\" src=\"http:\/\/www.michael-schumacher.es\/noticias-f1\/wp-content\/uploads\/2012\/11\/michael-schumacher-sebastian-vettel-brasil-2012-650.jpg\" alt=\"\" width=\"200\" height=\"140\" \/><\/a>Tras un dram\u00e1tico inicio y con el coche da\u00f1ado Sebastian Vettel ha realizado una fant\u00e1stica carrera que le ha dado el tercer campeonato mundial y lo ha pasado a la elite de la F1, los pocos elegidos con tres campeonatos.<\/p>\n<p><!--more--> <!--noteaser--><\/p>\n<p><a href=\"http:\/\/www.michael-schumacher.es\/noticias-f1\/wp-content\/uploads\/2012\/11\/michael-schumacher-sebastian-vettel-brasil-2012-650.jpg\"><img loading=\"lazy\" class=\"aligncenter size-full wp-image-6414\" title=\"michael-schumacher-sebastian-vettel-brasil-2012-650\" src=\"http:\/\/www.michael-schumacher.es\/noticias-f1\/wp-content\/uploads\/2012\/11\/michael-schumacher-sebastian-vettel-brasil-2012-650.jpg\" alt=\"\" width=\"650\" height=\"461\" srcset=\"http:\/\/www.michael-schumacher.es\/noticias-f1\/wp-content\/uploads\/2012\/11\/michael-schumacher-sebastian-vettel-brasil-2012-650.jpg 650w, http:\/\/www.michael-schumacher.es\/noticias-f1\/wp-content\/uploads\/2012\/11\/michael-schumacher-sebastian-vettel-brasil-2012-650-300x212.jpg 300w\" sizes=\"(max-width: 650px) 100vw, 650px\" \/><\/a><\/p>\n<p>Tras un dram\u00e1tico inicio y con el coche da\u00f1ado Sebastian Vettel ha realizado una fant\u00e1stica carrera que le ha dado el tercer campeonato mundial y lo ha pasado a la elite de la F1, los pocos elegidos con tres campeonatos.<\/p>\n<p>&nbsp;<\/p>\n<p>&nbsp;<\/p>\n<p>Solo tres puntos de diferencia con su rival, \u00a0han sido suficientes para la \u00a0victoria de Sebastian Vettel, pese a la buena carrera de Fernando Alonso y al excepcional escudero que ha sido Felipe Massa, de nada ha servido a Fernando Alonso terminar segundo en el Gran premio de Brasil. Vettel ha logrado superar su dura salida, aguantar la presi\u00f3n e incluso sin la ayuda de su compa\u00f1ero y el coche con da\u00f1os ha conseguido la posici\u00f3n necesaria para ganar.<\/p>\n<p>&nbsp;<\/p>\n<p>Vettel tiene 25 a\u00f1os y tres t\u00edtulos mundiales consecutivos una haza\u00f1a al alcance de muy pocos, \u00a0adem\u00e1s es el m\u00e1s joven en conseguir los tres campeonatos en la historia. S\u00f3lo Juan Manuel Fangio y Michael Schumacher hab\u00edan logrado tres t\u00edtulos consecutivos.<\/p>\n<p>&nbsp;<\/p>\n<p>Fernando Alonso pidi\u00f3 una carrera movida y sin duda la tuvo, pero aun as\u00ed no pudo imponerse al piloto de Red Bull Sebastian Vettel, pese a que los dos pilotos de Ferrari hicieron una buena carrera. Alonso consigui\u00f3 el \u00a0segundo lugar gracias a un choque entre Hamilton y H\u00fclkenberg, pero no fue suficiente. Aunque Ferrari logro finalizar la temporada con un doblete en el podio.<\/p>\n<p>&nbsp;<\/p>\n<p>Al finalizar la carrera el primer abrazo fue con su amigo el siete veces campe\u00f3n del mundo Michael Schumacher, que felicito a su compatriota y amigo.<\/p>\n<div class=\"sharedaddy sd-sharing-enabled\"><div class=\"robots-nocontent sd-block sd-social sd-social-official sd-sharing\"><h3 class=\"sd-title\">Opciones Sociales:<\/h3><div class=\"sd-content\"><ul><li class=\"share-facebook\"><div class=\"fb-share-button\" data-href=\"http:\/\/www.michael-schumacher.es\/noticias-f1\/2012\/11\/26\/sebastian-vettel-ha-ganado-el-tercer-titulo-mundial-consecutivo-de-formula-1\/\" data-layout=\"button_count\"><\/div><\/li><li class=\"share-twitter\"><a href=\"https:\/\/twitter.com\/share\" class=\"twitter-share-button\" data-url=\"http:\/\/www.michael-schumacher.es\/noticias-f1\/2012\/11\/26\/sebastian-vettel-ha-ganado-el-tercer-titulo-mundial-consecutivo-de-formula-1\/\" data-text=\"Sebastian Vettel ha ganado su tercer t\u00edtulo mundial consecutivo de F\u00f3rmula 1\"  >Tweet<\/a><\/li><li class=\"share-email\"><a rel=\"nofollow noopener noreferrer\" data-shared=\"\" class=\"share-email sd-button\" href=\"http:\/\/www.michael-schumacher.es\/noticias-f1\/2012\/11\/26\/sebastian-vettel-ha-ganado-el-tercer-titulo-mundial-consecutivo-de-formula-1\/?share=email\" target=\"_blank\" title=\"Haz clic para enviar por correo electr\u00f3nico a un amigo\"><span>Correo electr\u00f3nico<\/span><\/a><\/li><li class=\"share-end\"><\/li><\/ul><\/div><\/div><\/div>","protected":false},"excerpt":{"rendered":"<p>Tras un dram\u00e1tico inicio y con el coche da\u00f1ado Sebastian Vettel ha realizado una fant\u00e1stica carrera que le ha dado el tercer campeonato mundial y lo ha pasado a la elite de la F1, los pocos elegidos con tres campeonatos.<\/p>\n<div class=\"sharedaddy sd-sharing-enabled\"><div class=\"robots-nocontent sd-block sd-social sd-social-official sd-sharing\"><h3 class=\"sd-title\">Opciones Sociales:<\/h3><div class=\"sd-content\"><ul><li class=\"share-facebook\"><div class=\"fb-share-button\" data-href=\"http:\/\/www.michael-schumacher.es\/noticias-f1\/2012\/11\/26\/sebastian-vettel-ha-ganado-el-tercer-titulo-mundial-consecutivo-de-formula-1\/\" data-layout=\"button_count\"><\/div><\/li><li class=\"share-twitter\"><a href=\"https:\/\/twitter.com\/share\" class=\"twitter-share-button\" data-url=\"http:\/\/www.michael-schumacher.es\/noticias-f1\/2012\/11\/26\/sebastian-vettel-ha-ganado-el-tercer-titulo-mundial-consecutivo-de-formula-1\/\" data-text=\"Sebastian Vettel ha ganado su tercer t\u00edtulo mundial consecutivo de F\u00f3rmula 1\"  >Tweet<\/a><\/li><li class=\"share-email\"><a rel=\"nofollow noopener noreferrer\" data-shared=\"\" class=\"share-email sd-button\" href=\"http:\/\/www.michael-schumacher.es\/noticias-f1\/2012\/11\/26\/sebastian-vettel-ha-ganado-el-tercer-titulo-mundial-consecutivo-de-formula-1\/?share=email\" target=\"_blank\" title=\"Haz clic para enviar por correo electr\u00f3nico a un amigo\"><span>Correo electr\u00f3nico<\/span><\/a><\/li><li class=\"share-end\"><\/li><\/ul><\/div><\/div><\/div>","protected":false},"author":3,"featured_media":0,"comment_status":"open","ping_status":"open","sticky":false,"template":"","format":"standard","meta":{"_monsterinsights_skip_tracking":false,"_monsterinsights_sitenote_active":false,"_monsterinsights_sitenote_note":"","_monsterinsights_sitenote_category":0,"spay_email":"","jetpack_publicize_message":"","jetpack_is_tweetstorm":false,"jetpack_publicize_feature_enabled":true},"categories":[3],"tags":[84,2094,2091,2090,428,318,270,229,1365,257,1812,71,2093,1718,2092,269,1944],"jetpack_featured_media_url":"","jetpack_publicize_connections":[],"jetpack_sharing_enabled":true,"jetpack_shortlink":"https:\/\/wp.me\/p27q3P-1Fl","_links":{"self":[{"href":"http:\/\/www.michael-schumacher.es\/noticias-f1\/wp-json\/wp\/v2\/posts\/6407"}],"collection":[{"href":"http:\/\/www.michael-schumacher.es\/noticias-f1\/wp-json\/wp\/v2\/posts"}],"about":[{"href":"http:\/\/www.michael-schumacher.es\/noticias-f1\/wp-json\/wp\/v2\/types\/post"}],"author":[{"embeddable":true,"href":"http:\/\/www.michael-schumacher.es\/noticias-f1\/wp-json\/wp\/v2\/users\/3"}],"replies":[{"embeddable":true,"href":"http:\/\/www.michael-schumacher.es\/noticias-f1\/wp-json\/wp\/v2\/comments?post=6407"}],"version-history":[{"count":0,"href":"http:\/\/www.michael-schumacher.es\/noticias-f1\/wp-json\/wp\/v2\/posts\/6407\/revisions"}],"wp:attachment":[{"href":"http:\/\/www.michael-schumacher.es\/noticias-f1\/wp-json\/wp\/v2\/media?parent=6407"}],"wp:term":[{"taxonomy":"category","embeddable":true,"href":"http:\/\/www.michael-schumacher.es\/noticias-f1\/wp-json\/wp\/v2\/categories?post=6407"},{"taxonomy":"post_tag","embeddable":true,"href":"http:\/\/www.michael-schumacher.es\/noticias-f1\/wp-json\/wp\/v2\/tags?post=6407"}],"curies":[{"name":"wp","href":"https:\/\/api.w.org\/{rel}","templated":true}]}}