{"id":6418,"date":"2012-11-26T04:58:59","date_gmt":"2012-11-26T03:58:59","guid":{"rendered":"http:\/\/www.michael-schumacher.es\/noticias-f1\/?p=6418"},"modified":"2012-11-26T11:01:43","modified_gmt":"2012-11-26T10:01:43","slug":"balance-gp-de-brasil-interlagos-red-bull","status":"publish","type":"post","link":"http:\/\/www.michael-schumacher.es\/noticias-f1\/2012\/11\/26\/balance-gp-de-brasil-interlagos-red-bull\/","title":{"rendered":"Balance GP de Brasil, Interlagos. Red Bull"},"content":{"rendered":"<p><a href=\"http:\/\/www.michael-schumacher.es\/noticias-f1\/wp-content\/uploads\/2012\/11\/sebastian-vettel-tricampeon-celebracion-650.jpg\"><img loading=\"lazy\" class=\"alignleft\" title=\"sebastian vettel tricampeon celebracion\" src=\"http:\/\/www.michael-schumacher.es\/noticias-f1\/wp-content\/uploads\/2012\/11\/sebastian-vettel-tricampeon-celebracion-650.jpg\" alt=\"\" width=\"200\" height=\"133\" \/><\/a>El equipo Red Bull ha tenido una dura carrera pero sin duda con una gran recompensa, hace una semana obtuvieron el campeonato de Constructores y hoy Sebasti\u00e1n Vettel se proclama obtiene el tercer t\u00edtulo mundial consecutivo y adem\u00e1s el tricampe\u00f3n m\u00e1s joven de la F1. En una carrera llena de emoci\u00f3n y problemas que Sebastian Vettel logro superar sin rendirse hasta obtener vencer a su rival y obtener el merecido t\u00edtulo, adem\u00e1s tampoco conto con la ayuda de su compa\u00f1ero de equipo que m\u00e1s bien al contrario casi le provoca una colisi\u00f3n.<\/p>\n<p><!--more--> <!--noteaser--><\/p>\n<p><a href=\"http:\/\/www.michael-schumacher.es\/noticias-f1\/wp-content\/uploads\/2012\/11\/sebastian-vettel-tricampeon-celebracion-650.jpg\"><img loading=\"lazy\" class=\"aligncenter size-full wp-image-6431\" title=\"sebastian vettel tricampeon celebracion\" src=\"http:\/\/www.michael-schumacher.es\/noticias-f1\/wp-content\/uploads\/2012\/11\/sebastian-vettel-tricampeon-celebracion-650.jpg\" alt=\"\" width=\"650\" height=\"434\" srcset=\"http:\/\/www.michael-schumacher.es\/noticias-f1\/wp-content\/uploads\/2012\/11\/sebastian-vettel-tricampeon-celebracion-650.jpg 650w, http:\/\/www.michael-schumacher.es\/noticias-f1\/wp-content\/uploads\/2012\/11\/sebastian-vettel-tricampeon-celebracion-650-300x200.jpg 300w\" sizes=\"(max-width: 650px) 100vw, 650px\" \/><\/a><\/p>\n<p>El equipo Red Bull ha tenido una dura carrera pero sin duda con una gran recompensa, hace una semana obtuvieron el campeonato de Constructores y hoy Sebasti\u00e1n Vettel se proclama obtiene el tercer t\u00edtulo mundial consecutivo y adem\u00e1s el tricampe\u00f3n m\u00e1s joven de la F1. En una carrera llena de emoci\u00f3n y problemas que Sebastian Vettel logro superar sin rendirse hasta obtener vencer a su rival y obtener el merecido t\u00edtulo, adem\u00e1s tampoco conto con la ayuda de su compa\u00f1ero de equipo que m\u00e1s bien al contrario casi le provoca una colisi\u00f3n.<\/p>\n<p>&nbsp;<\/p>\n<p>Excelente trabajo de Red Bull y Sebastian Vettel con el merecido premio. Felicidades..<\/p>\n<p><strong>\u00a0<\/strong><\/p>\n<p><strong>Sebastian Vettel:<\/strong> \u00abEs dif\u00edcil imaginar lo que pasa por mi cabeza ahora, Estoy tan lleno de adrenalina. Ha sido una carrera incre\u00edble, todo lo que pudo haber pasado para que sea m\u00e1s dif\u00edcil para nosotros hoy en d\u00eda, pas\u00f3! Me di la vuelta en la curva 4 sin raz\u00f3n y se dirig\u00eda por el camino equivocado, as\u00ed que tuve que ir directamente y tuvo suerte de que nadie me golpe\u00f3. El coche fue da\u00f1ado y hemos perdido velocidad en rectas, incluso m\u00e1s, ya que se seco, pero afortunadamente empez\u00f3 a llover de nuevo. Todas las personas de fin de semana trat\u00f3 de empujar en una direcci\u00f3n determinada y dijeron\u00a0 que si llovia, ser\u00eda m\u00e1s dif\u00edcil para nosotros, pero hemos demostrado hoy que nos gusta la lluvia y tanto como el seco. Estoy muy, muy feliz. La cosa m\u00e1s importante a lo largo de la temporada es que seguimos empujando a nosotros mismos. Simplemente tratamos de hacer lo nuestro y seguir \u00a0la ruta que sabemos y eso es lo que hizo la diferencia. Algunas personas tratan de jugar, pero nosotros nunca nos distraemos, mantenemos nuestro lado. Todo el mundo en Milton Keynes y aqu\u00ed en el circuito, siempre est\u00e1n empujando muy duro y realmente se ha intensificado nuestro juego en la segunda mitad de la temporada. Me gustar\u00eda dar las gracias a todos en el equipo y en Renault. No hay nadie en este equipo que se siente m\u00e1s importante que cualquier otro, todos nos empujamos juntos, uno al lado del otro, es una fuerza grande y estoy muy orgulloso de ello. Es irreal lo que ha sucedido. Para ganar un tercer t\u00edtulo, sobre todo aqu\u00ed donde es uno de mis h\u00e9roes Ayrton Senna, es dif\u00edcil de poner en palabras. Yo estaba llorando en el coche, pero mi radio no funcionaba, as\u00ed que estoy feliz tal vez por eso! Ma\u00f1ana es probable que pueda decir algo m\u00e1s, pero ahora yo no tengo las palabras correctas. \u00bb<\/p>\n<p>&nbsp;<\/p>\n<p><strong>Mark Webber:<\/strong> \u00abLa carrera a la altura de las expectativas de hoy en d\u00eda y las condiciones eran obviamente muy dif\u00edcil para todos nosotros. No fue particularmente fuerte hoy el ritmo tanto Seb y yo est\u00e1bamos bastante vulnerable en los reinicios, as\u00ed como el inicio de la carrera con neum\u00e1ticos de seco. Me golpearon muy duro en el interior, creo que fue uno de los Sauber, y tuvimos que seguir adelante a partir de ah\u00ed. Tenemos probablemente lo que podr\u00edamos tener de hoy y hemos hecho una buena decisi\u00f3n de ir a los neum\u00e1ticos intermedios cuando lo hicimos. Para Sebasti\u00e1n, fue un gran esfuerzo. Se ha unido a un club bastante decente ahora y ha creado incluso su propio en \u00a0cierto modo, el m\u00e1s joven campe\u00f3n del mundo m\u00e1s y ahora es un campe\u00f3n del mundo de triple &#8211; tienes que quitarte el sombrero ante \u00e9l. La temporada ha ido r\u00e1pido, ha habido una gran cantidad de ganadores diferentes, algunas subidas y bajadas, un mont\u00f3n de accidentes y un par de victorias agradables para m\u00ed. Ahora estoy con ganas de tener un descanso, para recargar y luego a por el 2013 \u00ab.<\/p>\n<p>&nbsp;<\/p>\n<p><strong>Christian Horner , jefe de equipo:<\/strong> \u00abUn final incre\u00edble lo que ha sido una temporada incre\u00edble. Siempre supimos que este campeonato iba a ir a la derecha hasta el \u00faltimo momento y yo no creo que nadie podr\u00eda haber esperado que el tipo de carrera que tuvimos hoy. Pero, haber logrado un campeonato mundial triple es absolutamente fenomenal. Sebasti\u00e1n ha conducido mejor que nunca esta temporada y ha luchado su camino de regreso a este campeonato, que nunca ha dado por vencido y se vio que en la carrera de hoy. Despu\u00e9s de ser eliminado de la posici\u00f3n e ir a la parte de atr\u00e1s de la cancha con una carga de da\u00f1o, se abri\u00f3 paso de nuevo en la carrera, nunca se rindi\u00f3 y fue una carrera de esfuerzo m\u00e1ximo hoy con la lluvia y la lluvia no, adem\u00e1s de \u00a0los incidentes , giros, lo que sea, lo que pas\u00f3 &#8211; coches de seguridad, radios que no funcionaban &#8211; pero hay que reflexionar sobre la temporada en su conjunto. M\u00e1s de 20 carreras que el equipo ha hecho un trabajo incre\u00edble y Sebasti\u00e1n verdaderamente merece este Campeonato del Mundo. Despu\u00e9s de haber ido en contra de un oponente incre\u00edble en Fernando Alonso, y tenemos que rendirle homenaje y la forma en que ha conducido este a\u00f1o, ha hecho de este campeonato a\u00fan m\u00e1s apreciado por el nivel de competencia que hemos tenido que competir. Por lo tanto, lo \u00fanico que puedo hacer es agradecer a cada uno de los miembros del equipo por todo lo que han puesto Me gustar\u00eda dar las gracias a Dietrich Mateschitz por su compromiso, respaldo y el apoyo y el est\u00edmulo que ha dado a todos nosotros. A todos los miembros de Red Bull que han estado con nosotros todo el camino, y por supuesto a todos nuestros socios que han crecido y he estado en este viaje con nosotros durante los \u00faltimos tres a\u00f1os, un gran agradecimiento en nombre de la equipo completo para todos ellos. Va a tomar un poco de tiempo para asimilar el \u00e9xito.\u00bb<\/p>\n<p>&nbsp;<\/p>\n<p><strong>Adrian Newey , director t\u00e9cnico:<\/strong> \u00abToda la temporada ha sido un viaje incre\u00edble, pero hoy en d\u00eda, terminar as\u00ed hasta el \u00faltimo momento con tantos obst\u00e1culos &#8211; la incidente primera vuelta, la preocupaci\u00f3n por el da\u00f1o tanto a la carrocer\u00eda y el tubo de escape, el hecho de que el coche era entonces dif\u00edcil los neum\u00e1ticos, la radio en su defecto &#8211; es sencillamente genial, ya sabes, ten\u00edamos tantas cosas lanzadas contra nosotros. Creo que pasar por todo eso y aun as\u00ed obtener los puntos necesarios para ganar el campeonato fue un testimonio real del equipo y el piloto. Por Seb conseguir tres campeonatos, no s\u00e9 c\u00f3mo ser capaz de describir esto, pero creo que el sello distintivo del a\u00f1o realmente ha sido la tenacidad mostrada por el equipo. Hemos tenido problemas con el coche en el comienzo del a\u00f1o, tratando de entender c\u00f3mo funcionaba con la p\u00e9rdida de los gases de escape, y para dar la vuelta un coche un poco dif\u00edcil al comienzo del a\u00f1o, para llegar al punto en el que fueron capaces de sellar el campeonato de constructores hace una semana y luego otra vez aqu\u00ed el de pilotos &#8211; ha sido una gran tributo a todo el mundo\u00bb.<\/p>\n<p>&nbsp;<\/p>\n<p><strong>Cyril Dumont (Renault):<\/strong> \u00abHa sido una carrera dura. Seb se encontraba en la \u00faltima posici\u00f3n despu\u00e9s de que \u00e9l hizo un trompo y despu\u00e9s perdimos contacto por radio. Fue bastante dif\u00edcil &#8211; cambiamos a los neum\u00e1ticos lisos y luego tuvo que parar de nuevo para cambiar a intermedios, pero no est\u00e1bamos preparados debido a la emisi\u00f3n de radio. Ha sido dif\u00edcil de nuestra parte con el problema del alternador en la carrera anterior, por lo que parece correr la nueva especificaci\u00f3n aqu\u00ed fue la decisi\u00f3n correcta a tomar. En general, ha sido una temporada dif\u00edcil, pero llegamos a la meta que quer\u00edamos. Me gustar\u00eda dar las gracias a todo mi equipo en la pista, de vuelta en Viry y todo el que forma parte del Grupo Renault y las personas que trabajan para Mechachrome. Muchas gracias a todos, ha sido un placer trabajar con ustedes en los \u00faltimos seis a\u00f1os\u201d.<\/p>\n<div class=\"sharedaddy sd-sharing-enabled\"><div class=\"robots-nocontent sd-block sd-social sd-social-official sd-sharing\"><h3 class=\"sd-title\">Opciones Sociales:<\/h3><div class=\"sd-content\"><ul><li class=\"share-facebook\"><div class=\"fb-share-button\" data-href=\"http:\/\/www.michael-schumacher.es\/noticias-f1\/2012\/11\/26\/balance-gp-de-brasil-interlagos-red-bull\/\" data-layout=\"button_count\"><\/div><\/li><li class=\"share-twitter\"><a href=\"https:\/\/twitter.com\/share\" class=\"twitter-share-button\" data-url=\"http:\/\/www.michael-schumacher.es\/noticias-f1\/2012\/11\/26\/balance-gp-de-brasil-interlagos-red-bull\/\" data-text=\"Balance GP de Brasil, Interlagos. Red Bull\"  >Tweet<\/a><\/li><li class=\"share-email\"><a rel=\"nofollow noopener noreferrer\" data-shared=\"\" class=\"share-email sd-button\" href=\"http:\/\/www.michael-schumacher.es\/noticias-f1\/2012\/11\/26\/balance-gp-de-brasil-interlagos-red-bull\/?share=email\" target=\"_blank\" title=\"Haz clic para enviar por correo electr\u00f3nico a un amigo\"><span>Correo electr\u00f3nico<\/span><\/a><\/li><li class=\"share-end\"><\/li><\/ul><\/div><\/div><\/div>","protected":false},"excerpt":{"rendered":"<p>El equipo Red Bull ha tenido una dura carrera pero sin duda con una gran recompensa, hace una semana obtuvieron el campeonato de Constructores y hoy Sebasti\u00e1n Vettel se proclama obtiene el tercer t\u00edtulo mundial consecutivo y adem\u00e1s el tricampe\u00f3n m\u00e1s joven de la F1. En una carrera llena de emoci\u00f3n y problemas que Sebastian [&hellip;]<\/p>\n<div class=\"sharedaddy sd-sharing-enabled\"><div class=\"robots-nocontent sd-block sd-social sd-social-official sd-sharing\"><h3 class=\"sd-title\">Opciones Sociales:<\/h3><div class=\"sd-content\"><ul><li class=\"share-facebook\"><div class=\"fb-share-button\" data-href=\"http:\/\/www.michael-schumacher.es\/noticias-f1\/2012\/11\/26\/balance-gp-de-brasil-interlagos-red-bull\/\" data-layout=\"button_count\"><\/div><\/li><li class=\"share-twitter\"><a href=\"https:\/\/twitter.com\/share\" class=\"twitter-share-button\" data-url=\"http:\/\/www.michael-schumacher.es\/noticias-f1\/2012\/11\/26\/balance-gp-de-brasil-interlagos-red-bull\/\" data-text=\"Balance GP de Brasil, Interlagos. Red Bull\"  >Tweet<\/a><\/li><li class=\"share-email\"><a rel=\"nofollow noopener noreferrer\" data-shared=\"\" class=\"share-email sd-button\" href=\"http:\/\/www.michael-schumacher.es\/noticias-f1\/2012\/11\/26\/balance-gp-de-brasil-interlagos-red-bull\/?share=email\" target=\"_blank\" title=\"Haz clic para enviar por correo electr\u00f3nico a un amigo\"><span>Correo electr\u00f3nico<\/span><\/a><\/li><li class=\"share-end\"><\/li><\/ul><\/div><\/div><\/div>","protected":false},"author":3,"featured_media":0,"comment_status":"open","ping_status":"open","sticky":false,"template":"","format":"standard","meta":{"_monsterinsights_skip_tracking":false,"_monsterinsights_sitenote_active":false,"_monsterinsights_sitenote_note":"","_monsterinsights_sitenote_category":0,"spay_email":"","jetpack_publicize_message":"","jetpack_is_tweetstorm":false,"jetpack_publicize_feature_enabled":true},"categories":[4,3],"tags":[14,401,64,977,2094,1545,17,15,6,974,2057,72,2098,51,71,1944,30,73],"jetpack_featured_media_url":"","jetpack_publicize_connections":[],"jetpack_sharing_enabled":true,"jetpack_shortlink":"https:\/\/wp.me\/p27q3P-1Fw","_links":{"self":[{"href":"http:\/\/www.michael-schumacher.es\/noticias-f1\/wp-json\/wp\/v2\/posts\/6418"}],"collection":[{"href":"http:\/\/www.michael-schumacher.es\/noticias-f1\/wp-json\/wp\/v2\/posts"}],"about":[{"href":"http:\/\/www.michael-schumacher.es\/noticias-f1\/wp-json\/wp\/v2\/types\/post"}],"author":[{"embeddable":true,"href":"http:\/\/www.michael-schumacher.es\/noticias-f1\/wp-json\/wp\/v2\/users\/3"}],"replies":[{"embeddable":true,"href":"http:\/\/www.michael-schumacher.es\/noticias-f1\/wp-json\/wp\/v2\/comments?post=6418"}],"version-history":[{"count":0,"href":"http:\/\/www.michael-schumacher.es\/noticias-f1\/wp-json\/wp\/v2\/posts\/6418\/revisions"}],"wp:attachment":[{"href":"http:\/\/www.michael-schumacher.es\/noticias-f1\/wp-json\/wp\/v2\/media?parent=6418"}],"wp:term":[{"taxonomy":"category","embeddable":true,"href":"http:\/\/www.michael-schumacher.es\/noticias-f1\/wp-json\/wp\/v2\/categories?post=6418"},{"taxonomy":"post_tag","embeddable":true,"href":"http:\/\/www.michael-schumacher.es\/noticias-f1\/wp-json\/wp\/v2\/tags?post=6418"}],"curies":[{"name":"wp","href":"https:\/\/api.w.org\/{rel}","templated":true}]}}