{"id":6525,"date":"2012-11-29T11:46:18","date_gmt":"2012-11-29T10:46:18","guid":{"rendered":"http:\/\/www.michael-schumacher.es\/noticias-f1\/?p=6525"},"modified":"2012-11-29T11:46:18","modified_gmt":"2012-11-29T10:46:18","slug":"williams-confirma-a-bottas-como-companero-de-maldonado","status":"publish","type":"post","link":"http:\/\/www.michael-schumacher.es\/noticias-f1\/2012\/11\/29\/williams-confirma-a-bottas-como-companero-de-maldonado\/","title":{"rendered":"Williams confirma a Bottas como compa\u00f1ero de Maldonado"},"content":{"rendered":"<p><a href=\"http:\/\/www.michael-schumacher.es\/noticias-f1\/wp-content\/uploads\/2012\/11\/bottas.jpg\"><img loading=\"lazy\" class=\"alignleft\" title=\"bottas\" src=\"http:\/\/www.michael-schumacher.es\/noticias-f1\/wp-content\/uploads\/2012\/11\/bottas.jpg\" alt=\"\" width=\"200\" height=\"115\" \/><\/a>Williams no quer\u00eda anunciar que Bruno Senna en Brasil no ser\u00eda renovado el pr\u00f3ximo a\u00f1o pero los rumores indicaban que no seguir\u00eda en el equipo. Finalmente Pastor Maldonado y Valtteri Bottas pilotaran el FW34 en 2013.<\/p>\n<p><!--more--> <!--noteaser--><\/p>\n<p><a href=\"http:\/\/www.michael-schumacher.es\/noticias-f1\/wp-content\/uploads\/2012\/11\/bottas.jpg\"><img loading=\"lazy\" class=\"aligncenter size-full wp-image-6535\" title=\"bottas\" src=\"http:\/\/www.michael-schumacher.es\/noticias-f1\/wp-content\/uploads\/2012\/11\/bottas.jpg\" alt=\"\" width=\"600\" height=\"350\" srcset=\"http:\/\/www.michael-schumacher.es\/noticias-f1\/wp-content\/uploads\/2012\/11\/bottas.jpg 600w, http:\/\/www.michael-schumacher.es\/noticias-f1\/wp-content\/uploads\/2012\/11\/bottas-300x175.jpg 300w\" sizes=\"(max-width: 600px) 100vw, 600px\" \/><\/a><\/p>\n<p>Williams no quer\u00eda anunciar que Bruno Senna en Brasil no ser\u00eda renovado el pr\u00f3ximo a\u00f1o pero los rumores indicaban que no seguir\u00eda en el equipo. Finalmente Pastor Maldonado y Valtteri Bottas pilotaran el FW34 en 2013.<\/p>\n<p>&nbsp;<\/p>\n<p>Como as\u00ed ha confirmado Frank Williams: <strong>\u00abCon Pastor y Valtteri tenemos dos de los talentos m\u00e1s emocionantes y estoy contento de que este es un buen augurio para Williams. Pastor mostr\u00f3 su ritmo este a\u00f1o y le hemos visto tomar la victoria. Valtteri \u00a0es uno de los j\u00f3venes m\u00e1s talentosos que he visto nunca, y esperamos grandes cosas de \u00e9l en el futuro. Tambi\u00e9n quiero dar las gracias a Bruno Senna que trabajo muy duro este a\u00f1o y le deseamos una buena oportunidad para seguir adelante.\u201d<\/strong><\/p>\n<p>&nbsp;<\/p>\n<p>Pastor Maldonado tambi\u00e9n ha hecho declaraciones tras la confirmaci\u00f3n del equipo: <strong>\u00abEstoy muy feliz con Williams y obviamente estoy encantado de haber recibido la confirmaci\u00f3n de que todav\u00eda estaba en el equipo para 2013. 2012 fue un a\u00f1o memorable para m\u00ed, con mi victoria en Barcelona y nos subimos adelante en t\u00e9rminos de rendimiento. Tengo mucha confianza en el equipo para el pr\u00f3ximo a\u00f1o, avanzaremos de nuevo hacia delante en la parrilla de salida para obtener m\u00e1s \u00e9xito\u00bb. <\/strong><\/p>\n<p>&nbsp;<\/p>\n<p>Valtteri Bottas tambi\u00e9n ha declarado que esta era su meta y finalmente la ha alcanzado es piloto titular de Williams: <strong>\u00abSiempre ha sido el sue\u00f1o de mi vida para conducir en la F1. Lo hago \u00a0el con \u00e9xito de un equipo legendario en este deporte, es incre\u00edblemente especial. Realmente Ya disfrutamos de los \u00faltimos tres a\u00f1os con Williams como piloto de pruebas y reserva mi meta era realmente para quedarme en 2013 y convertirme en titular. Ahora yo tengo ganas de mi carrera de F\u00f3rmula 1 comience.\u00bb<\/strong><\/p>\n<p>&nbsp;<\/p>\n<div class=\"sharedaddy sd-sharing-enabled\"><div class=\"robots-nocontent sd-block sd-social sd-social-official sd-sharing\"><h3 class=\"sd-title\">Opciones Sociales:<\/h3><div class=\"sd-content\"><ul><li class=\"share-facebook\"><div class=\"fb-share-button\" data-href=\"http:\/\/www.michael-schumacher.es\/noticias-f1\/2012\/11\/29\/williams-confirma-a-bottas-como-companero-de-maldonado\/\" data-layout=\"button_count\"><\/div><\/li><li class=\"share-twitter\"><a href=\"https:\/\/twitter.com\/share\" class=\"twitter-share-button\" data-url=\"http:\/\/www.michael-schumacher.es\/noticias-f1\/2012\/11\/29\/williams-confirma-a-bottas-como-companero-de-maldonado\/\" data-text=\"Williams confirma a Bottas como compa\u00f1ero de Maldonado\"  >Tweet<\/a><\/li><li class=\"share-email\"><a rel=\"nofollow noopener noreferrer\" data-shared=\"\" class=\"share-email sd-button\" href=\"http:\/\/www.michael-schumacher.es\/noticias-f1\/2012\/11\/29\/williams-confirma-a-bottas-como-companero-de-maldonado\/?share=email\" target=\"_blank\" title=\"Haz clic para enviar por correo electr\u00f3nico a un amigo\"><span>Correo electr\u00f3nico<\/span><\/a><\/li><li class=\"share-end\"><\/li><\/ul><\/div><\/div><\/div>","protected":false},"excerpt":{"rendered":"<p>Williams no quer\u00eda anunciar que Bruno Senna en Brasil no ser\u00eda renovado el pr\u00f3ximo a\u00f1o pero los rumores indicaban que no seguir\u00eda en el equipo. Finalmente Pastor Maldonado y Valtteri Bottas pilotaran el FW34 en 2013.<\/p>\n<div class=\"sharedaddy sd-sharing-enabled\"><div class=\"robots-nocontent sd-block sd-social sd-social-official sd-sharing\"><h3 class=\"sd-title\">Opciones Sociales:<\/h3><div class=\"sd-content\"><ul><li class=\"share-facebook\"><div class=\"fb-share-button\" data-href=\"http:\/\/www.michael-schumacher.es\/noticias-f1\/2012\/11\/29\/williams-confirma-a-bottas-como-companero-de-maldonado\/\" data-layout=\"button_count\"><\/div><\/li><li class=\"share-twitter\"><a href=\"https:\/\/twitter.com\/share\" class=\"twitter-share-button\" data-url=\"http:\/\/www.michael-schumacher.es\/noticias-f1\/2012\/11\/29\/williams-confirma-a-bottas-como-companero-de-maldonado\/\" data-text=\"Williams confirma a Bottas como compa\u00f1ero de Maldonado\"  >Tweet<\/a><\/li><li class=\"share-email\"><a rel=\"nofollow noopener noreferrer\" data-shared=\"\" class=\"share-email sd-button\" href=\"http:\/\/www.michael-schumacher.es\/noticias-f1\/2012\/11\/29\/williams-confirma-a-bottas-como-companero-de-maldonado\/?share=email\" target=\"_blank\" title=\"Haz clic para enviar por correo electr\u00f3nico a un amigo\"><span>Correo electr\u00f3nico<\/span><\/a><\/li><li class=\"share-end\"><\/li><\/ul><\/div><\/div><\/div>","protected":false},"author":3,"featured_media":0,"comment_status":"open","ping_status":"open","sticky":false,"template":"","format":"standard","meta":{"_monsterinsights_skip_tracking":false,"_monsterinsights_sitenote_active":false,"_monsterinsights_sitenote_note":"","_monsterinsights_sitenote_category":0,"spay_email":"","jetpack_publicize_message":"","jetpack_is_tweetstorm":false,"jetpack_publicize_feature_enabled":true},"categories":[3],"tags":[373,400,94,1681,381,17,15,95,238,828,93],"jetpack_featured_media_url":"","jetpack_publicize_connections":[],"jetpack_sharing_enabled":true,"jetpack_shortlink":"https:\/\/wp.me\/p27q3P-1Hf","_links":{"self":[{"href":"http:\/\/www.michael-schumacher.es\/noticias-f1\/wp-json\/wp\/v2\/posts\/6525"}],"collection":[{"href":"http:\/\/www.michael-schumacher.es\/noticias-f1\/wp-json\/wp\/v2\/posts"}],"about":[{"href":"http:\/\/www.michael-schumacher.es\/noticias-f1\/wp-json\/wp\/v2\/types\/post"}],"author":[{"embeddable":true,"href":"http:\/\/www.michael-schumacher.es\/noticias-f1\/wp-json\/wp\/v2\/users\/3"}],"replies":[{"embeddable":true,"href":"http:\/\/www.michael-schumacher.es\/noticias-f1\/wp-json\/wp\/v2\/comments?post=6525"}],"version-history":[{"count":0,"href":"http:\/\/www.michael-schumacher.es\/noticias-f1\/wp-json\/wp\/v2\/posts\/6525\/revisions"}],"wp:attachment":[{"href":"http:\/\/www.michael-schumacher.es\/noticias-f1\/wp-json\/wp\/v2\/media?parent=6525"}],"wp:term":[{"taxonomy":"category","embeddable":true,"href":"http:\/\/www.michael-schumacher.es\/noticias-f1\/wp-json\/wp\/v2\/categories?post=6525"},{"taxonomy":"post_tag","embeddable":true,"href":"http:\/\/www.michael-schumacher.es\/noticias-f1\/wp-json\/wp\/v2\/tags?post=6525"}],"curies":[{"name":"wp","href":"https:\/\/api.w.org\/{rel}","templated":true}]}}