{"id":6527,"date":"2012-11-29T13:37:18","date_gmt":"2012-11-29T12:37:18","guid":{"rendered":"http:\/\/www.michael-schumacher.es\/noticias-f1\/?p=6527"},"modified":"2012-11-29T13:37:18","modified_gmt":"2012-11-29T12:37:18","slug":"vettel-la-gente-ha-cambiado-de-opinion-sobre-mi","status":"publish","type":"post","link":"http:\/\/www.michael-schumacher.es\/noticias-f1\/2012\/11\/29\/vettel-la-gente-ha-cambiado-de-opinion-sobre-mi\/","title":{"rendered":"Vettel: La gente ha cambiado de opini\u00f3n sobre mi"},"content":{"rendered":"<p><a href=\"http:\/\/www.michael-schumacher.es\/noticias-f1\/wp-content\/uploads\/2012\/11\/david_sarro.vettel-2-mini.jpg\"><img loading=\"lazy\" class=\"alignleft\" title=\"david_sarro.vettel-2-mini\" src=\"http:\/\/www.michael-schumacher.es\/noticias-f1\/wp-content\/uploads\/2012\/11\/david_sarro.vettel-2-mini.jpg\" alt=\"\" width=\"200\" height=\"133\" \/><\/a>Con estas dos carreras que tuvo que hacer impresionantes remontadas para no perder puntos y ganar su tercer campeonato consecutivo, adem\u00e1s de ser el tricampe\u00f3n m\u00e1s joven de la F1, tanto en Abu Dhabi como en Brasil, demostr\u00f3 que sabe adelantar y piensa que la gente ha cambiado su opini\u00f3n sobre \u00e9l.<\/p>\n<p><!--more--> <!--noteaser--><\/p>\n<p><a href=\"http:\/\/www.michael-schumacher.es\/noticias-f1\/wp-content\/uploads\/2012\/11\/david_sarro.vettel-2.jpg\"><img loading=\"lazy\" class=\"aligncenter size-full wp-image-5681\" title=\"Sebastian Vettel 2 \" src=\"http:\/\/www.michael-schumacher.es\/noticias-f1\/wp-content\/uploads\/2012\/11\/david_sarro.vettel-2.jpg\" alt=\"\" width=\"650\" height=\"433\" srcset=\"http:\/\/www.michael-schumacher.es\/noticias-f1\/wp-content\/uploads\/2012\/11\/david_sarro.vettel-2.jpg 650w, http:\/\/www.michael-schumacher.es\/noticias-f1\/wp-content\/uploads\/2012\/11\/david_sarro.vettel-2-300x199.jpg 300w\" sizes=\"(max-width: 650px) 100vw, 650px\" \/><\/a><\/p>\n<p>Con estas dos carreras que tuvo que hacer impresionantes remontadas para no perder puntos y ganar su tercer campeonato consecutivo, adem\u00e1s de ser el tricampe\u00f3n m\u00e1s joven de la F1, tanto en Abu Dhabi como en Brasil, demostr\u00f3 que sabe adelantar y piensa que la gente ha cambiado su opini\u00f3n sobre \u00e9l.<\/p>\n<p>&nbsp;<\/p>\n<p>En parte le parece divertido a Vettel la opini\u00f3n de parte de los aficionados: <strong>\u201c<strong>Ahora m<\/strong>e parece un poco divertido.\u00a0 Mirar atr\u00e1s y pensar que para la gente, yo era el piloto que no sobresal\u00eda por poder adelantar. Ahora despu\u00e9s de dos carreras Abu Dhabi y Brasil, creo que la gente ha cambiado de opini\u00f3n acerca de mis habilidades\u201d.<\/strong><\/p>\n<p>&nbsp;<\/p>\n<p>Para Vettel, No hay diferencias entre tener\u00a0 que adelantar o construir una s\u00f3lida ventaja en carrera: <strong>\u00abLa gente siempre pone su cr\u00e9dito en si adelantas, \u00a0No entienden lo que cuesta el hecho de separarse de los \u00a0conductores ochos segundos yendo primero para construir una ventaja en la carrera. Tal vez no entienden lo dif\u00edcil que es conseguir esa diferencia. Ganar desde delante y remontar desde el pelot\u00f3n es lo mismo. Siempre has de dar lo mejor de ti\u00bb.<\/strong><\/p>\n<p>&nbsp;<\/p>\n<p><strong>Imagen:<\/strong> David Sarr\u00f3<\/p>\n<div class=\"sharedaddy sd-sharing-enabled\"><div class=\"robots-nocontent sd-block sd-social sd-social-official sd-sharing\"><h3 class=\"sd-title\">Opciones Sociales:<\/h3><div class=\"sd-content\"><ul><li class=\"share-facebook\"><div class=\"fb-share-button\" data-href=\"http:\/\/www.michael-schumacher.es\/noticias-f1\/2012\/11\/29\/vettel-la-gente-ha-cambiado-de-opinion-sobre-mi\/\" data-layout=\"button_count\"><\/div><\/li><li class=\"share-twitter\"><a href=\"https:\/\/twitter.com\/share\" class=\"twitter-share-button\" data-url=\"http:\/\/www.michael-schumacher.es\/noticias-f1\/2012\/11\/29\/vettel-la-gente-ha-cambiado-de-opinion-sobre-mi\/\" data-text=\"Vettel: La gente ha cambiado de opini\u00f3n sobre mi\"  >Tweet<\/a><\/li><li class=\"share-email\"><a rel=\"nofollow noopener noreferrer\" data-shared=\"\" class=\"share-email sd-button\" href=\"http:\/\/www.michael-schumacher.es\/noticias-f1\/2012\/11\/29\/vettel-la-gente-ha-cambiado-de-opinion-sobre-mi\/?share=email\" target=\"_blank\" title=\"Haz clic para enviar por correo electr\u00f3nico a un amigo\"><span>Correo electr\u00f3nico<\/span><\/a><\/li><li class=\"share-end\"><\/li><\/ul><\/div><\/div><\/div>","protected":false},"excerpt":{"rendered":"<p>Con estas dos carreras que tuvo que hacer impresionantes remontadas para no perder puntos y ganar su tercer campeonato consecutivo, adem\u00e1s de ser el tricampe\u00f3n m\u00e1s joven de la F1, tanto en Abu Dhabi como en Brasil, demostr\u00f3 que sabe adelantar y piensa que la gente ha cambiado su opini\u00f3n sobre \u00e9l.<\/p>\n<div class=\"sharedaddy sd-sharing-enabled\"><div class=\"robots-nocontent sd-block sd-social sd-social-official sd-sharing\"><h3 class=\"sd-title\">Opciones Sociales:<\/h3><div class=\"sd-content\"><ul><li class=\"share-facebook\"><div class=\"fb-share-button\" data-href=\"http:\/\/www.michael-schumacher.es\/noticias-f1\/2012\/11\/29\/vettel-la-gente-ha-cambiado-de-opinion-sobre-mi\/\" data-layout=\"button_count\"><\/div><\/li><li class=\"share-twitter\"><a href=\"https:\/\/twitter.com\/share\" class=\"twitter-share-button\" data-url=\"http:\/\/www.michael-schumacher.es\/noticias-f1\/2012\/11\/29\/vettel-la-gente-ha-cambiado-de-opinion-sobre-mi\/\" data-text=\"Vettel: La gente ha cambiado de opini\u00f3n sobre mi\"  >Tweet<\/a><\/li><li class=\"share-email\"><a rel=\"nofollow noopener noreferrer\" data-shared=\"\" class=\"share-email sd-button\" href=\"http:\/\/www.michael-schumacher.es\/noticias-f1\/2012\/11\/29\/vettel-la-gente-ha-cambiado-de-opinion-sobre-mi\/?share=email\" target=\"_blank\" title=\"Haz clic para enviar por correo electr\u00f3nico a un amigo\"><span>Correo electr\u00f3nico<\/span><\/a><\/li><li class=\"share-end\"><\/li><\/ul><\/div><\/div><\/div>","protected":false},"author":3,"featured_media":0,"comment_status":"open","ping_status":"open","sticky":false,"template":"","format":"standard","meta":{"_monsterinsights_skip_tracking":false,"_monsterinsights_sitenote_active":false,"_monsterinsights_sitenote_note":"","_monsterinsights_sitenote_category":0,"spay_email":"","jetpack_publicize_message":"","jetpack_is_tweetstorm":false,"jetpack_publicize_feature_enabled":true},"categories":[3],"tags":[781,84,977,1639,2145,248,17,15,1818,2144,2143,1089,51,1812,71,1944,449,30],"jetpack_featured_media_url":"","jetpack_publicize_connections":[],"jetpack_sharing_enabled":true,"jetpack_shortlink":"https:\/\/wp.me\/p27q3P-1Hh","_links":{"self":[{"href":"http:\/\/www.michael-schumacher.es\/noticias-f1\/wp-json\/wp\/v2\/posts\/6527"}],"collection":[{"href":"http:\/\/www.michael-schumacher.es\/noticias-f1\/wp-json\/wp\/v2\/posts"}],"about":[{"href":"http:\/\/www.michael-schumacher.es\/noticias-f1\/wp-json\/wp\/v2\/types\/post"}],"author":[{"embeddable":true,"href":"http:\/\/www.michael-schumacher.es\/noticias-f1\/wp-json\/wp\/v2\/users\/3"}],"replies":[{"embeddable":true,"href":"http:\/\/www.michael-schumacher.es\/noticias-f1\/wp-json\/wp\/v2\/comments?post=6527"}],"version-history":[{"count":0,"href":"http:\/\/www.michael-schumacher.es\/noticias-f1\/wp-json\/wp\/v2\/posts\/6527\/revisions"}],"wp:attachment":[{"href":"http:\/\/www.michael-schumacher.es\/noticias-f1\/wp-json\/wp\/v2\/media?parent=6527"}],"wp:term":[{"taxonomy":"category","embeddable":true,"href":"http:\/\/www.michael-schumacher.es\/noticias-f1\/wp-json\/wp\/v2\/categories?post=6527"},{"taxonomy":"post_tag","embeddable":true,"href":"http:\/\/www.michael-schumacher.es\/noticias-f1\/wp-json\/wp\/v2\/tags?post=6527"}],"curies":[{"name":"wp","href":"https:\/\/api.w.org\/{rel}","templated":true}]}}