{"id":6550,"date":"2012-11-30T01:18:51","date_gmt":"2012-11-30T00:18:51","guid":{"rendered":"http:\/\/www.michael-schumacher.es\/noticias-f1\/?p=6550"},"modified":"2012-11-30T02:44:16","modified_gmt":"2012-11-30T01:44:16","slug":"ferrari-pidio-una-aclaracion-a-la-fia-sobre-el-adelantamiento-de-vettel","status":"publish","type":"post","link":"http:\/\/www.michael-schumacher.es\/noticias-f1\/2012\/11\/30\/ferrari-pidio-una-aclaracion-a-la-fia-sobre-el-adelantamiento-de-vettel\/","title":{"rendered":"Ferrari pidi\u00f3 una aclaraci\u00f3n a la FIA sobre el adelantamiento de Vettel"},"content":{"rendered":"<p><a href=\"http:\/\/www.michael-schumacher.es\/noticias-f1\/wp-content\/uploads\/2012\/08\/ferrari-1-mini.jpg\"><img loading=\"lazy\" class=\"alignleft size-full wp-image-3090\" title=\"Ferrari 1 - miniatura\" src=\"http:\/\/www.michael-schumacher.es\/noticias-f1\/wp-content\/uploads\/2012\/08\/ferrari-1-mini.jpg\" alt=\"\" width=\"200\" height=\"133\" \/><\/a>A primera hora de la ma\u00f1ana del Jueves Ferrari estaba visionando el video de dicha maniobra para estudiar solicitar una apelaci\u00f3n, finalmente Ferrari informo por la cuenta de Twitter, que solicitaban una aclaraci\u00f3n por carta: <strong>\u201cFerrari solicit\u00f3, mediante una carta, una aclaraci\u00f3n de la FIA respecto de la maniobra de adelantamiento de VET sobre VER durante la vuelta 4 del GP brasile\u00f1o.\u201d <\/strong><\/p>\n<p><!--more--> <!--noteaser--><\/p>\n<p><a href=\"http:\/\/www.michael-schumacher.es\/noticias-f1\/wp-content\/uploads\/2012\/08\/ferrari-1.jpg\"><img loading=\"lazy\" class=\"aligncenter size-full wp-image-3089\" title=\"Ferrari 1 \" src=\"http:\/\/www.michael-schumacher.es\/noticias-f1\/wp-content\/uploads\/2012\/08\/ferrari-1.jpg\" alt=\"\" width=\"600\" height=\"400\" srcset=\"http:\/\/www.michael-schumacher.es\/noticias-f1\/wp-content\/uploads\/2012\/08\/ferrari-1.jpg 600w, http:\/\/www.michael-schumacher.es\/noticias-f1\/wp-content\/uploads\/2012\/08\/ferrari-1-300x200.jpg 300w\" sizes=\"(max-width: 600px) 100vw, 600px\" \/><\/a><\/p>\n<p>A primera hora de la ma\u00f1ana del Jueves Ferrari estaba visionando el video de dicha maniobra para estudiar solicitar una apelaci\u00f3n, finalmente Ferrari informo por la cuenta de Twitter, que solicitaban una aclaraci\u00f3n por carta: <strong>\u201cFerrari solicit\u00f3, mediante una carta, una aclaraci\u00f3n de la FIA respecto de la maniobra de adelantamiento de VET sobre VER durante la vuelta 4 del GP brasile\u00f1o.\u201d <\/strong><\/p>\n<p>&nbsp;<\/p>\n<p>Parece que Fernando Alonso y su entorno ha sido el que ha presionado a Ferrari para apelar, tambi\u00e9n Alonso publico enigm\u00e1ticos mensajes en su Twitter:<strong> \u00abNo tengo milagros, Yo hago de las leyes correctas mis milagros. #Samurai\u00bb.<\/strong><\/p>\n<p>&nbsp;<\/p>\n<p>Tambi\u00e9n el representante del piloto asturiano, Luis Garc\u00eda Abad. Colg\u00f3 otro enigm\u00e1tico mensaje en la misma red social, Twitter:<strong> \u201c<\/strong><strong>Donde hay poca justicia es un peligro tener raz\u00f3n&#8217;. Francisco de Quevedo\u00bb.<\/strong><\/p>\n<p>&nbsp;<\/p>\n<div class=\"sharedaddy sd-sharing-enabled\"><div class=\"robots-nocontent sd-block sd-social sd-social-official sd-sharing\"><h3 class=\"sd-title\">Opciones Sociales:<\/h3><div class=\"sd-content\"><ul><li class=\"share-facebook\"><div class=\"fb-share-button\" data-href=\"http:\/\/www.michael-schumacher.es\/noticias-f1\/2012\/11\/30\/ferrari-pidio-una-aclaracion-a-la-fia-sobre-el-adelantamiento-de-vettel\/\" data-layout=\"button_count\"><\/div><\/li><li class=\"share-twitter\"><a href=\"https:\/\/twitter.com\/share\" class=\"twitter-share-button\" data-url=\"http:\/\/www.michael-schumacher.es\/noticias-f1\/2012\/11\/30\/ferrari-pidio-una-aclaracion-a-la-fia-sobre-el-adelantamiento-de-vettel\/\" data-text=\"Ferrari pidi\u00f3 una aclaraci\u00f3n a la FIA sobre el adelantamiento de Vettel\"  >Tweet<\/a><\/li><li class=\"share-email\"><a rel=\"nofollow noopener noreferrer\" data-shared=\"\" class=\"share-email sd-button\" href=\"http:\/\/www.michael-schumacher.es\/noticias-f1\/2012\/11\/30\/ferrari-pidio-una-aclaracion-a-la-fia-sobre-el-adelantamiento-de-vettel\/?share=email\" target=\"_blank\" title=\"Haz clic para enviar por correo electr\u00f3nico a un amigo\"><span>Correo electr\u00f3nico<\/span><\/a><\/li><li class=\"share-end\"><\/li><\/ul><\/div><\/div><\/div>","protected":false},"excerpt":{"rendered":"<p>A primera hora de la ma\u00f1ana del Jueves Ferrari estaba visionando el video de dicha maniobra para estudiar solicitar una apelaci\u00f3n, finalmente Ferrari informo por la cuenta de Twitter, que solicitaban una aclaraci\u00f3n por carta: \u201cFerrari solicit\u00f3, mediante una carta, una aclaraci\u00f3n de la FIA respecto de la maniobra de adelantamiento de VET sobre VER [&hellip;]<\/p>\n<div class=\"sharedaddy sd-sharing-enabled\"><div class=\"robots-nocontent sd-block sd-social sd-social-official sd-sharing\"><h3 class=\"sd-title\">Opciones Sociales:<\/h3><div class=\"sd-content\"><ul><li class=\"share-facebook\"><div class=\"fb-share-button\" data-href=\"http:\/\/www.michael-schumacher.es\/noticias-f1\/2012\/11\/30\/ferrari-pidio-una-aclaracion-a-la-fia-sobre-el-adelantamiento-de-vettel\/\" data-layout=\"button_count\"><\/div><\/li><li class=\"share-twitter\"><a href=\"https:\/\/twitter.com\/share\" class=\"twitter-share-button\" data-url=\"http:\/\/www.michael-schumacher.es\/noticias-f1\/2012\/11\/30\/ferrari-pidio-una-aclaracion-a-la-fia-sobre-el-adelantamiento-de-vettel\/\" data-text=\"Ferrari pidi\u00f3 una aclaraci\u00f3n a la FIA sobre el adelantamiento de Vettel\"  >Tweet<\/a><\/li><li class=\"share-email\"><a rel=\"nofollow noopener noreferrer\" data-shared=\"\" class=\"share-email sd-button\" href=\"http:\/\/www.michael-schumacher.es\/noticias-f1\/2012\/11\/30\/ferrari-pidio-una-aclaracion-a-la-fia-sobre-el-adelantamiento-de-vettel\/?share=email\" target=\"_blank\" title=\"Haz clic para enviar por correo electr\u00f3nico a un amigo\"><span>Correo electr\u00f3nico<\/span><\/a><\/li><li class=\"share-end\"><\/li><\/ul><\/div><\/div><\/div>","protected":false},"author":3,"featured_media":0,"comment_status":"open","ping_status":"open","sticky":false,"template":"","format":"standard","meta":{"_monsterinsights_skip_tracking":false,"_monsterinsights_sitenote_active":false,"_monsterinsights_sitenote_note":"","_monsterinsights_sitenote_category":0,"spay_email":"","jetpack_publicize_message":"","jetpack_is_tweetstorm":false,"jetpack_publicize_feature_enabled":true},"categories":[3],"tags":[2146,325,2149,497,17,767,104,127,15,2147,71,269,2148,100,30],"jetpack_featured_media_url":"","jetpack_publicize_connections":[],"jetpack_sharing_enabled":true,"jetpack_shortlink":"https:\/\/wp.me\/p27q3P-1HE","_links":{"self":[{"href":"http:\/\/www.michael-schumacher.es\/noticias-f1\/wp-json\/wp\/v2\/posts\/6550"}],"collection":[{"href":"http:\/\/www.michael-schumacher.es\/noticias-f1\/wp-json\/wp\/v2\/posts"}],"about":[{"href":"http:\/\/www.michael-schumacher.es\/noticias-f1\/wp-json\/wp\/v2\/types\/post"}],"author":[{"embeddable":true,"href":"http:\/\/www.michael-schumacher.es\/noticias-f1\/wp-json\/wp\/v2\/users\/3"}],"replies":[{"embeddable":true,"href":"http:\/\/www.michael-schumacher.es\/noticias-f1\/wp-json\/wp\/v2\/comments?post=6550"}],"version-history":[{"count":0,"href":"http:\/\/www.michael-schumacher.es\/noticias-f1\/wp-json\/wp\/v2\/posts\/6550\/revisions"}],"wp:attachment":[{"href":"http:\/\/www.michael-schumacher.es\/noticias-f1\/wp-json\/wp\/v2\/media?parent=6550"}],"wp:term":[{"taxonomy":"category","embeddable":true,"href":"http:\/\/www.michael-schumacher.es\/noticias-f1\/wp-json\/wp\/v2\/categories?post=6550"},{"taxonomy":"post_tag","embeddable":true,"href":"http:\/\/www.michael-schumacher.es\/noticias-f1\/wp-json\/wp\/v2\/tags?post=6550"}],"curies":[{"name":"wp","href":"https:\/\/api.w.org\/{rel}","templated":true}]}}