{"id":6583,"date":"2012-12-01T00:38:52","date_gmt":"2012-11-30T23:38:52","guid":{"rendered":"http:\/\/www.michael-schumacher.es\/noticias-f1\/?p=6583"},"modified":"2012-12-01T00:38:52","modified_gmt":"2012-11-30T23:38:52","slug":"ferrari-recibe-la-respuesta-de-la-fia-y-cierra-la-polemica","status":"publish","type":"post","link":"http:\/\/www.michael-schumacher.es\/noticias-f1\/2012\/12\/01\/ferrari-recibe-la-respuesta-de-la-fia-y-cierra-la-polemica\/","title":{"rendered":"Ferrari recibe la respuesta de la FIA y cierra la pol\u00e9mica"},"content":{"rendered":"<p><a href=\"http:\/\/www.michael-schumacher.es\/noticias-f1\/wp-content\/uploads\/2012\/08\/ferrari-1-mini.jpg\"><img loading=\"lazy\" class=\"alignleft size-full wp-image-3090\" title=\"Ferrari 1 - miniatura\" src=\"http:\/\/www.michael-schumacher.es\/noticias-f1\/wp-content\/uploads\/2012\/08\/ferrari-1-mini.jpg\" alt=\"\" width=\"200\" height=\"133\" \/><\/a>La FIA ya le hab\u00eda dicho a la prensa que no hab\u00eda motivos para la pol\u00e9mica, ya ayer declararon que no hab\u00eda nada m\u00e1s que investigar y que el adelantamiento protagonista de la pol\u00e9mica era leg\u00edtimo, ya que Sebastian Vettel se habia encontrado con una bandera verde antes de iniciar su adelantamiento.<\/p>\n<p><!--more--> <!--noteaser--><\/p>\n<p><a href=\"http:\/\/www.michael-schumacher.es\/noticias-f1\/wp-content\/uploads\/2012\/08\/ferrari-1.jpg\"><img loading=\"lazy\" class=\"aligncenter size-full wp-image-3089\" title=\"Ferrari 1 \" src=\"http:\/\/www.michael-schumacher.es\/noticias-f1\/wp-content\/uploads\/2012\/08\/ferrari-1.jpg\" alt=\"\" width=\"600\" height=\"400\" srcset=\"http:\/\/www.michael-schumacher.es\/noticias-f1\/wp-content\/uploads\/2012\/08\/ferrari-1.jpg 600w, http:\/\/www.michael-schumacher.es\/noticias-f1\/wp-content\/uploads\/2012\/08\/ferrari-1-300x200.jpg 300w\" sizes=\"(max-width: 600px) 100vw, 600px\" \/><\/a><\/p>\n<p>La FIA ya le hab\u00eda dicho a la prensa que no hab\u00eda motivos para la pol\u00e9mica, ya ayer declararon que no hab\u00eda nada m\u00e1s que investigar y que el adelantamiento protagonista de la pol\u00e9mica era leg\u00edtimo, ya que Sebastian Vettel se habia encontrado con una bandera verde antes de iniciar su adelantamiento.<\/p>\n<p>&nbsp;<\/p>\n<p>Ferrari ahora dice que no quer\u00edan determinar la legalidad del campeonato, solo quitar las sombras de duda: <strong>\u00abEsta carta a la FIA no ten\u00eda intenci\u00f3n de determinar la legalidad de los resultados de la carrera. Recibimos decenas de miles de mensajes en todo el mundo y por lo tanto corresponde ir m\u00e1s all\u00e1 y pedir a la FIA examinar este incidente que podr\u00eda haber puesto una sombra en el campeonato a todos los aficionados, no s\u00f3lo los fans de Ferrari. Ferrari toma nota y considera cerrado el asunto\u201d.<\/strong><\/p>\n<div class=\"sharedaddy sd-sharing-enabled\"><div class=\"robots-nocontent sd-block sd-social sd-social-official sd-sharing\"><h3 class=\"sd-title\">Opciones Sociales:<\/h3><div class=\"sd-content\"><ul><li class=\"share-facebook\"><div class=\"fb-share-button\" data-href=\"http:\/\/www.michael-schumacher.es\/noticias-f1\/2012\/12\/01\/ferrari-recibe-la-respuesta-de-la-fia-y-cierra-la-polemica\/\" data-layout=\"button_count\"><\/div><\/li><li class=\"share-twitter\"><a href=\"https:\/\/twitter.com\/share\" class=\"twitter-share-button\" data-url=\"http:\/\/www.michael-schumacher.es\/noticias-f1\/2012\/12\/01\/ferrari-recibe-la-respuesta-de-la-fia-y-cierra-la-polemica\/\" data-text=\"Ferrari recibe la respuesta de la FIA y cierra la pol\u00e9mica\"  >Tweet<\/a><\/li><li class=\"share-email\"><a rel=\"nofollow noopener noreferrer\" data-shared=\"\" class=\"share-email sd-button\" href=\"http:\/\/www.michael-schumacher.es\/noticias-f1\/2012\/12\/01\/ferrari-recibe-la-respuesta-de-la-fia-y-cierra-la-polemica\/?share=email\" target=\"_blank\" title=\"Haz clic para enviar por correo electr\u00f3nico a un amigo\"><span>Correo electr\u00f3nico<\/span><\/a><\/li><li class=\"share-end\"><\/li><\/ul><\/div><\/div><\/div>","protected":false},"excerpt":{"rendered":"<p>La FIA ya le hab\u00eda dicho a la prensa que no hab\u00eda motivos para la pol\u00e9mica, ya ayer declararon que no hab\u00eda nada m\u00e1s que investigar y que el adelantamiento protagonista de la pol\u00e9mica era leg\u00edtimo, ya que Sebastian Vettel se habia encontrado con una bandera verde antes de iniciar su adelantamiento.<\/p>\n<div class=\"sharedaddy sd-sharing-enabled\"><div class=\"robots-nocontent sd-block sd-social sd-social-official sd-sharing\"><h3 class=\"sd-title\">Opciones Sociales:<\/h3><div class=\"sd-content\"><ul><li class=\"share-facebook\"><div class=\"fb-share-button\" data-href=\"http:\/\/www.michael-schumacher.es\/noticias-f1\/2012\/12\/01\/ferrari-recibe-la-respuesta-de-la-fia-y-cierra-la-polemica\/\" data-layout=\"button_count\"><\/div><\/li><li class=\"share-twitter\"><a href=\"https:\/\/twitter.com\/share\" class=\"twitter-share-button\" data-url=\"http:\/\/www.michael-schumacher.es\/noticias-f1\/2012\/12\/01\/ferrari-recibe-la-respuesta-de-la-fia-y-cierra-la-polemica\/\" data-text=\"Ferrari recibe la respuesta de la FIA y cierra la pol\u00e9mica\"  >Tweet<\/a><\/li><li class=\"share-email\"><a rel=\"nofollow noopener noreferrer\" data-shared=\"\" class=\"share-email sd-button\" href=\"http:\/\/www.michael-schumacher.es\/noticias-f1\/2012\/12\/01\/ferrari-recibe-la-respuesta-de-la-fia-y-cierra-la-polemica\/?share=email\" target=\"_blank\" title=\"Haz clic para enviar por correo electr\u00f3nico a un amigo\"><span>Correo electr\u00f3nico<\/span><\/a><\/li><li class=\"share-end\"><\/li><\/ul><\/div><\/div><\/div>","protected":false},"author":3,"featured_media":0,"comment_status":"open","ping_status":"open","sticky":false,"template":"","format":"standard","meta":{"_monsterinsights_skip_tracking":false,"_monsterinsights_sitenote_active":false,"_monsterinsights_sitenote_note":"","_monsterinsights_sitenote_category":0,"spay_email":"","jetpack_publicize_message":"","jetpack_is_tweetstorm":false,"jetpack_publicize_feature_enabled":true},"categories":[3],"tags":[325,2164,2154,798,17,141,127,15,2166,149,2162,2163,2165],"jetpack_featured_media_url":"","jetpack_publicize_connections":[],"jetpack_sharing_enabled":true,"jetpack_shortlink":"https:\/\/wp.me\/p27q3P-1Ib","_links":{"self":[{"href":"http:\/\/www.michael-schumacher.es\/noticias-f1\/wp-json\/wp\/v2\/posts\/6583"}],"collection":[{"href":"http:\/\/www.michael-schumacher.es\/noticias-f1\/wp-json\/wp\/v2\/posts"}],"about":[{"href":"http:\/\/www.michael-schumacher.es\/noticias-f1\/wp-json\/wp\/v2\/types\/post"}],"author":[{"embeddable":true,"href":"http:\/\/www.michael-schumacher.es\/noticias-f1\/wp-json\/wp\/v2\/users\/3"}],"replies":[{"embeddable":true,"href":"http:\/\/www.michael-schumacher.es\/noticias-f1\/wp-json\/wp\/v2\/comments?post=6583"}],"version-history":[{"count":0,"href":"http:\/\/www.michael-schumacher.es\/noticias-f1\/wp-json\/wp\/v2\/posts\/6583\/revisions"}],"wp:attachment":[{"href":"http:\/\/www.michael-schumacher.es\/noticias-f1\/wp-json\/wp\/v2\/media?parent=6583"}],"wp:term":[{"taxonomy":"category","embeddable":true,"href":"http:\/\/www.michael-schumacher.es\/noticias-f1\/wp-json\/wp\/v2\/categories?post=6583"},{"taxonomy":"post_tag","embeddable":true,"href":"http:\/\/www.michael-schumacher.es\/noticias-f1\/wp-json\/wp\/v2\/tags?post=6583"}],"curies":[{"name":"wp","href":"https:\/\/api.w.org\/{rel}","templated":true}]}}