{"id":6609,"date":"2012-12-02T02:52:12","date_gmt":"2012-12-02T01:52:12","guid":{"rendered":"http:\/\/www.michael-schumacher.es\/noticias-f1\/?p=6609"},"modified":"2012-12-02T02:52:12","modified_gmt":"2012-12-02T01:52:12","slug":"di-montezemolo-quiere-victorias-desde-el-comienzo-de-la-temporada","status":"publish","type":"post","link":"http:\/\/www.michael-schumacher.es\/noticias-f1\/2012\/12\/02\/di-montezemolo-quiere-victorias-desde-el-comienzo-de-la-temporada\/","title":{"rendered":"Di Montezemolo quiere victorias desde el comienzo de la temporada"},"content":{"rendered":"<p><a href=\"http:\/\/www.michael-schumacher.es\/noticias-f1\/wp-content\/uploads\/2012\/10\/montezemolo.jpg\"><img loading=\"lazy\" class=\"alignleft\" title=\"Montezemolo \" src=\"http:\/\/www.michael-schumacher.es\/noticias-f1\/wp-content\/uploads\/2012\/10\/montezemolo.jpg\" alt=\"\" width=\"200\" height=\"133\" \/><\/a>Ya son cuatro a\u00f1os seguidos que Ferrari pierde tanto el campeonato de pilotos como el de constructores, tres a\u00f1os perdiendo contra Red Bull Racing quienes pese a no ser un equipo constructor ha ganado los tres \u00faltimos a\u00f1os de forma consecutiva.<\/p>\n<p><!--more--> <!--noteaser--><\/p>\n<p><a href=\"http:\/\/www.michael-schumacher.es\/noticias-f1\/wp-content\/uploads\/2012\/10\/montezemolo.jpg\"><img loading=\"lazy\" class=\"aligncenter size-full wp-image-5127\" title=\"Montezemolo \" src=\"http:\/\/www.michael-schumacher.es\/noticias-f1\/wp-content\/uploads\/2012\/10\/montezemolo.jpg\" alt=\"\" width=\"680\" height=\"444\" srcset=\"http:\/\/www.michael-schumacher.es\/noticias-f1\/wp-content\/uploads\/2012\/10\/montezemolo.jpg 680w, http:\/\/www.michael-schumacher.es\/noticias-f1\/wp-content\/uploads\/2012\/10\/montezemolo-300x195.jpg 300w\" sizes=\"(max-width: 680px) 100vw, 680px\" \/><\/a><\/p>\n<p>Ya son cuatro a\u00f1os seguidos que Ferrari pierde tanto el campeonato de pilotos como el de constructores, tres a\u00f1os perdiendo contra Red Bull Racing quienes pese a no ser un equipo constructor ha ganado los tres \u00faltimos a\u00f1os de forma consecutiva.<\/p>\n<p>&nbsp;<\/p>\n<p>Sin duda Ferrari ha trabajado fuerte toda la temporada y la prueba es \u00a0que han perdido el t\u00edtulo de pilotos contra Sebastian Vettel en la \u00faltima carrera en Brasil. Aunque con sus dos pilotos en el podio, por lo que el equipo ha trabajado bien y ten\u00edan un buen coche, sobre el que mejoraron enormemente su rendimiento durante la temporada, aunque no lo suficiente para ganar.<\/p>\n<p>&nbsp;<\/p>\n<p>Por lo que Luca di Montezemolo el presidente de Ferrari, considera que su equipo necesita un coche que es capaz de ganar desde el primer Gran Premio para poder hacerse de nuevo con el Campeonato: <strong>\u00abAhora es el momento de mirar hacia el futuro para el pr\u00f3ximo a\u00f1o. Quiero empezar con un coche que sea inmediatamente capaz de luchar por la victoria y tiene que ser nuestra primera tarea. Para lograr esto, cada uno de nosotros debe mejorar en nuestros propios papeles por lo menos de un mil\u00edmetro. Debemos renovar nuestra organizaci\u00f3n y nuestros m\u00e9todos de trabajo para tratar de estar en el mismo nivel que los mejores, desde la primera carrera, que por demasiados a\u00f1os ahora hemos dejado de hacer.\u00bb<\/strong><\/p>\n<p>&nbsp;<\/p>\n<p>Pese a haber perdido el titulo cuatro a\u00f1os seguidos, Luca di Montezemolo cree que deben sentirse orgullosos por el trabajo del equipo y la fiabilidad: \u00a0<strong>\u00abDeber\u00edamos estar orgullosos de lo que se ha hecho por arregl\u00e1rselas para ser candidatos adecuados para el final, incluso si no ten\u00edamos el coche m\u00e1s r\u00e1pido. Hubo al menos dos coches, el McLaren y Red Bull, que eran mejores que los nuestros. Por tanto, habiendo logrado salir adelante de al menos uno de ellos en campeonato de Constructores y mantener a Fernando en la lucha hasta el final, fue muy importante y me gustar\u00eda darles las gracias por eso. Esto fue principalmente debido a nuestra gran fiabilidad, el trabajo del muro y durante las paradas en boxes y en la forma en que se reaccion\u00f3 despu\u00e9s de un comienzo muy dif\u00edcil\u00bb.<\/strong><\/p>\n<p>&nbsp;<\/p>\n<div class=\"sharedaddy sd-sharing-enabled\"><div class=\"robots-nocontent sd-block sd-social sd-social-official sd-sharing\"><h3 class=\"sd-title\">Opciones Sociales:<\/h3><div class=\"sd-content\"><ul><li class=\"share-facebook\"><div class=\"fb-share-button\" data-href=\"http:\/\/www.michael-schumacher.es\/noticias-f1\/2012\/12\/02\/di-montezemolo-quiere-victorias-desde-el-comienzo-de-la-temporada\/\" data-layout=\"button_count\"><\/div><\/li><li class=\"share-twitter\"><a href=\"https:\/\/twitter.com\/share\" class=\"twitter-share-button\" data-url=\"http:\/\/www.michael-schumacher.es\/noticias-f1\/2012\/12\/02\/di-montezemolo-quiere-victorias-desde-el-comienzo-de-la-temporada\/\" data-text=\"Di Montezemolo quiere victorias desde el comienzo de la temporada\"  >Tweet<\/a><\/li><li class=\"share-email\"><a rel=\"nofollow noopener noreferrer\" data-shared=\"\" class=\"share-email sd-button\" href=\"http:\/\/www.michael-schumacher.es\/noticias-f1\/2012\/12\/02\/di-montezemolo-quiere-victorias-desde-el-comienzo-de-la-temporada\/?share=email\" target=\"_blank\" title=\"Haz clic para enviar por correo electr\u00f3nico a un amigo\"><span>Correo electr\u00f3nico<\/span><\/a><\/li><li class=\"share-end\"><\/li><\/ul><\/div><\/div><\/div>","protected":false},"excerpt":{"rendered":"<p>Ya son cuatro a\u00f1os seguidos que Ferrari pierde tanto el campeonato de pilotos como el de constructores, tres a\u00f1os perdiendo contra Red Bull Racing quienes pese a no ser un equipo constructor ha ganado los tres \u00faltimos a\u00f1os de forma consecutiva.<\/p>\n<div class=\"sharedaddy sd-sharing-enabled\"><div class=\"robots-nocontent sd-block sd-social sd-social-official sd-sharing\"><h3 class=\"sd-title\">Opciones Sociales:<\/h3><div class=\"sd-content\"><ul><li class=\"share-facebook\"><div class=\"fb-share-button\" data-href=\"http:\/\/www.michael-schumacher.es\/noticias-f1\/2012\/12\/02\/di-montezemolo-quiere-victorias-desde-el-comienzo-de-la-temporada\/\" data-layout=\"button_count\"><\/div><\/li><li class=\"share-twitter\"><a href=\"https:\/\/twitter.com\/share\" class=\"twitter-share-button\" data-url=\"http:\/\/www.michael-schumacher.es\/noticias-f1\/2012\/12\/02\/di-montezemolo-quiere-victorias-desde-el-comienzo-de-la-temporada\/\" data-text=\"Di Montezemolo quiere victorias desde el comienzo de la temporada\"  >Tweet<\/a><\/li><li class=\"share-email\"><a rel=\"nofollow noopener noreferrer\" data-shared=\"\" class=\"share-email sd-button\" href=\"http:\/\/www.michael-schumacher.es\/noticias-f1\/2012\/12\/02\/di-montezemolo-quiere-victorias-desde-el-comienzo-de-la-temporada\/?share=email\" target=\"_blank\" title=\"Haz clic para enviar por correo electr\u00f3nico a un amigo\"><span>Correo electr\u00f3nico<\/span><\/a><\/li><li class=\"share-end\"><\/li><\/ul><\/div><\/div><\/div>","protected":false},"author":3,"featured_media":0,"comment_status":"open","ping_status":"open","sticky":false,"template":"","format":"standard","meta":{"_monsterinsights_skip_tracking":false,"_monsterinsights_sitenote_active":false,"_monsterinsights_sitenote_note":"","_monsterinsights_sitenote_category":0,"spay_email":"","jetpack_publicize_message":"","jetpack_is_tweetstorm":false,"jetpack_publicize_feature_enabled":true},"categories":[3],"tags":[105,718,2114,106,104,141,428,1564,108,261,1320,2181,238,269,1151],"jetpack_featured_media_url":"","jetpack_publicize_connections":[],"jetpack_sharing_enabled":true,"jetpack_shortlink":"https:\/\/wp.me\/p27q3P-1IB","_links":{"self":[{"href":"http:\/\/www.michael-schumacher.es\/noticias-f1\/wp-json\/wp\/v2\/posts\/6609"}],"collection":[{"href":"http:\/\/www.michael-schumacher.es\/noticias-f1\/wp-json\/wp\/v2\/posts"}],"about":[{"href":"http:\/\/www.michael-schumacher.es\/noticias-f1\/wp-json\/wp\/v2\/types\/post"}],"author":[{"embeddable":true,"href":"http:\/\/www.michael-schumacher.es\/noticias-f1\/wp-json\/wp\/v2\/users\/3"}],"replies":[{"embeddable":true,"href":"http:\/\/www.michael-schumacher.es\/noticias-f1\/wp-json\/wp\/v2\/comments?post=6609"}],"version-history":[{"count":0,"href":"http:\/\/www.michael-schumacher.es\/noticias-f1\/wp-json\/wp\/v2\/posts\/6609\/revisions"}],"wp:attachment":[{"href":"http:\/\/www.michael-schumacher.es\/noticias-f1\/wp-json\/wp\/v2\/media?parent=6609"}],"wp:term":[{"taxonomy":"category","embeddable":true,"href":"http:\/\/www.michael-schumacher.es\/noticias-f1\/wp-json\/wp\/v2\/categories?post=6609"},{"taxonomy":"post_tag","embeddable":true,"href":"http:\/\/www.michael-schumacher.es\/noticias-f1\/wp-json\/wp\/v2\/tags?post=6609"}],"curies":[{"name":"wp","href":"https:\/\/api.w.org\/{rel}","templated":true}]}}