{"id":6660,"date":"2012-12-04T02:15:51","date_gmt":"2012-12-04T01:15:51","guid":{"rendered":"http:\/\/www.michael-schumacher.es\/noticias-f1\/?p=6660"},"modified":"2012-12-04T02:15:51","modified_gmt":"2012-12-04T01:15:51","slug":"webber-vuelve-a-elogiar-a-newey","status":"publish","type":"post","link":"http:\/\/www.michael-schumacher.es\/noticias-f1\/2012\/12\/04\/webber-vuelve-a-elogiar-a-newey\/","title":{"rendered":"Webber vuelve a elogiar a Newey"},"content":{"rendered":"<p><a href=\"http:\/\/www.michael-schumacher.es\/noticias-f1\/wp-content\/uploads\/2012\/09\/david_sarro.webber-1-mini.jpg\"><img loading=\"lazy\" class=\"alignleft size-full wp-image-3496\" title=\"Mark Webber 1 - Miniatura\" src=\"http:\/\/www.michael-schumacher.es\/noticias-f1\/wp-content\/uploads\/2012\/09\/david_sarro.webber-1-mini.jpg\" alt=\"\" width=\"200\" height=\"133\" \/><\/a>La val\u00eda de Adrian Newey nadie la pone en duda, ni en Red Bull, ni fuera del equipo y especialmente Fernando Alonso que en claro desprestigio a Vettel declaro:\u00a0 <strong>\u00abNo estamos luchando contra Sebasti\u00e1n, tambi\u00e9n estamos luchando contra Newey\u00bb.<\/strong><\/p>\n<p><!--more--> <!--noteaser--><\/p>\n<p><a href=\"http:\/\/www.michael-schumacher.es\/noticias-f1\/wp-content\/uploads\/2012\/09\/david_sarro.webber-1.jpg\"><img loading=\"lazy\" class=\"aligncenter size-full wp-image-3495\" title=\"Mark Webber 1 \" src=\"http:\/\/www.michael-schumacher.es\/noticias-f1\/wp-content\/uploads\/2012\/09\/david_sarro.webber-1.jpg\" alt=\"\" width=\"600\" height=\"400\" srcset=\"http:\/\/www.michael-schumacher.es\/noticias-f1\/wp-content\/uploads\/2012\/09\/david_sarro.webber-1.jpg 600w, http:\/\/www.michael-schumacher.es\/noticias-f1\/wp-content\/uploads\/2012\/09\/david_sarro.webber-1-300x200.jpg 300w\" sizes=\"(max-width: 600px) 100vw, 600px\" \/><\/a><\/p>\n<p>La val\u00eda de Adrian Newey nadie la pone en duda, ni en Red Bull, ni fuera del equipo y especialmente Fernando Alonso que en claro desprestigio a Vettel declaro:\u00a0 <strong>\u00abNo estamos luchando contra Sebasti\u00e1n, tambi\u00e9n estamos luchando contra Newey\u00bb.<\/strong><\/p>\n<p>&nbsp;<\/p>\n<p>Mark Webber tambi\u00e9n es habitual en alabar a Newey y nuevamente vuelve a aclamar sus virtudes: <strong>\u00abNewey siempre ve el panorama general, que entiende lo que se requiere del coche, los neum\u00e1ticos, los pilotos y uno de sus puntos fuertes es que escucha a los pilotos. Newey nunca se detiene, siempre est\u00e1 tratando de hacer algo mejor. Despu\u00e9s de la carrera si no acabamos primero y segundo ya est\u00e1 pensando en lo que podr\u00eda a\u00f1adirse en el pr\u00f3ximo Gran Premio. Siempre tiene ideas. Newey sabe que el \u00e9xito depende de una serie de factores que se combinan para hacer el coche m\u00e1s r\u00e1pido. Siempre desarrollar el coche en su conjunto.\u00bb<\/strong><\/p>\n<p>&nbsp;<\/p>\n<p>Sin duda Newey, es un factor muy importante dentro del \u00e9xito del equipo Red Bull, lo que no parece recordar Webber, es que el tambi\u00e9n conduce un Red Bull y ni de lejos obtiene los magn\u00edficos resultados de su compa\u00f1ero de equipo \u00a0Sebastian Vettel, con lo que las alabanzas a Newey por parte de Webber no hacen sino poner de manifiesto el grand\u00edsimo piloto que es Sebastian Vettel y el gran equipo que forma con Newey y probablemente tambi\u00e9n pone de manifiesto el pobre rendimiento de Webber y que posiblemente no deber\u00eda estar en un gran equipo como Red Bull ya que con un gran coche tiene muy modestos resultados y tampoco se comporta como un hombre de equipo.<\/p>\n<p>&nbsp;<\/p>\n<p>El asesor del equipo Red Bull Helmut Marko, record\u00f3 que hay dos Red Bull dise\u00f1ados por Newey y solo uno gana: \u00a0<strong>\u201cHay dos coches en la parrilla de Newey y, al final, siempre es Vettel qui\u00e9n gana\u00bb.<\/strong><\/p>\n<p>&nbsp;<\/p>\n<p><strong>Imagen:<\/strong> David Sarr\u00f3<\/p>\n<div class=\"sharedaddy sd-sharing-enabled\"><div class=\"robots-nocontent sd-block sd-social sd-social-official sd-sharing\"><h3 class=\"sd-title\">Opciones Sociales:<\/h3><div class=\"sd-content\"><ul><li class=\"share-facebook\"><div class=\"fb-share-button\" data-href=\"http:\/\/www.michael-schumacher.es\/noticias-f1\/2012\/12\/04\/webber-vuelve-a-elogiar-a-newey\/\" data-layout=\"button_count\"><\/div><\/li><li class=\"share-twitter\"><a href=\"https:\/\/twitter.com\/share\" class=\"twitter-share-button\" data-url=\"http:\/\/www.michael-schumacher.es\/noticias-f1\/2012\/12\/04\/webber-vuelve-a-elogiar-a-newey\/\" data-text=\"Webber vuelve a elogiar a Newey\"  >Tweet<\/a><\/li><li class=\"share-email\"><a rel=\"nofollow noopener noreferrer\" data-shared=\"\" class=\"share-email sd-button\" href=\"http:\/\/www.michael-schumacher.es\/noticias-f1\/2012\/12\/04\/webber-vuelve-a-elogiar-a-newey\/?share=email\" target=\"_blank\" title=\"Haz clic para enviar por correo electr\u00f3nico a un amigo\"><span>Correo electr\u00f3nico<\/span><\/a><\/li><li class=\"share-end\"><\/li><\/ul><\/div><\/div><\/div>","protected":false},"excerpt":{"rendered":"<p>La val\u00eda de Adrian Newey nadie la pone en duda, ni en Red Bull, ni fuera del equipo y especialmente Fernando Alonso que en claro desprestigio a Vettel declaro:\u00a0 \u00abNo estamos luchando contra Sebasti\u00e1n, tambi\u00e9n estamos luchando contra Newey\u00bb.<\/p>\n<div class=\"sharedaddy sd-sharing-enabled\"><div class=\"robots-nocontent sd-block sd-social sd-social-official sd-sharing\"><h3 class=\"sd-title\">Opciones Sociales:<\/h3><div class=\"sd-content\"><ul><li class=\"share-facebook\"><div class=\"fb-share-button\" data-href=\"http:\/\/www.michael-schumacher.es\/noticias-f1\/2012\/12\/04\/webber-vuelve-a-elogiar-a-newey\/\" data-layout=\"button_count\"><\/div><\/li><li class=\"share-twitter\"><a href=\"https:\/\/twitter.com\/share\" class=\"twitter-share-button\" data-url=\"http:\/\/www.michael-schumacher.es\/noticias-f1\/2012\/12\/04\/webber-vuelve-a-elogiar-a-newey\/\" data-text=\"Webber vuelve a elogiar a Newey\"  >Tweet<\/a><\/li><li class=\"share-email\"><a rel=\"nofollow noopener noreferrer\" data-shared=\"\" class=\"share-email sd-button\" href=\"http:\/\/www.michael-schumacher.es\/noticias-f1\/2012\/12\/04\/webber-vuelve-a-elogiar-a-newey\/?share=email\" target=\"_blank\" title=\"Haz clic para enviar por correo electr\u00f3nico a un amigo\"><span>Correo electr\u00f3nico<\/span><\/a><\/li><li class=\"share-end\"><\/li><\/ul><\/div><\/div><\/div>","protected":false},"author":3,"featured_media":0,"comment_status":"open","ping_status":"open","sticky":false,"template":"","format":"standard","meta":{"_monsterinsights_skip_tracking":false,"_monsterinsights_sitenote_active":false,"_monsterinsights_sitenote_note":"","_monsterinsights_sitenote_category":0,"spay_email":"","jetpack_publicize_message":"","jetpack_is_tweetstorm":false,"jetpack_publicize_feature_enabled":true},"categories":[3],"tags":[2206,200,381,17,15,1153,72,43,51,71,2208,1944,30,1334,73],"jetpack_featured_media_url":"","jetpack_publicize_connections":[],"jetpack_sharing_enabled":true,"jetpack_shortlink":"https:\/\/wp.me\/p27q3P-1Jq","_links":{"self":[{"href":"http:\/\/www.michael-schumacher.es\/noticias-f1\/wp-json\/wp\/v2\/posts\/6660"}],"collection":[{"href":"http:\/\/www.michael-schumacher.es\/noticias-f1\/wp-json\/wp\/v2\/posts"}],"about":[{"href":"http:\/\/www.michael-schumacher.es\/noticias-f1\/wp-json\/wp\/v2\/types\/post"}],"author":[{"embeddable":true,"href":"http:\/\/www.michael-schumacher.es\/noticias-f1\/wp-json\/wp\/v2\/users\/3"}],"replies":[{"embeddable":true,"href":"http:\/\/www.michael-schumacher.es\/noticias-f1\/wp-json\/wp\/v2\/comments?post=6660"}],"version-history":[{"count":0,"href":"http:\/\/www.michael-schumacher.es\/noticias-f1\/wp-json\/wp\/v2\/posts\/6660\/revisions"}],"wp:attachment":[{"href":"http:\/\/www.michael-schumacher.es\/noticias-f1\/wp-json\/wp\/v2\/media?parent=6660"}],"wp:term":[{"taxonomy":"category","embeddable":true,"href":"http:\/\/www.michael-schumacher.es\/noticias-f1\/wp-json\/wp\/v2\/categories?post=6660"},{"taxonomy":"post_tag","embeddable":true,"href":"http:\/\/www.michael-schumacher.es\/noticias-f1\/wp-json\/wp\/v2\/tags?post=6660"}],"curies":[{"name":"wp","href":"https:\/\/api.w.org\/{rel}","templated":true}]}}