{"id":6683,"date":"2012-12-05T03:46:30","date_gmt":"2012-12-05T02:46:30","guid":{"rendered":"http:\/\/www.michael-schumacher.es\/noticias-f1\/?p=6683"},"modified":"2012-12-05T04:00:01","modified_gmt":"2012-12-05T03:00:01","slug":"herbert-opina-que-button-y-raikkonen-ser-fuertes-aspirantes-al-titulo-en-2013","status":"publish","type":"post","link":"http:\/\/www.michael-schumacher.es\/noticias-f1\/2012\/12\/05\/herbert-opina-que-button-y-raikkonen-ser-fuertes-aspirantes-al-titulo-en-2013\/","title":{"rendered":"Herbert opina que Button y Raikkonen ser\u00e1n fuertes aspirantes al t\u00edtulo en 2013"},"content":{"rendered":"<p><a href=\"http:\/\/www.michael-schumacher.es\/noticias-f1\/wp-content\/uploads\/2012\/12\/johny-herbert.jpg\"><img loading=\"lazy\" class=\"alignleft\" title=\"Johny Herbert \" src=\"http:\/\/www.michael-schumacher.es\/noticias-f1\/wp-content\/uploads\/2012\/12\/johny-herbert.jpg\" alt=\"\" width=\"200\" height=\"125\" \/><\/a>Jenson Button no ha tenido una gran temporada en 2012, ha finalizado quinto en la clasificaci\u00f3n de pilotos, a 93 puntos detr\u00e1s del tricampe\u00f3n mundial Sebastian Vettel, sin embargo Herbert cree que esto podr\u00eda cambiar para el piloto de McLaren en 2013.<\/p>\n<p><!--more--> <!--noteaser--><\/p>\n<p><a href=\"http:\/\/www.michael-schumacher.es\/noticias-f1\/wp-content\/uploads\/2012\/12\/johny-herbert.jpg\"><img loading=\"lazy\" class=\"aligncenter size-full wp-image-6692\" title=\"Johny Herbert \" src=\"http:\/\/www.michael-schumacher.es\/noticias-f1\/wp-content\/uploads\/2012\/12\/johny-herbert.jpg\" alt=\"\" width=\"650\" height=\"415\" srcset=\"http:\/\/www.michael-schumacher.es\/noticias-f1\/wp-content\/uploads\/2012\/12\/johny-herbert.jpg 650w, http:\/\/www.michael-schumacher.es\/noticias-f1\/wp-content\/uploads\/2012\/12\/johny-herbert-300x191.jpg 300w\" sizes=\"(max-width: 650px) 100vw, 650px\" \/><\/a><\/p>\n<p>Jenson Button no ha tenido una gran temporada en 2012, ha finalizado quinto en la clasificaci\u00f3n de pilotos, a 93 puntos detr\u00e1s del tricampe\u00f3n mundial Sebastian Vettel, sin embargo Herbert cree que esto podr\u00eda cambiar para el piloto de McLaren en 2013.<\/p>\n<p>&nbsp;<\/p>\n<p>Para Herbert, la situaci\u00f3n de Button en su equipo en 2013 puede ser muy propicia para el: <strong>\u201c Jenson Button \u00a0estar\u00e1 al frente del equipo McLaren y creo que tiene una buena situaci\u00f3n para poder ganar posiblemente su segundo t\u00edtulo mundial\u00bb.<\/strong><\/p>\n<p>&nbsp;<\/p>\n<p>Aunque Herbert tampoco se olvida de otro campe\u00f3n reci\u00e9n recuperado para la F1 Kimi Raikkonen quien ha tenido un fant\u00e1stico regreso y de quien se puede esperar mucho m\u00e1s: <strong>\u00abCreo que fue fant\u00e1stico para \u00e9l. El regreso ha sido absolutamente brillante. Ha vuelto, muy, muy hambriento. Vimos la victoria y, potencialmente, podr\u00eda ser una buena amenaza muy grande el a\u00f1o que viene\u00bb.<\/strong><\/p>\n<div class=\"sharedaddy sd-sharing-enabled\"><div class=\"robots-nocontent sd-block sd-social sd-social-official sd-sharing\"><h3 class=\"sd-title\">Opciones Sociales:<\/h3><div class=\"sd-content\"><ul><li class=\"share-facebook\"><div class=\"fb-share-button\" data-href=\"http:\/\/www.michael-schumacher.es\/noticias-f1\/2012\/12\/05\/herbert-opina-que-button-y-raikkonen-ser-fuertes-aspirantes-al-titulo-en-2013\/\" data-layout=\"button_count\"><\/div><\/li><li class=\"share-twitter\"><a href=\"https:\/\/twitter.com\/share\" class=\"twitter-share-button\" data-url=\"http:\/\/www.michael-schumacher.es\/noticias-f1\/2012\/12\/05\/herbert-opina-que-button-y-raikkonen-ser-fuertes-aspirantes-al-titulo-en-2013\/\" data-text=\"Herbert opina que Button y Raikkonen ser\u00e1n fuertes aspirantes al t\u00edtulo en 2013\"  >Tweet<\/a><\/li><li class=\"share-email\"><a rel=\"nofollow noopener noreferrer\" data-shared=\"\" class=\"share-email sd-button\" href=\"http:\/\/www.michael-schumacher.es\/noticias-f1\/2012\/12\/05\/herbert-opina-que-button-y-raikkonen-ser-fuertes-aspirantes-al-titulo-en-2013\/?share=email\" target=\"_blank\" title=\"Haz clic para enviar por correo electr\u00f3nico a un amigo\"><span>Correo electr\u00f3nico<\/span><\/a><\/li><li class=\"share-end\"><\/li><\/ul><\/div><\/div><\/div>","protected":false},"excerpt":{"rendered":"<p>Jenson Button no ha tenido una gran temporada en 2012, ha finalizado quinto en la clasificaci\u00f3n de pilotos, a 93 puntos detr\u00e1s del tricampe\u00f3n mundial Sebastian Vettel, sin embargo Herbert cree que esto podr\u00eda cambiar para el piloto de McLaren en 2013.<\/p>\n<div class=\"sharedaddy sd-sharing-enabled\"><div class=\"robots-nocontent sd-block sd-social sd-social-official sd-sharing\"><h3 class=\"sd-title\">Opciones Sociales:<\/h3><div class=\"sd-content\"><ul><li class=\"share-facebook\"><div class=\"fb-share-button\" data-href=\"http:\/\/www.michael-schumacher.es\/noticias-f1\/2012\/12\/05\/herbert-opina-que-button-y-raikkonen-ser-fuertes-aspirantes-al-titulo-en-2013\/\" data-layout=\"button_count\"><\/div><\/li><li class=\"share-twitter\"><a href=\"https:\/\/twitter.com\/share\" class=\"twitter-share-button\" data-url=\"http:\/\/www.michael-schumacher.es\/noticias-f1\/2012\/12\/05\/herbert-opina-que-button-y-raikkonen-ser-fuertes-aspirantes-al-titulo-en-2013\/\" data-text=\"Herbert opina que Button y Raikkonen ser\u00e1n fuertes aspirantes al t\u00edtulo en 2013\"  >Tweet<\/a><\/li><li class=\"share-email\"><a rel=\"nofollow noopener noreferrer\" data-shared=\"\" class=\"share-email sd-button\" href=\"http:\/\/www.michael-schumacher.es\/noticias-f1\/2012\/12\/05\/herbert-opina-que-button-y-raikkonen-ser-fuertes-aspirantes-al-titulo-en-2013\/?share=email\" target=\"_blank\" title=\"Haz clic para enviar por correo electr\u00f3nico a un amigo\"><span>Correo electr\u00f3nico<\/span><\/a><\/li><li class=\"share-end\"><\/li><\/ul><\/div><\/div><\/div>","protected":false},"author":3,"featured_media":0,"comment_status":"open","ping_status":"open","sticky":false,"template":"","format":"standard","meta":{"_monsterinsights_skip_tracking":false,"_monsterinsights_sitenote_active":false,"_monsterinsights_sitenote_note":"","_monsterinsights_sitenote_category":0,"spay_email":"","jetpack_publicize_message":"","jetpack_is_tweetstorm":false,"jetpack_publicize_feature_enabled":true},"categories":[3],"tags":[373,2232,13,17,15,2231,12,2230,81,24,238],"jetpack_featured_media_url":"","jetpack_publicize_connections":[],"jetpack_sharing_enabled":true,"jetpack_shortlink":"https:\/\/wp.me\/p27q3P-1JN","_links":{"self":[{"href":"http:\/\/www.michael-schumacher.es\/noticias-f1\/wp-json\/wp\/v2\/posts\/6683"}],"collection":[{"href":"http:\/\/www.michael-schumacher.es\/noticias-f1\/wp-json\/wp\/v2\/posts"}],"about":[{"href":"http:\/\/www.michael-schumacher.es\/noticias-f1\/wp-json\/wp\/v2\/types\/post"}],"author":[{"embeddable":true,"href":"http:\/\/www.michael-schumacher.es\/noticias-f1\/wp-json\/wp\/v2\/users\/3"}],"replies":[{"embeddable":true,"href":"http:\/\/www.michael-schumacher.es\/noticias-f1\/wp-json\/wp\/v2\/comments?post=6683"}],"version-history":[{"count":0,"href":"http:\/\/www.michael-schumacher.es\/noticias-f1\/wp-json\/wp\/v2\/posts\/6683\/revisions"}],"wp:attachment":[{"href":"http:\/\/www.michael-schumacher.es\/noticias-f1\/wp-json\/wp\/v2\/media?parent=6683"}],"wp:term":[{"taxonomy":"category","embeddable":true,"href":"http:\/\/www.michael-schumacher.es\/noticias-f1\/wp-json\/wp\/v2\/categories?post=6683"},{"taxonomy":"post_tag","embeddable":true,"href":"http:\/\/www.michael-schumacher.es\/noticias-f1\/wp-json\/wp\/v2\/tags?post=6683"}],"curies":[{"name":"wp","href":"https:\/\/api.w.org\/{rel}","templated":true}]}}