{"id":6766,"date":"2012-12-09T02:13:49","date_gmt":"2012-12-09T01:13:49","guid":{"rendered":"http:\/\/www.michael-schumacher.es\/noticias-f1\/?p=6766"},"modified":"2012-12-09T02:13:49","modified_gmt":"2012-12-09T01:13:49","slug":"robert-kubica-sigue-queriendo-regresar-a-la-f1-pero-no-sera-en-2013","status":"publish","type":"post","link":"http:\/\/www.michael-schumacher.es\/noticias-f1\/2012\/12\/09\/robert-kubica-sigue-queriendo-regresar-a-la-f1-pero-no-sera-en-2013\/","title":{"rendered":"Robert Kubica sigue queriendo regresar a la F1, pero no ser\u00e1 en 2013"},"content":{"rendered":"<p><a href=\"http:\/\/www.michael-schumacher.es\/noticias-f1\/wp-content\/uploads\/2012\/08\/robert-kubica.jpg\"><img loading=\"lazy\" class=\"alignleft\" title=\"Robert Kubica\" src=\"http:\/\/www.michael-schumacher.es\/noticias-f1\/wp-content\/uploads\/2012\/08\/robert-kubica.jpg\" alt=\"\" width=\"200\" height=\"133\" \/><\/a>El retorno de Kubica a la competici\u00f3n de Rallys es sin duda todo un logro tras su terrible accidente de F1, a principios del a\u00f1o 2011, donde sufri\u00f3 grav\u00edsimos da\u00f1os en su mano y brazo derechos, por lo que se ha sometido a diversas operaciones y a una dura rehabilitaci\u00f3n.<\/p>\n<p><!--more--> <!--noteaser--><\/p>\n<p><a href=\"http:\/\/www.michael-schumacher.es\/noticias-f1\/wp-content\/uploads\/2012\/08\/robert-kubica.jpg\"><img loading=\"lazy\" class=\"aligncenter size-full wp-image-3035\" title=\"Robert Kubica\" src=\"http:\/\/www.michael-schumacher.es\/noticias-f1\/wp-content\/uploads\/2012\/08\/robert-kubica.jpg\" alt=\"\" width=\"638\" height=\"433\" srcset=\"http:\/\/www.michael-schumacher.es\/noticias-f1\/wp-content\/uploads\/2012\/08\/robert-kubica.jpg 638w, http:\/\/www.michael-schumacher.es\/noticias-f1\/wp-content\/uploads\/2012\/08\/robert-kubica-300x203.jpg 300w\" sizes=\"(max-width: 638px) 100vw, 638px\" \/><\/a><\/p>\n<p>El retorno de Kubica a la competici\u00f3n de Rallys es sin duda todo un logro tras su terrible accidente de F1, a principios del a\u00f1o 2011, donde sufri\u00f3 grav\u00edsimos da\u00f1os en su mano y brazo derechos, por lo que se ha sometido a diversas operaciones y a una dura rehabilitaci\u00f3n.<\/p>\n<p>&nbsp;<\/p>\n<p>Robert Kubica cuando comenz\u00f3 a competir, comenz\u00f3 a extra\u00f1ar la F1 y ahora est\u00e1 siempre en su mente: <strong>\u00abEcho de menos la F1. Ahora hace un a\u00f1o, cuando todav\u00eda me estaba recuperando. Las operaciones quir\u00fargicas han tenido \u00e9xito y que estaba preocupado por mi recuperaci\u00f3n. F1 era la \u00faltima cosa en mi mente. Es entonces cuando volv\u00ed al volante de un coche de carreras (rally) el a\u00f1o pasado me di cuenta de que todav\u00eda ten\u00eda la misma velocidad. Aqu\u00ed es donde comenz\u00f3 todo y ahora es dif\u00edcil para m\u00ed ver una carrera en la televisi\u00f3n. Debo decir que me perd\u00ed la competencia. Esa fue mi mayor problema. En cada prueba, pienso en nada m\u00e1s, pero cuando miro a una carrera de F1 en la tarde del domingo, creo que mi vida es muy mon\u00f3tona y aburrida. Por otro lado, no se puede hacer lo que se quiera en la vida. Estoy contento con mi situaci\u00f3n actual, pero tengo que seguir trabajando para ser mejor. Se necesita mucho tiempo para recuperarse de un accidente. \u00ab<\/strong><\/p>\n<p>&nbsp;<\/p>\n<p>Robert Kubica es consciente de que no puede volver a F1 en el 2013 pero seguir\u00e1 intent\u00e1ndolo, aunque necesitar\u00e1 para el regreso estar bastante m\u00e1s restablecido y no tener limitaciones f\u00edsicas: <strong>\u00abNunca me imagin\u00e9 que yo no pod\u00eda regresar. Ten\u00eda la esperanza de regresar a un F1 muy pronto despu\u00e9s del accidente, pero no ha sido posible. Para volver a su mejor nivel, estoy practicando mucho y por lo tanto tengo que pasar mucho tiempo detr\u00e1s del volante. Esto es lo que hago hoy. Mi rendimiento ha mejorado en los \u00faltimos tres meses y espero que siga as\u00ed. Sigo aprendiendo a usar la mano izquierda para accionar los interruptores y botones en el salpicadero. Mi mano derecha es ahora lo suficientemente fuerte como para sostener el volante. Mis movimientos son todav\u00eda bastante limitados, pero es suficiente. Estoy bastante contento con c\u00f3mo mi cuerpo se adapta. Es incre\u00edble c\u00f3mo el cerebro y el cuerpo puede adaptarse a diversas circunstancias\u00bb.<\/strong><\/p>\n<p>&nbsp;<\/p>\n<div class=\"sharedaddy sd-sharing-enabled\"><div class=\"robots-nocontent sd-block sd-social sd-social-official sd-sharing\"><h3 class=\"sd-title\">Opciones Sociales:<\/h3><div class=\"sd-content\"><ul><li class=\"share-facebook\"><div class=\"fb-share-button\" data-href=\"http:\/\/www.michael-schumacher.es\/noticias-f1\/2012\/12\/09\/robert-kubica-sigue-queriendo-regresar-a-la-f1-pero-no-sera-en-2013\/\" data-layout=\"button_count\"><\/div><\/li><li class=\"share-twitter\"><a href=\"https:\/\/twitter.com\/share\" class=\"twitter-share-button\" data-url=\"http:\/\/www.michael-schumacher.es\/noticias-f1\/2012\/12\/09\/robert-kubica-sigue-queriendo-regresar-a-la-f1-pero-no-sera-en-2013\/\" data-text=\"Robert Kubica sigue queriendo regresar a la F1, pero no ser\u00e1 en 2013\"  >Tweet<\/a><\/li><li class=\"share-email\"><a rel=\"nofollow noopener noreferrer\" data-shared=\"\" class=\"share-email sd-button\" href=\"http:\/\/www.michael-schumacher.es\/noticias-f1\/2012\/12\/09\/robert-kubica-sigue-queriendo-regresar-a-la-f1-pero-no-sera-en-2013\/?share=email\" target=\"_blank\" title=\"Haz clic para enviar por correo electr\u00f3nico a un amigo\"><span>Correo electr\u00f3nico<\/span><\/a><\/li><li class=\"share-end\"><\/li><\/ul><\/div><\/div><\/div>","protected":false},"excerpt":{"rendered":"<p>El retorno de Kubica a la competici\u00f3n de Rallys es sin duda todo un logro tras su terrible accidente de F1, a principios del a\u00f1o 2011, donde sufri\u00f3 grav\u00edsimos da\u00f1os en su mano y brazo derechos, por lo que se ha sometido a diversas operaciones y a una dura rehabilitaci\u00f3n.<\/p>\n<div class=\"sharedaddy sd-sharing-enabled\"><div class=\"robots-nocontent sd-block sd-social sd-social-official sd-sharing\"><h3 class=\"sd-title\">Opciones Sociales:<\/h3><div class=\"sd-content\"><ul><li class=\"share-facebook\"><div class=\"fb-share-button\" data-href=\"http:\/\/www.michael-schumacher.es\/noticias-f1\/2012\/12\/09\/robert-kubica-sigue-queriendo-regresar-a-la-f1-pero-no-sera-en-2013\/\" data-layout=\"button_count\"><\/div><\/li><li class=\"share-twitter\"><a href=\"https:\/\/twitter.com\/share\" class=\"twitter-share-button\" data-url=\"http:\/\/www.michael-schumacher.es\/noticias-f1\/2012\/12\/09\/robert-kubica-sigue-queriendo-regresar-a-la-f1-pero-no-sera-en-2013\/\" data-text=\"Robert Kubica sigue queriendo regresar a la F1, pero no ser\u00e1 en 2013\"  >Tweet<\/a><\/li><li class=\"share-email\"><a rel=\"nofollow noopener noreferrer\" data-shared=\"\" class=\"share-email sd-button\" href=\"http:\/\/www.michael-schumacher.es\/noticias-f1\/2012\/12\/09\/robert-kubica-sigue-queriendo-regresar-a-la-f1-pero-no-sera-en-2013\/?share=email\" target=\"_blank\" title=\"Haz clic para enviar por correo electr\u00f3nico a un amigo\"><span>Correo electr\u00f3nico<\/span><\/a><\/li><li class=\"share-end\"><\/li><\/ul><\/div><\/div><\/div>","protected":false},"author":3,"featured_media":0,"comment_status":"open","ping_status":"open","sticky":false,"template":"","format":"standard","meta":{"_monsterinsights_skip_tracking":false,"_monsterinsights_sitenote_active":false,"_monsterinsights_sitenote_note":"","_monsterinsights_sitenote_category":0,"spay_email":"","jetpack_publicize_message":"","jetpack_is_tweetstorm":false,"jetpack_publicize_feature_enabled":true},"categories":[3],"tags":[373,17,15,557,356,2283,2282,1195,507,1065,2281],"jetpack_featured_media_url":"","jetpack_publicize_connections":[],"jetpack_sharing_enabled":true,"jetpack_shortlink":"https:\/\/wp.me\/p27q3P-1L8","_links":{"self":[{"href":"http:\/\/www.michael-schumacher.es\/noticias-f1\/wp-json\/wp\/v2\/posts\/6766"}],"collection":[{"href":"http:\/\/www.michael-schumacher.es\/noticias-f1\/wp-json\/wp\/v2\/posts"}],"about":[{"href":"http:\/\/www.michael-schumacher.es\/noticias-f1\/wp-json\/wp\/v2\/types\/post"}],"author":[{"embeddable":true,"href":"http:\/\/www.michael-schumacher.es\/noticias-f1\/wp-json\/wp\/v2\/users\/3"}],"replies":[{"embeddable":true,"href":"http:\/\/www.michael-schumacher.es\/noticias-f1\/wp-json\/wp\/v2\/comments?post=6766"}],"version-history":[{"count":0,"href":"http:\/\/www.michael-schumacher.es\/noticias-f1\/wp-json\/wp\/v2\/posts\/6766\/revisions"}],"wp:attachment":[{"href":"http:\/\/www.michael-schumacher.es\/noticias-f1\/wp-json\/wp\/v2\/media?parent=6766"}],"wp:term":[{"taxonomy":"category","embeddable":true,"href":"http:\/\/www.michael-schumacher.es\/noticias-f1\/wp-json\/wp\/v2\/categories?post=6766"},{"taxonomy":"post_tag","embeddable":true,"href":"http:\/\/www.michael-schumacher.es\/noticias-f1\/wp-json\/wp\/v2\/tags?post=6766"}],"curies":[{"name":"wp","href":"https:\/\/api.w.org\/{rel}","templated":true}]}}