{"id":6825,"date":"2012-12-12T18:51:16","date_gmt":"2012-12-12T17:51:16","guid":{"rendered":"http:\/\/www.michael-schumacher.es\/noticias-f1\/?p=6825"},"modified":"2012-12-12T18:52:26","modified_gmt":"2012-12-12T17:52:26","slug":"jean-todt-estaria-encantado-de-tener-un-gp-en-francia","status":"publish","type":"post","link":"http:\/\/www.michael-schumacher.es\/noticias-f1\/2012\/12\/12\/jean-todt-estaria-encantado-de-tener-un-gp-en-francia\/","title":{"rendered":"Jean Todt estar\u00eda encantado de tener un GP en Francia"},"content":{"rendered":"<p><a href=\"http:\/\/www.michael-schumacher.es\/noticias-f1\/wp-content\/uploads\/2012\/08\/FIA-president-Jean-Todt.jpg\"><img loading=\"lazy\" class=\"alignleft\" title=\"Jean Todt\" src=\"http:\/\/www.michael-schumacher.es\/noticias-f1\/wp-content\/uploads\/2012\/08\/FIA-president-Jean-Todt.jpg\" alt=\"\" width=\"200\" height=\"133\" \/><\/a>Aunque Jean Todt no habla en nombre de la FIA ni como presidente, si expresa su deseo de un Gran Premio en Francia como aficionado Franc\u00e9s, estar\u00eda realmente encantado con esa posibilidad.<\/p>\n<p><!--more--> <!--noteaser--><\/p>\n<p><a href=\"http:\/\/www.michael-schumacher.es\/noticias-f1\/wp-content\/uploads\/2012\/08\/FIA-president-Jean-Todt.jpg\"><img loading=\"lazy\" class=\"aligncenter  wp-image-3220\" title=\"Jean Todt\" src=\"http:\/\/www.michael-schumacher.es\/noticias-f1\/wp-content\/uploads\/2012\/08\/FIA-president-Jean-Todt.jpg\" alt=\"\" width=\"585\" height=\"390\" srcset=\"http:\/\/www.michael-schumacher.es\/noticias-f1\/wp-content\/uploads\/2012\/08\/FIA-president-Jean-Todt.jpg 585w, http:\/\/www.michael-schumacher.es\/noticias-f1\/wp-content\/uploads\/2012\/08\/FIA-president-Jean-Todt-300x199.jpg 300w\" sizes=\"(max-width: 585px) 100vw, 585px\" \/><\/a><\/p>\n<p>Aunque Jean Todt no habla en nombre de la FIA ni como presidente, si expresa su deseo de un Gran Premio en Francia como aficionado Franc\u00e9s, estar\u00eda realmente encantado con esa posibilidad.<\/p>\n<p>&nbsp;<\/p>\n<p>As\u00ed lo declaraba fuera de su papel como presidente de la FIA: <strong>\u00abNo pertenece a la FIA o su Presidente abordar este problema. Es la federaci\u00f3n francesa de automovilismo, las regiones y, finalmente, las autoridades francesas \u00a0las que les corresponde hacerlo. Pero, como entusiasta de autos de carreras Estoy encantado de que un gran premio en Francia pudiese existir. Si el archivo llega a mi escritorio, yo obviamente le dar\u00e9 un resultado favorable. Siempre en caso de que llegar\u00e1 ah\u00ed\u201d.<\/strong><\/p>\n<p>&nbsp;<\/p>\n<p>Tambi\u00e9n se expres\u00f3 sobre la globalizaci\u00f3n del deporte del motor, manteniendo su apoyo a los eventos europeos: <strong>\u00abLa globalizaci\u00f3n del deporte del motor en general y la F\u00f3rmula 1 en particular, parece muy deseable. Pero en general los eventos tradicionales en Europa son tambi\u00e9n muy buenos. \u00ab<\/strong><\/p>\n<p>&nbsp;<\/p>\n<p>Tambi\u00e9n reconoci\u00f3 Todt una temporada muy ajustada lo que beneficio el inter\u00e9s de los aficionados: <strong>\u00abLa F\u00f3rmula 1 ya era una disciplina muy saludable se acaba de vivir un campeonato muy abierto. Que se resolvi\u00f3 a favor de Vettel en la \u00faltima carrera en Brasil. Ha habido ocho ganadores diferentes de los premios m\u00e1s importantes de\u00a0 la temporada. Estuvo muy ajustado. Esto reforz\u00f3 el inter\u00e9s p\u00fablico. Se organiz\u00f3 un nuevo Gran Premio de Austin en Estados Unidos y otros surgir\u00e1n. La F\u00f3rmula 1 est\u00e1 haci\u00e9ndolo muy bien\u00bb.<\/strong><\/p>\n<div class=\"sharedaddy sd-sharing-enabled\"><div class=\"robots-nocontent sd-block sd-social sd-social-official sd-sharing\"><h3 class=\"sd-title\">Opciones Sociales:<\/h3><div class=\"sd-content\"><ul><li class=\"share-facebook\"><div class=\"fb-share-button\" data-href=\"http:\/\/www.michael-schumacher.es\/noticias-f1\/2012\/12\/12\/jean-todt-estaria-encantado-de-tener-un-gp-en-francia\/\" data-layout=\"button_count\"><\/div><\/li><li class=\"share-twitter\"><a href=\"https:\/\/twitter.com\/share\" class=\"twitter-share-button\" data-url=\"http:\/\/www.michael-schumacher.es\/noticias-f1\/2012\/12\/12\/jean-todt-estaria-encantado-de-tener-un-gp-en-francia\/\" data-text=\"Jean Todt estar\u00eda encantado de tener un GP en Francia\"  >Tweet<\/a><\/li><li class=\"share-email\"><a rel=\"nofollow noopener noreferrer\" data-shared=\"\" class=\"share-email sd-button\" href=\"http:\/\/www.michael-schumacher.es\/noticias-f1\/2012\/12\/12\/jean-todt-estaria-encantado-de-tener-un-gp-en-francia\/?share=email\" target=\"_blank\" title=\"Haz clic para enviar por correo electr\u00f3nico a un amigo\"><span>Correo electr\u00f3nico<\/span><\/a><\/li><li class=\"share-end\"><\/li><\/ul><\/div><\/div><\/div>","protected":false},"excerpt":{"rendered":"<p>Aunque Jean Todt no habla en nombre de la FIA ni como presidente, si expresa su deseo de un Gran Premio en Francia como aficionado Franc\u00e9s, estar\u00eda realmente encantado con esa posibilidad.<\/p>\n<div class=\"sharedaddy sd-sharing-enabled\"><div class=\"robots-nocontent sd-block sd-social sd-social-official sd-sharing\"><h3 class=\"sd-title\">Opciones Sociales:<\/h3><div class=\"sd-content\"><ul><li class=\"share-facebook\"><div class=\"fb-share-button\" data-href=\"http:\/\/www.michael-schumacher.es\/noticias-f1\/2012\/12\/12\/jean-todt-estaria-encantado-de-tener-un-gp-en-francia\/\" data-layout=\"button_count\"><\/div><\/li><li class=\"share-twitter\"><a href=\"https:\/\/twitter.com\/share\" class=\"twitter-share-button\" data-url=\"http:\/\/www.michael-schumacher.es\/noticias-f1\/2012\/12\/12\/jean-todt-estaria-encantado-de-tener-un-gp-en-francia\/\" data-text=\"Jean Todt estar\u00eda encantado de tener un GP en Francia\"  >Tweet<\/a><\/li><li class=\"share-email\"><a rel=\"nofollow noopener noreferrer\" data-shared=\"\" class=\"share-email sd-button\" href=\"http:\/\/www.michael-schumacher.es\/noticias-f1\/2012\/12\/12\/jean-todt-estaria-encantado-de-tener-un-gp-en-francia\/?share=email\" target=\"_blank\" title=\"Haz clic para enviar por correo electr\u00f3nico a un amigo\"><span>Correo electr\u00f3nico<\/span><\/a><\/li><li class=\"share-end\"><\/li><\/ul><\/div><\/div><\/div>","protected":false},"author":3,"featured_media":0,"comment_status":"open","ping_status":"open","sticky":false,"template":"","format":"standard","meta":{"_monsterinsights_skip_tracking":false,"_monsterinsights_sitenote_active":false,"_monsterinsights_sitenote_note":"","_monsterinsights_sitenote_category":0,"spay_email":"","jetpack_publicize_message":"","jetpack_is_tweetstorm":false,"jetpack_publicize_feature_enabled":true},"categories":[3],"tags":[2309,1982,1951,2308,17,127,15,863,6,8,319,285,1055,671],"jetpack_featured_media_url":"","jetpack_publicize_connections":[],"jetpack_sharing_enabled":true,"jetpack_shortlink":"https:\/\/wp.me\/p27q3P-1M5","_links":{"self":[{"href":"http:\/\/www.michael-schumacher.es\/noticias-f1\/wp-json\/wp\/v2\/posts\/6825"}],"collection":[{"href":"http:\/\/www.michael-schumacher.es\/noticias-f1\/wp-json\/wp\/v2\/posts"}],"about":[{"href":"http:\/\/www.michael-schumacher.es\/noticias-f1\/wp-json\/wp\/v2\/types\/post"}],"author":[{"embeddable":true,"href":"http:\/\/www.michael-schumacher.es\/noticias-f1\/wp-json\/wp\/v2\/users\/3"}],"replies":[{"embeddable":true,"href":"http:\/\/www.michael-schumacher.es\/noticias-f1\/wp-json\/wp\/v2\/comments?post=6825"}],"version-history":[{"count":0,"href":"http:\/\/www.michael-schumacher.es\/noticias-f1\/wp-json\/wp\/v2\/posts\/6825\/revisions"}],"wp:attachment":[{"href":"http:\/\/www.michael-schumacher.es\/noticias-f1\/wp-json\/wp\/v2\/media?parent=6825"}],"wp:term":[{"taxonomy":"category","embeddable":true,"href":"http:\/\/www.michael-schumacher.es\/noticias-f1\/wp-json\/wp\/v2\/categories?post=6825"},{"taxonomy":"post_tag","embeddable":true,"href":"http:\/\/www.michael-schumacher.es\/noticias-f1\/wp-json\/wp\/v2\/tags?post=6825"}],"curies":[{"name":"wp","href":"https:\/\/api.w.org\/{rel}","templated":true}]}}