{"id":6913,"date":"2012-12-18T08:28:25","date_gmt":"2012-12-18T07:28:25","guid":{"rendered":"http:\/\/www.michael-schumacher.es\/noticias-f1\/?p=6913"},"modified":"2012-12-18T08:28:59","modified_gmt":"2012-12-18T07:28:59","slug":"lauda-haug-se-sentia-responsable-de-los-modestos-resultados-de-mercedes","status":"publish","type":"post","link":"http:\/\/www.michael-schumacher.es\/noticias-f1\/2012\/12\/18\/lauda-haug-se-sentia-responsable-de-los-modestos-resultados-de-mercedes\/","title":{"rendered":"Lauda: \u00abHaug se sent\u00eda responsable de los modestos resultados de Mercedes\u00bb"},"content":{"rendered":"<p><a href=\"http:\/\/www.michael-schumacher.es\/noticias-f1\/2012\/08\/29\/lauda-spa-y-monza-son-decisivas\/lauda\/\" rel=\"attachment wp-att-3384\"><img loading=\"lazy\" class=\"alignleft\" alt=\"Niki Lauda\" src=\"http:\/\/www.michael-schumacher.es\/noticias-f1\/wp-content\/uploads\/2012\/08\/lauda.jpg\" width=\"200\" height=\"133\" \/><\/a>Para muchos detr\u00e1s del abandono de \u00a0Norbert Haug, pod\u00eda estar la mano negra de Niki Lauda, \u200b\u200bsin embargo Lauda dice que Norberg Haug dimiti\u00f3 por responsabilidad.<\/p>\n<p><!--more--> <!--noteaser--><\/p>\n<p><a href=\"http:\/\/www.michael-schumacher.es\/noticias-f1\/2012\/08\/29\/lauda-spa-y-monza-son-decisivas\/lauda\/\" rel=\"attachment wp-att-3384\"><img loading=\"lazy\" class=\"aligncenter size-full wp-image-3384\" alt=\"Niki Lauda\" src=\"http:\/\/www.michael-schumacher.es\/noticias-f1\/wp-content\/uploads\/2012\/08\/lauda.jpg\" width=\"600\" height=\"400\" srcset=\"http:\/\/www.michael-schumacher.es\/noticias-f1\/wp-content\/uploads\/2012\/08\/lauda.jpg 600w, http:\/\/www.michael-schumacher.es\/noticias-f1\/wp-content\/uploads\/2012\/08\/lauda-300x200.jpg 300w\" sizes=\"(max-width: 600px) 100vw, 600px\" \/><\/a><\/p>\n<p>Para muchos detr\u00e1s del abandono de \u00a0Norbert Haug, pod\u00eda estar la mano negra de Niki Lauda, \u200b\u200bsin embargo Lauda dice que Norberg Haug dimiti\u00f3 por responsabilidad.<\/p>\n<p>&nbsp;<\/p>\n<p>Niki Lauda incluso ha declarado que \u00a0la decisi\u00f3n de Norbert Haug ha sido para el una sorpresa y que respeta su decisi\u00f3n: <b>\u00bb Yo estaba en una reuni\u00f3n entre la direcci\u00f3n de Stuttgart, por primera vez en mi nuevo cargo. \u00a0Al final de la reuni\u00f3n, Haug ha presentado su dimisi\u00f3n. Me quit\u00e9 el sombrero ante \u00e9l, porque se sent\u00eda responsable de Mercedes y el pobre desempe\u00f1o este a\u00f1o. Para ser honesto, creo que habr\u00eda pocos altos directivos est\u00e1n dispuestos a hacer las cosas de esa manera. Personalmente, me ha decepcionado, como me hubiera gustado trabajar con \u00e9l de nuevo, pero decid\u00ed respetar su decisi\u00f3n\u201d.<\/b><\/p>\n<p>&nbsp;<\/p>\n<p>Niki Lauda no da dado pistas sobre quien remplazar\u00e1 a Haug, lo que si dice es que no le pidi\u00f3 que reconsiderara su decisi\u00f3n ya que la respet\u00f3: <b>\u00bb Mercedes tendr\u00e1 en cuenta varias opciones, la situaci\u00f3n va a ser evaluada m\u00e1s a fondo. No. Cuando alguien toma una decisi\u00f3n, es preciso respetarla.\u00bb<\/b><\/p>\n<p>&nbsp;<\/p>\n<p>Pero todav\u00eda hay muchas lagunas sobre este despido o dimisi\u00f3n de Haug, como por ejemplo la opini\u00f3n de Hans-Joachim Stuck, presidente de la Federaci\u00f3n alemana de deportes de motor, quien ha declarado \u00a0que es Ross Brawn el responsable de los malos resultados de Mercedes y no Haug: <b>\u00abS\u00f3lo Ross Brawn es responsable del fracaso de Mercedes. El coche no era lo suficientemente competitivo. Haug no dise\u00f1\u00f3 el coche, \u00e9l es el que en todos estos a\u00f1os ha llevado a Mercedes a la cima del automovilismo\u00bb.<\/b><\/p>\n<div class=\"sharedaddy sd-sharing-enabled\"><div class=\"robots-nocontent sd-block sd-social sd-social-official sd-sharing\"><h3 class=\"sd-title\">Opciones Sociales:<\/h3><div class=\"sd-content\"><ul><li class=\"share-facebook\"><div class=\"fb-share-button\" data-href=\"http:\/\/www.michael-schumacher.es\/noticias-f1\/2012\/12\/18\/lauda-haug-se-sentia-responsable-de-los-modestos-resultados-de-mercedes\/\" data-layout=\"button_count\"><\/div><\/li><li class=\"share-twitter\"><a href=\"https:\/\/twitter.com\/share\" class=\"twitter-share-button\" data-url=\"http:\/\/www.michael-schumacher.es\/noticias-f1\/2012\/12\/18\/lauda-haug-se-sentia-responsable-de-los-modestos-resultados-de-mercedes\/\" data-text=\"Lauda: &quot;Haug se sent\u00eda responsable de los modestos resultados de Mercedes&quot;\"  >Tweet<\/a><\/li><li class=\"share-email\"><a rel=\"nofollow noopener noreferrer\" data-shared=\"\" class=\"share-email sd-button\" href=\"http:\/\/www.michael-schumacher.es\/noticias-f1\/2012\/12\/18\/lauda-haug-se-sentia-responsable-de-los-modestos-resultados-de-mercedes\/?share=email\" target=\"_blank\" title=\"Haz clic para enviar por correo electr\u00f3nico a un amigo\"><span>Correo electr\u00f3nico<\/span><\/a><\/li><li class=\"share-end\"><\/li><\/ul><\/div><\/div><\/div>","protected":false},"excerpt":{"rendered":"<p>Para muchos detr\u00e1s del abandono de \u00a0Norbert Haug, pod\u00eda estar la mano negra de Niki Lauda, \u200b\u200bsin embargo Lauda dice que Norberg Haug dimiti\u00f3 por responsabilidad.<\/p>\n<div class=\"sharedaddy sd-sharing-enabled\"><div class=\"robots-nocontent sd-block sd-social sd-social-official sd-sharing\"><h3 class=\"sd-title\">Opciones Sociales:<\/h3><div class=\"sd-content\"><ul><li class=\"share-facebook\"><div class=\"fb-share-button\" data-href=\"http:\/\/www.michael-schumacher.es\/noticias-f1\/2012\/12\/18\/lauda-haug-se-sentia-responsable-de-los-modestos-resultados-de-mercedes\/\" data-layout=\"button_count\"><\/div><\/li><li class=\"share-twitter\"><a href=\"https:\/\/twitter.com\/share\" class=\"twitter-share-button\" data-url=\"http:\/\/www.michael-schumacher.es\/noticias-f1\/2012\/12\/18\/lauda-haug-se-sentia-responsable-de-los-modestos-resultados-de-mercedes\/\" data-text=\"Lauda: &quot;Haug se sent\u00eda responsable de los modestos resultados de Mercedes&quot;\"  >Tweet<\/a><\/li><li class=\"share-email\"><a rel=\"nofollow noopener noreferrer\" data-shared=\"\" class=\"share-email sd-button\" href=\"http:\/\/www.michael-schumacher.es\/noticias-f1\/2012\/12\/18\/lauda-haug-se-sentia-responsable-de-los-modestos-resultados-de-mercedes\/?share=email\" target=\"_blank\" title=\"Haz clic para enviar por correo electr\u00f3nico a un amigo\"><span>Correo electr\u00f3nico<\/span><\/a><\/li><li class=\"share-end\"><\/li><\/ul><\/div><\/div><\/div>","protected":false},"author":3,"featured_media":0,"comment_status":"open","ping_status":"open","sticky":false,"template":"","format":"standard","meta":{"_monsterinsights_skip_tracking":false,"_monsterinsights_sitenote_active":false,"_monsterinsights_sitenote_note":"","_monsterinsights_sitenote_category":0,"spay_email":"","jetpack_publicize_message":"","jetpack_is_tweetstorm":false,"jetpack_publicize_feature_enabled":true},"categories":[3],"tags":[2290,17,15,2349,549,304,308,548,1440,1303,438,191,608,1380,2063],"jetpack_featured_media_url":"","jetpack_publicize_connections":[],"jetpack_sharing_enabled":true,"jetpack_shortlink":"https:\/\/wp.me\/p27q3P-1Nv","_links":{"self":[{"href":"http:\/\/www.michael-schumacher.es\/noticias-f1\/wp-json\/wp\/v2\/posts\/6913"}],"collection":[{"href":"http:\/\/www.michael-schumacher.es\/noticias-f1\/wp-json\/wp\/v2\/posts"}],"about":[{"href":"http:\/\/www.michael-schumacher.es\/noticias-f1\/wp-json\/wp\/v2\/types\/post"}],"author":[{"embeddable":true,"href":"http:\/\/www.michael-schumacher.es\/noticias-f1\/wp-json\/wp\/v2\/users\/3"}],"replies":[{"embeddable":true,"href":"http:\/\/www.michael-schumacher.es\/noticias-f1\/wp-json\/wp\/v2\/comments?post=6913"}],"version-history":[{"count":0,"href":"http:\/\/www.michael-schumacher.es\/noticias-f1\/wp-json\/wp\/v2\/posts\/6913\/revisions"}],"wp:attachment":[{"href":"http:\/\/www.michael-schumacher.es\/noticias-f1\/wp-json\/wp\/v2\/media?parent=6913"}],"wp:term":[{"taxonomy":"category","embeddable":true,"href":"http:\/\/www.michael-schumacher.es\/noticias-f1\/wp-json\/wp\/v2\/categories?post=6913"},{"taxonomy":"post_tag","embeddable":true,"href":"http:\/\/www.michael-schumacher.es\/noticias-f1\/wp-json\/wp\/v2\/tags?post=6913"}],"curies":[{"name":"wp","href":"https:\/\/api.w.org\/{rel}","templated":true}]}}