{"id":6954,"date":"2012-12-20T00:02:09","date_gmt":"2012-12-19T23:02:09","guid":{"rendered":"http:\/\/www.michael-schumacher.es\/noticias-f1\/?p=6954"},"modified":"2012-12-20T00:04:07","modified_gmt":"2012-12-19T23:04:07","slug":"sebastian-vettel-admiro-a-alonso-y-le-respeto-como-piloto","status":"publish","type":"post","link":"http:\/\/www.michael-schumacher.es\/noticias-f1\/2012\/12\/20\/sebastian-vettel-admiro-a-alonso-y-le-respeto-como-piloto\/","title":{"rendered":"Sebastian Vettel: \u201cAdmiro a Alonso y le respeto como piloto\u201d"},"content":{"rendered":"<p><img loading=\"lazy\" class=\"alignleft\" title=\"Sebastian Vettel\" alt=\"Sebastian Vettel\" src=\"http:\/\/img.michael-schumacher.es\/noticias-f1\/sebastian-vettel\/vettel-1-mini.jpg\" width=\"202\" height=\"100\" \/>Para muchas voces en el paddock Fernando Alonso ha hecho su mejor temporada y ha sido el mejor piloto de este a\u00f1o. Aunque Vettel no est\u00e1 de acuerdo, reconoce meritos al piloto espa\u00f1ol, pero \u00e9l es el triple campe\u00f3n del mundo m\u00e1s joven de F1 y no cree que se deba solo a su coche.<\/p>\n<p><!--more--> <!--noteaser--><\/p>\n<p style=\"text-align: center\">\u00a0<img loading=\"lazy\" class=\"aligncenter\" title=\"Sebastian Vettel\" alt=\"Sebastian Vettel\" src=\"http:\/\/img.michael-schumacher.es\/noticias-f1\/sebastian-vettel\/vettel-1.jpg\" width=\"605\" height=\"300\" \/><\/p>\n<p>Para muchas voces en el paddock Fernando Alonso ha hecho su mejor temporada y ha sido el mejor piloto de este a\u00f1o. Aunque Vettel no est\u00e1 de acuerdo, reconoce meritos al piloto espa\u00f1ol, pero \u00e9l es el triple campe\u00f3n del mundo m\u00e1s joven de F1 y no cree que se deba solo a su coche.<\/p>\n<p>&nbsp;<\/p>\n<p>De hecho Sebastian Vettel no ha restado meritos a su rival Fernando Alonso en\u00a0 Auto Motor und Sport:<b> \u201cAdmiro a Alonso y le respeto como piloto. Yo sab\u00eda, desde que empez\u00f3 la temporada, que \u00e9l ser\u00eda mi gran rival por el t\u00edtulo. Quiz\u00e1 en Malaisia no habr\u00eda ganado una carrera en seco, pero a partir de Barcelona fue siempre uno de los mejores. Ha conseguido ser siempre r\u00e1pido aunque casi nunca en realidad era el m\u00e1s r\u00e1pido\u201d.<\/b><\/p>\n<p>&nbsp;<\/p>\n<p>Aunque reconocer m\u00e9rito al rival al que se ha ganado no le resta merito a s\u00ed mismo y Vettel tiene claro que no ha sido el vencedor y ha ganado a Alonso solo por la superioridad del Red Bull: <b>\u201cNo tengo que demostrar a nadie mi capacidad, pero hay que recordar que nosotros tambi\u00e9n hemos ganado carreras que quiz\u00e1 no deber\u00edamos haber ganado. Por ejemplo en M\u00f3naco del a\u00f1o pasado, cuando decid\u00ed ir a una sola parada cuando parec\u00eda que lo correcto era lo contrario. O Barcelona esta temporada, donde Hamilton era m\u00e1s r\u00e1pido pero no logr\u00f3 adelantarme\u201d.<\/b><\/p>\n<p>&nbsp;<\/p>\n<p>Sebastian Vettel \u00a0recuerda la \u00a0pol\u00e9mica de las banderas amarillas en el GP de Brasil y reconoce que para \u00e9l nunca existieron dudas sobre el adelantamiento en Interlagos: <b>\u201cSiendo honestos, yo nunca pens\u00e9 que existiera nada irregular en aquellos adelantamientos. Aunque fue una carrera en la que pasaron muchas cosas, siempre vi las banderas\u2026 y sab\u00eda de qu\u00e9 color eran, por supuesto. Ferrari no estaba muy contenta con el resultado de Brasil, l\u00f3gicamente, pero la FIA confirm\u00f3 que todo estaba correcto, aunque yo siempre lo tuve claro\u201d.<\/b><\/p>\n<div class=\"sharedaddy sd-sharing-enabled\"><div class=\"robots-nocontent sd-block sd-social sd-social-official sd-sharing\"><h3 class=\"sd-title\">Opciones Sociales:<\/h3><div class=\"sd-content\"><ul><li class=\"share-facebook\"><div class=\"fb-share-button\" data-href=\"http:\/\/www.michael-schumacher.es\/noticias-f1\/2012\/12\/20\/sebastian-vettel-admiro-a-alonso-y-le-respeto-como-piloto\/\" data-layout=\"button_count\"><\/div><\/li><li class=\"share-twitter\"><a href=\"https:\/\/twitter.com\/share\" class=\"twitter-share-button\" data-url=\"http:\/\/www.michael-schumacher.es\/noticias-f1\/2012\/12\/20\/sebastian-vettel-admiro-a-alonso-y-le-respeto-como-piloto\/\" data-text=\"Sebastian Vettel: \u201cAdmiro a Alonso y le respeto como piloto\u201d\"  >Tweet<\/a><\/li><li class=\"share-email\"><a rel=\"nofollow noopener noreferrer\" data-shared=\"\" class=\"share-email sd-button\" href=\"http:\/\/www.michael-schumacher.es\/noticias-f1\/2012\/12\/20\/sebastian-vettel-admiro-a-alonso-y-le-respeto-como-piloto\/?share=email\" target=\"_blank\" title=\"Haz clic para enviar por correo electr\u00f3nico a un amigo\"><span>Correo electr\u00f3nico<\/span><\/a><\/li><li class=\"share-end\"><\/li><\/ul><\/div><\/div><\/div>","protected":false},"excerpt":{"rendered":"<p>Para muchas voces en el paddock Fernando Alonso ha hecho su mejor temporada y ha sido el mejor piloto de este a\u00f1o. Aunque Vettel no est\u00e1 de acuerdo, reconoce meritos al piloto espa\u00f1ol, pero \u00e9l es el triple campe\u00f3n del mundo m\u00e1s joven de F1 y no cree que se deba solo a su coche.<\/p>\n<div class=\"sharedaddy sd-sharing-enabled\"><div class=\"robots-nocontent sd-block sd-social sd-social-official sd-sharing\"><h3 class=\"sd-title\">Opciones Sociales:<\/h3><div class=\"sd-content\"><ul><li class=\"share-facebook\"><div class=\"fb-share-button\" data-href=\"http:\/\/www.michael-schumacher.es\/noticias-f1\/2012\/12\/20\/sebastian-vettel-admiro-a-alonso-y-le-respeto-como-piloto\/\" data-layout=\"button_count\"><\/div><\/li><li class=\"share-twitter\"><a href=\"https:\/\/twitter.com\/share\" class=\"twitter-share-button\" data-url=\"http:\/\/www.michael-schumacher.es\/noticias-f1\/2012\/12\/20\/sebastian-vettel-admiro-a-alonso-y-le-respeto-como-piloto\/\" data-text=\"Sebastian Vettel: \u201cAdmiro a Alonso y le respeto como piloto\u201d\"  >Tweet<\/a><\/li><li class=\"share-email\"><a rel=\"nofollow noopener noreferrer\" data-shared=\"\" class=\"share-email sd-button\" href=\"http:\/\/www.michael-schumacher.es\/noticias-f1\/2012\/12\/20\/sebastian-vettel-admiro-a-alonso-y-le-respeto-como-piloto\/?share=email\" target=\"_blank\" title=\"Haz clic para enviar por correo electr\u00f3nico a un amigo\"><span>Correo electr\u00f3nico<\/span><\/a><\/li><li class=\"share-end\"><\/li><\/ul><\/div><\/div><\/div>","protected":false},"author":3,"featured_media":0,"comment_status":"open","ping_status":"open","sticky":false,"template":"","format":"standard","meta":{"_monsterinsights_skip_tracking":false,"_monsterinsights_sitenote_active":false,"_monsterinsights_sitenote_note":"","_monsterinsights_sitenote_category":0,"spay_email":"","jetpack_publicize_message":"","jetpack_is_tweetstorm":false,"jetpack_publicize_feature_enabled":true},"categories":[3],"tags":[2364,105,17,104,141,15,51,2365,2366,71,30],"jetpack_featured_media_url":"","jetpack_publicize_connections":[],"jetpack_sharing_enabled":true,"jetpack_shortlink":"https:\/\/wp.me\/p27q3P-1Oa","_links":{"self":[{"href":"http:\/\/www.michael-schumacher.es\/noticias-f1\/wp-json\/wp\/v2\/posts\/6954"}],"collection":[{"href":"http:\/\/www.michael-schumacher.es\/noticias-f1\/wp-json\/wp\/v2\/posts"}],"about":[{"href":"http:\/\/www.michael-schumacher.es\/noticias-f1\/wp-json\/wp\/v2\/types\/post"}],"author":[{"embeddable":true,"href":"http:\/\/www.michael-schumacher.es\/noticias-f1\/wp-json\/wp\/v2\/users\/3"}],"replies":[{"embeddable":true,"href":"http:\/\/www.michael-schumacher.es\/noticias-f1\/wp-json\/wp\/v2\/comments?post=6954"}],"version-history":[{"count":0,"href":"http:\/\/www.michael-schumacher.es\/noticias-f1\/wp-json\/wp\/v2\/posts\/6954\/revisions"}],"wp:attachment":[{"href":"http:\/\/www.michael-schumacher.es\/noticias-f1\/wp-json\/wp\/v2\/media?parent=6954"}],"wp:term":[{"taxonomy":"category","embeddable":true,"href":"http:\/\/www.michael-schumacher.es\/noticias-f1\/wp-json\/wp\/v2\/categories?post=6954"},{"taxonomy":"post_tag","embeddable":true,"href":"http:\/\/www.michael-schumacher.es\/noticias-f1\/wp-json\/wp\/v2\/tags?post=6954"}],"curies":[{"name":"wp","href":"https:\/\/api.w.org\/{rel}","templated":true}]}}