{"id":6956,"date":"2012-12-20T00:07:30","date_gmt":"2012-12-19T23:07:30","guid":{"rendered":"http:\/\/www.michael-schumacher.es\/noticias-f1\/?p=6956"},"modified":"2012-12-20T00:07:45","modified_gmt":"2012-12-19T23:07:45","slug":"button-esta-muy-interesado-en-la-temporada-2014","status":"publish","type":"post","link":"http:\/\/www.michael-schumacher.es\/noticias-f1\/2012\/12\/20\/button-esta-muy-interesado-en-la-temporada-2014\/","title":{"rendered":"Button est\u00e1 muy interesado en la temporada 2014"},"content":{"rendered":"<p><a href=\"http:\/\/www.michael-schumacher.es\/noticias-f1\/2012\/08\/29\/button-cree-que-hamilton-debe-quedarse-en-mclaren\/david_sarro-button-2-mini\/\" rel=\"attachment wp-att-3391\"><img loading=\"lazy\" class=\"size-full wp-image-3391 alignleft\" alt=\"Jenson Button 2 - Miniatura\" src=\"http:\/\/www.michael-schumacher.es\/noticias-f1\/wp-content\/uploads\/2012\/08\/david_sarro.button-2-mini.jpg\" width=\"200\" height=\"133\" \/><\/a>Por lo que Jenson Button espera seguir estando en el equipo Mclaren para la temporada 2014 ya que considera que conocer el equipo con el que trabajas es una clara ventaja: <b>\u00abSi todo va seg\u00fan lo previsto voy a estar aun trabajando con el mismo grupo de ingenieros y nosotros hemos trabajado juntos durante cuatro a\u00f1os. As\u00ed que entrando en una nueva categor\u00eda, como b\u00e1sicamente es, en 2014, con los mismos ingenieros, nos entendemos el uno al otro en nuestra forma de trabajar y creo que realmente ayuda cuando todo cambia. Estoy muy emocionado por el 2014 y creo que va a hacer una diferencia si realmente entendemos que no se trata s\u00f3lo de cuando se pone el casco, se trata de lo que sucede antes de ponerse el casco.\u00bb<\/b><\/p>\n<p><!--more--><a href=\"http:\/\/www.michael-schumacher.es\/noticias-f1\/2012\/08\/29\/button-cree-que-hamilton-debe-quedarse-en-mclaren\/david_sarro-button-2\/\" rel=\"attachment wp-att-3390\"><img loading=\"lazy\" class=\"aligncenter size-full wp-image-3390\" alt=\"Jenson Button 2\" src=\"http:\/\/www.michael-schumacher.es\/noticias-f1\/wp-content\/uploads\/2012\/08\/david_sarro.button-2.jpg\" width=\"600\" height=\"400\" srcset=\"http:\/\/www.michael-schumacher.es\/noticias-f1\/wp-content\/uploads\/2012\/08\/david_sarro.button-2.jpg 600w, http:\/\/www.michael-schumacher.es\/noticias-f1\/wp-content\/uploads\/2012\/08\/david_sarro.button-2-300x200.jpg 300w\" sizes=\"(max-width: 600px) 100vw, 600px\" \/><\/a> <!--noteaser--><\/p>\n<p>&nbsp;<\/p>\n<p>Por lo que Jenson Button espera seguir estando en el equipo Mclaren para la temporada 2014 ya que considera que conocer el equipo con el que trabajas es una clara ventaja: <b>\u00abSi todo va seg\u00fan lo previsto voy a estar aun trabajando con el mismo grupo de ingenieros y nosotros hemos trabajado juntos durante cuatro a\u00f1os. As\u00ed que entrando en una nueva categor\u00eda, como b\u00e1sicamente es, en 2014, con los mismos ingenieros, nos entendemos el uno al otro en nuestra forma de trabajar y creo que realmente ayuda cuando todo cambia. Estoy muy emocionado por el 2014 y creo que va a hacer una diferencia si realmente entendemos que no se trata s\u00f3lo de cuando se pone el casco, se trata de lo que sucede antes de ponerse el casco.\u00bb<\/b><\/p>\n<p>&nbsp;<\/p>\n<p>Ya que Jenson Button considera que estar en un equipo nuevo en el 2014 con los cambios de reglas ser\u00eda mucho m\u00e1s complicado: <b>\u00abVa a ser muy dif\u00edcil para un piloto a cambiar de equipo en el 2014, pero para el equipo que tendr\u00e1 que luchar para entender realmente la direcci\u00f3n correcta. Mientras que si usted ha estado trabajando con el equipo durante un largo per\u00edodo de tiempo podr\u00eda f\u00e1cilmente entender lo que el coche necesita y lo que funciona o no. KERS ser\u00e1 mucho m\u00e1s potente para los pilotos e ingenieros, es muy importante entender esto. As\u00ed que en t\u00e9rminos de ingenier\u00eda que hay una gran cantidad de trabajo que hay que hacer y en cuanto a los pilotos e ingenieros es necesario que haya un buen entendimiento.\u00bb<\/b><\/p>\n<p>&nbsp;<\/p>\n<p>Jenson Button tampoco est\u00e1 muy preocupado por los motores nuevos y la mala prensa que les precede, ya que piensa que seguir\u00e1n dando espect\u00e1culo: <b>\u201cSe habla que los motores ser\u00e1n demasiado peque\u00f1os, ser\u00e1 aburrido y el sonido no es bueno&#8230; Sin embargo, en la d\u00e9cada de 1980, el espect\u00e1culo fue muy bueno y que no ten\u00edan V12 o V10. As\u00ed que creo que va a estar bien, que pueden ser grandes carreras tambi\u00e9n.\u201d<\/b><\/p>\n<p>&nbsp;<\/p>\n<p><strong>Imagen:<\/strong> David Sarr\u00f3<\/p>\n<div class=\"sharedaddy sd-sharing-enabled\"><div class=\"robots-nocontent sd-block sd-social sd-social-official sd-sharing\"><h3 class=\"sd-title\">Opciones Sociales:<\/h3><div class=\"sd-content\"><ul><li class=\"share-facebook\"><div class=\"fb-share-button\" data-href=\"http:\/\/www.michael-schumacher.es\/noticias-f1\/2012\/12\/20\/button-esta-muy-interesado-en-la-temporada-2014\/\" data-layout=\"button_count\"><\/div><\/li><li class=\"share-twitter\"><a href=\"https:\/\/twitter.com\/share\" class=\"twitter-share-button\" data-url=\"http:\/\/www.michael-schumacher.es\/noticias-f1\/2012\/12\/20\/button-esta-muy-interesado-en-la-temporada-2014\/\" data-text=\"Button est\u00e1 muy interesado en la temporada 2014\"  >Tweet<\/a><\/li><li class=\"share-email\"><a rel=\"nofollow noopener noreferrer\" data-shared=\"\" class=\"share-email sd-button\" href=\"http:\/\/www.michael-schumacher.es\/noticias-f1\/2012\/12\/20\/button-esta-muy-interesado-en-la-temporada-2014\/?share=email\" target=\"_blank\" title=\"Haz clic para enviar por correo electr\u00f3nico a un amigo\"><span>Correo electr\u00f3nico<\/span><\/a><\/li><li class=\"share-end\"><\/li><\/ul><\/div><\/div><\/div>","protected":false},"excerpt":{"rendered":"<p>Por lo que Jenson Button espera seguir estando en el equipo Mclaren para la temporada 2014 ya que considera que conocer el equipo con el que trabajas es una clara ventaja: \u00abSi todo va seg\u00fan lo previsto voy a estar aun trabajando con el mismo grupo de ingenieros y nosotros hemos trabajado juntos durante cuatro [&hellip;]<\/p>\n<div class=\"sharedaddy sd-sharing-enabled\"><div class=\"robots-nocontent sd-block sd-social sd-social-official sd-sharing\"><h3 class=\"sd-title\">Opciones Sociales:<\/h3><div class=\"sd-content\"><ul><li class=\"share-facebook\"><div class=\"fb-share-button\" data-href=\"http:\/\/www.michael-schumacher.es\/noticias-f1\/2012\/12\/20\/button-esta-muy-interesado-en-la-temporada-2014\/\" data-layout=\"button_count\"><\/div><\/li><li class=\"share-twitter\"><a href=\"https:\/\/twitter.com\/share\" class=\"twitter-share-button\" data-url=\"http:\/\/www.michael-schumacher.es\/noticias-f1\/2012\/12\/20\/button-esta-muy-interesado-en-la-temporada-2014\/\" data-text=\"Button est\u00e1 muy interesado en la temporada 2014\"  >Tweet<\/a><\/li><li class=\"share-email\"><a rel=\"nofollow noopener noreferrer\" data-shared=\"\" class=\"share-email sd-button\" href=\"http:\/\/www.michael-schumacher.es\/noticias-f1\/2012\/12\/20\/button-esta-muy-interesado-en-la-temporada-2014\/?share=email\" target=\"_blank\" title=\"Haz clic para enviar por correo electr\u00f3nico a un amigo\"><span>Correo electr\u00f3nico<\/span><\/a><\/li><li class=\"share-end\"><\/li><\/ul><\/div><\/div><\/div>","protected":false},"author":3,"featured_media":0,"comment_status":"open","ping_status":"open","sticky":false,"template":"","format":"standard","meta":{"_monsterinsights_skip_tracking":false,"_monsterinsights_sitenote_active":false,"_monsterinsights_sitenote_note":"","_monsterinsights_sitenote_category":0,"spay_email":"","jetpack_publicize_message":"","jetpack_is_tweetstorm":false,"jetpack_publicize_feature_enabled":true},"categories":[3],"tags":[373,226,13,288,17,15,557,12,436,138,606,632,665,238],"jetpack_featured_media_url":"","jetpack_publicize_connections":[],"jetpack_sharing_enabled":true,"jetpack_shortlink":"https:\/\/wp.me\/p27q3P-1Oc","_links":{"self":[{"href":"http:\/\/www.michael-schumacher.es\/noticias-f1\/wp-json\/wp\/v2\/posts\/6956"}],"collection":[{"href":"http:\/\/www.michael-schumacher.es\/noticias-f1\/wp-json\/wp\/v2\/posts"}],"about":[{"href":"http:\/\/www.michael-schumacher.es\/noticias-f1\/wp-json\/wp\/v2\/types\/post"}],"author":[{"embeddable":true,"href":"http:\/\/www.michael-schumacher.es\/noticias-f1\/wp-json\/wp\/v2\/users\/3"}],"replies":[{"embeddable":true,"href":"http:\/\/www.michael-schumacher.es\/noticias-f1\/wp-json\/wp\/v2\/comments?post=6956"}],"version-history":[{"count":0,"href":"http:\/\/www.michael-schumacher.es\/noticias-f1\/wp-json\/wp\/v2\/posts\/6956\/revisions"}],"wp:attachment":[{"href":"http:\/\/www.michael-schumacher.es\/noticias-f1\/wp-json\/wp\/v2\/media?parent=6956"}],"wp:term":[{"taxonomy":"category","embeddable":true,"href":"http:\/\/www.michael-schumacher.es\/noticias-f1\/wp-json\/wp\/v2\/categories?post=6956"},{"taxonomy":"post_tag","embeddable":true,"href":"http:\/\/www.michael-schumacher.es\/noticias-f1\/wp-json\/wp\/v2\/tags?post=6956"}],"curies":[{"name":"wp","href":"https:\/\/api.w.org\/{rel}","templated":true}]}}