{"id":7027,"date":"2012-12-23T00:04:57","date_gmt":"2012-12-22T23:04:57","guid":{"rendered":"http:\/\/www.michael-schumacher.es\/noticias-f1\/?p=7027"},"modified":"2012-12-23T00:05:25","modified_gmt":"2012-12-22T23:05:25","slug":"hulkenberg-la-poca-experiencia-no-es-un-problema-en-sauber","status":"publish","type":"post","link":"http:\/\/www.michael-schumacher.es\/noticias-f1\/2012\/12\/23\/hulkenberg-la-poca-experiencia-no-es-un-problema-en-sauber\/","title":{"rendered":"Hulkenberg la poca experiencia no es un problema en Sauber"},"content":{"rendered":"<p><a href=\"http:\/\/www.michael-schumacher.es\/noticias-f1\/?attachment_id=7029\" rel=\"attachment wp-att-7029\"><img loading=\"lazy\" class=\"alignleft\" alt=\"Nico Hulkenberg 3 \" src=\"http:\/\/www.michael-schumacher.es\/noticias-f1\/wp-content\/uploads\/2012\/12\/nico-hulkenberg.jpg\" width=\"200\" height=\"133\" \/><\/a>Hulkenberg piensa que la poca experiencia en de los pilotos menor que el d\u00fao fue formado por Kamui Kobayashi y Sergio P\u00e9rez, no debe ser un problema en Sauber ya que \u00e9l ha pilotado la temporada 2010 para el Williams y en Force India la temporada 2012.<\/p>\n<p><!--more--> <!--noteaser--><\/p>\n<p><a href=\"http:\/\/www.michael-schumacher.es\/noticias-f1\/?attachment_id=7029\" rel=\"attachment wp-att-7029\"><img loading=\"lazy\" class=\"aligncenter size-full wp-image-7029\" alt=\"Nico Hulkenberg 3 \" src=\"http:\/\/www.michael-schumacher.es\/noticias-f1\/wp-content\/uploads\/2012\/12\/nico-hulkenberg.jpg\" width=\"640\" height=\"427\" srcset=\"http:\/\/www.michael-schumacher.es\/noticias-f1\/wp-content\/uploads\/2012\/12\/nico-hulkenberg.jpg 640w, http:\/\/www.michael-schumacher.es\/noticias-f1\/wp-content\/uploads\/2012\/12\/nico-hulkenberg-300x200.jpg 300w\" sizes=\"(max-width: 640px) 100vw, 640px\" \/><\/a><\/p>\n<p>Hulkenberg piensa que la poca experiencia en de los pilotos menor que el d\u00fao fue formado por Kamui Kobayashi y Sergio P\u00e9rez, no debe ser un problema en Sauber ya que \u00e9l ha pilotado la temporada 2010 para el Williams y en Force India la temporada 2012.<\/p>\n<p>&nbsp;<\/p>\n<p>Por lo que Nico Hulkenberg, cree que con su experiencia ser\u00e1 suficiente: <b>\u00abVoy a traer mi experiencia para el equipo. Ser\u00e1, por supuesto, un coche nuevo para m\u00ed, pero todos los equipos tienen un coche nuevo y entonces todo el mundo se adaptar\u00e1. Yo no creo que vaya a ser un gran obst\u00e1culo\u201d.<\/b><\/p>\n<p>&nbsp;<\/p>\n<p>Hulkenberg pese a ser el piloto m\u00e1s experimentado de Sauber no considera ser el l\u00edder del equipo: <b>\u00abNo veo por qu\u00e9. Es cierto que tengo m\u00e1s experiencia que Guti\u00e9rrez, pero yo no creo que mi papel ser\u00e1 diferente del que yo ten\u00eda en Force India. Por \u00faltimo, estoy aqu\u00ed para anotar tantos puntos como sea posible sea el l\u00edder de equipo o no, no hace ninguna diferencia. \u00ab<\/b><\/p>\n<p>&nbsp;<\/p>\n<p>Para Hulkenberg Sauber es m\u00e1s fuerte que Force India y en ocasiones deseo pilotar para Sauber: <b>\u00abEs cierto que hemos hecho algunas malas carreras, pero han demostrado este a\u00f1o que ten\u00eda un coche muy r\u00e1pido. Muchas veces me he visto superado por un Sauber este a\u00f1o y el tiempo de dos o tres vueltas, fue f\u00e1cil para m\u00ed ver c\u00f3mo este autom\u00f3vil fue efectivo antes de que desaparezca. Por supuesto, a veces yo quer\u00eda estar conduciendo un Sauber\u00bb.<\/b><\/p>\n<p>&nbsp;<\/p>\n<p>Respecto a la nueva alineaci\u00f3n de pilotos en\u00a0 Force India, Hulkenberg dice que lo desconoce y que est\u00e1 centrado ya \u00fanicamente en Sauber: <b>\u00abNo. Pens\u00e9 que iba a ser Sutil, pero la espera contin\u00faa y tal vez eso significa que va a funcionar de otra manera. En verdad, no lo s\u00e9, ahora estoy totalmente centrado en el equipo Sauber.\u00bb<\/b><\/p>\n<p>&nbsp;<\/p>\n<p>Aunque Hulkenberg se concentra en el a\u00f1o 2013, ya que su contrato es solamente para este a\u00f1o, desconoce que har\u00e1 despu\u00e9s: \u201c<b>No lo s\u00e9 todav\u00eda. Ya veremos el a\u00f1o que viene. El contrato que tengo con el equipo Sauber s\u00f3lo es v\u00e1lida para la temporada 2013&#8243;.<\/b><\/p>\n<div class=\"sharedaddy sd-sharing-enabled\"><div class=\"robots-nocontent sd-block sd-social sd-social-official sd-sharing\"><h3 class=\"sd-title\">Opciones Sociales:<\/h3><div class=\"sd-content\"><ul><li class=\"share-facebook\"><div class=\"fb-share-button\" data-href=\"http:\/\/www.michael-schumacher.es\/noticias-f1\/2012\/12\/23\/hulkenberg-la-poca-experiencia-no-es-un-problema-en-sauber\/\" data-layout=\"button_count\"><\/div><\/li><li class=\"share-twitter\"><a href=\"https:\/\/twitter.com\/share\" class=\"twitter-share-button\" data-url=\"http:\/\/www.michael-schumacher.es\/noticias-f1\/2012\/12\/23\/hulkenberg-la-poca-experiencia-no-es-un-problema-en-sauber\/\" data-text=\"Hulkenberg la poca experiencia no es un problema en Sauber\"  >Tweet<\/a><\/li><li class=\"share-email\"><a rel=\"nofollow noopener noreferrer\" data-shared=\"\" class=\"share-email sd-button\" href=\"http:\/\/www.michael-schumacher.es\/noticias-f1\/2012\/12\/23\/hulkenberg-la-poca-experiencia-no-es-un-problema-en-sauber\/?share=email\" target=\"_blank\" title=\"Haz clic para enviar por correo electr\u00f3nico a un amigo\"><span>Correo electr\u00f3nico<\/span><\/a><\/li><li class=\"share-end\"><\/li><\/ul><\/div><\/div><\/div>","protected":false},"excerpt":{"rendered":"<p>Hulkenberg piensa que la poca experiencia en de los pilotos menor que el d\u00fao fue formado por Kamui Kobayashi y Sergio P\u00e9rez, no debe ser un problema en Sauber ya que \u00e9l ha pilotado la temporada 2010 para el Williams y en Force India la temporada 2012.<\/p>\n<div class=\"sharedaddy sd-sharing-enabled\"><div class=\"robots-nocontent sd-block sd-social sd-social-official sd-sharing\"><h3 class=\"sd-title\">Opciones Sociales:<\/h3><div class=\"sd-content\"><ul><li class=\"share-facebook\"><div class=\"fb-share-button\" data-href=\"http:\/\/www.michael-schumacher.es\/noticias-f1\/2012\/12\/23\/hulkenberg-la-poca-experiencia-no-es-un-problema-en-sauber\/\" data-layout=\"button_count\"><\/div><\/li><li class=\"share-twitter\"><a href=\"https:\/\/twitter.com\/share\" class=\"twitter-share-button\" data-url=\"http:\/\/www.michael-schumacher.es\/noticias-f1\/2012\/12\/23\/hulkenberg-la-poca-experiencia-no-es-un-problema-en-sauber\/\" data-text=\"Hulkenberg la poca experiencia no es un problema en Sauber\"  >Tweet<\/a><\/li><li class=\"share-email\"><a rel=\"nofollow noopener noreferrer\" data-shared=\"\" class=\"share-email sd-button\" href=\"http:\/\/www.michael-schumacher.es\/noticias-f1\/2012\/12\/23\/hulkenberg-la-poca-experiencia-no-es-un-problema-en-sauber\/?share=email\" target=\"_blank\" title=\"Haz clic para enviar por correo electr\u00f3nico a un amigo\"><span>Correo electr\u00f3nico<\/span><\/a><\/li><li class=\"share-end\"><\/li><\/ul><\/div><\/div><\/div>","protected":false},"author":3,"featured_media":0,"comment_status":"open","ping_status":"open","sticky":false,"template":"","format":"standard","meta":{"_monsterinsights_skip_tracking":false,"_monsterinsights_sitenote_active":false,"_monsterinsights_sitenote_note":"","_monsterinsights_sitenote_category":0,"spay_email":"","jetpack_publicize_message":"","jetpack_is_tweetstorm":false,"jetpack_publicize_feature_enabled":true},"categories":[3],"tags":[373,226,2404,1751,17,126,15,2059,112,551,111,1062,2403,567,98,86,238,93],"jetpack_featured_media_url":"","jetpack_publicize_connections":[],"jetpack_sharing_enabled":true,"jetpack_shortlink":"https:\/\/wp.me\/p27q3P-1Pl","_links":{"self":[{"href":"http:\/\/www.michael-schumacher.es\/noticias-f1\/wp-json\/wp\/v2\/posts\/7027"}],"collection":[{"href":"http:\/\/www.michael-schumacher.es\/noticias-f1\/wp-json\/wp\/v2\/posts"}],"about":[{"href":"http:\/\/www.michael-schumacher.es\/noticias-f1\/wp-json\/wp\/v2\/types\/post"}],"author":[{"embeddable":true,"href":"http:\/\/www.michael-schumacher.es\/noticias-f1\/wp-json\/wp\/v2\/users\/3"}],"replies":[{"embeddable":true,"href":"http:\/\/www.michael-schumacher.es\/noticias-f1\/wp-json\/wp\/v2\/comments?post=7027"}],"version-history":[{"count":0,"href":"http:\/\/www.michael-schumacher.es\/noticias-f1\/wp-json\/wp\/v2\/posts\/7027\/revisions"}],"wp:attachment":[{"href":"http:\/\/www.michael-schumacher.es\/noticias-f1\/wp-json\/wp\/v2\/media?parent=7027"}],"wp:term":[{"taxonomy":"category","embeddable":true,"href":"http:\/\/www.michael-schumacher.es\/noticias-f1\/wp-json\/wp\/v2\/categories?post=7027"},{"taxonomy":"post_tag","embeddable":true,"href":"http:\/\/www.michael-schumacher.es\/noticias-f1\/wp-json\/wp\/v2\/tags?post=7027"}],"curies":[{"name":"wp","href":"https:\/\/api.w.org\/{rel}","templated":true}]}}