{"id":7043,"date":"2012-12-24T00:56:38","date_gmt":"2012-12-23T23:56:38","guid":{"rendered":"http:\/\/www.michael-schumacher.es\/noticias-f1\/?p=7043"},"modified":"2012-12-24T00:56:50","modified_gmt":"2012-12-23T23:56:50","slug":"vettel-y-newey-listos-para-continuar-juntos-en-red-bull","status":"publish","type":"post","link":"http:\/\/www.michael-schumacher.es\/noticias-f1\/2012\/12\/24\/vettel-y-newey-listos-para-continuar-juntos-en-red-bull\/","title":{"rendered":"Vettel y Newey listos para continuar juntos en Red Bull"},"content":{"rendered":"<p><a href=\"http:\/\/www.michael-schumacher.es\/noticias-f1\/2012\/12\/24\/vettel-y-newey-listos-para-continuar-juntos-en-red-bull\/sebastian-vettel-adrian-newey\/\" rel=\"attachment wp-att-7052\"><img loading=\"lazy\" class=\"alignleft\" alt=\"Sebastian-Vettel-Adrian-Newey\" src=\"http:\/\/www.michael-schumacher.es\/noticias-f1\/wp-content\/uploads\/2012\/12\/Sebastian-Vettel-Adrian-Newey.jpg\" width=\"200\" height=\"150\" \/><\/a>Newey se rumorea que ha rechazado ofertas millonarias para prestar sus servicios en otro lugar, el equipo Ferrari ha declarado p\u00fablicamente que le encantar\u00eda tener al tres veces campe\u00f3n mundial en su equipo, sin duda no es el \u00fanico equipo que quer\u00eda tener al mejor piloto activo de la parrilla, pero los dos han elegido a Red Bull para continuar trabajando en la pr\u00f3xima temporada<\/p>\n<p><!--more--> <!--noteaser--><\/p>\n<p style=\"text-align: center;\">\u00a0<a href=\"http:\/\/www.michael-schumacher.es\/noticias-f1\/2012\/12\/24\/vettel-y-newey-listos-para-continuar-juntos-en-red-bull\/sebastian-vettel-adrian-newey\/\" rel=\"attachment wp-att-7052\"><img loading=\"lazy\" class=\"aligncenter\" alt=\"Sebastian-Vettel-Adrian-Newey\" src=\"http:\/\/www.michael-schumacher.es\/noticias-f1\/wp-content\/uploads\/2012\/12\/Sebastian-Vettel-Adrian-Newey.jpg\" width=\"650\" height=\"488\" \/><\/a><\/p>\n<p>Newey se rumorea que ha rechazado ofertas millonarias para prestar sus servicios en otro lugar, el equipo Ferrari ha declarado p\u00fablicamente que le encantar\u00eda tener al tres veces campe\u00f3n mundial en su equipo, sin duda no es el \u00fanico equipo que quer\u00eda tener al mejor piloto activo de la parrilla, pero los dos han elegido a Red Bull para continuar trabajando en la pr\u00f3xima temporada<\/p>\n<p>&nbsp;<\/p>\n<p>Asi lo confirma Newey de 53-a\u00f1os y el maestro del dise\u00f1o \u00a0y uno de los grandes valores de Red Bull: <b>\u00abRed Bull es un gran equipo para trabajar. Siempre he mantenido que no quiero pasar toda mi carrera en el automovilismo y, ciertamente, no en F1 \u00a0pero ahora mismo estoy disfrutando. Y mientras que sea as\u00ed, y la gente me ofrece trabajar, entonces voy a seguir haci\u00e9ndolo. En este equipo tenemos los egos y la pol\u00edtica al m\u00ednimo y tratamos de mantener un ambiente donde no hay se\u00f1alamientos. Animamos a la creatividad. Adem\u00e1s, nuestros resultados y los t\u00edtulos muestran c\u00f3mo todo lo que ha valido la pena\u00bb.<\/b><\/p>\n<p>&nbsp;<\/p>\n<p>Sebastian Vettel que con solo 25 a\u00f1os tienen unos registros impresionantes en solo 101 carreras, tiene en su haber tras campeonatos consecutivos, 26 victorias, 46 podios, 36 poles.<\/p>\n<p>&nbsp;<\/p>\n<p>Vettel sigue feliz en el equipo Red Bull y con el objetivo de hacerlo todav\u00eda mejor, aunque parezca imposible: <b>\u00abUsted necesita sentirse feliz en el equipo que est\u00e1 y que es esencial tener un coche competitivo Ahora mismo tengo las dos\u2026 Aqu\u00ed es donde Adri\u00e1n es tan brillante. Me da confianza y \u00e9l dise\u00f1a grandes coches. Es una experiencia incre\u00edble trabajar con \u00e9l. Creo que podemos hacerlo a\u00fan mejor\u00bb.<\/b><\/p>\n<div class=\"sharedaddy sd-sharing-enabled\"><div class=\"robots-nocontent sd-block sd-social sd-social-official sd-sharing\"><h3 class=\"sd-title\">Opciones Sociales:<\/h3><div class=\"sd-content\"><ul><li class=\"share-facebook\"><div class=\"fb-share-button\" data-href=\"http:\/\/www.michael-schumacher.es\/noticias-f1\/2012\/12\/24\/vettel-y-newey-listos-para-continuar-juntos-en-red-bull\/\" data-layout=\"button_count\"><\/div><\/li><li class=\"share-twitter\"><a href=\"https:\/\/twitter.com\/share\" class=\"twitter-share-button\" data-url=\"http:\/\/www.michael-schumacher.es\/noticias-f1\/2012\/12\/24\/vettel-y-newey-listos-para-continuar-juntos-en-red-bull\/\" data-text=\"Vettel y Newey listos para continuar juntos en Red Bull\"  >Tweet<\/a><\/li><li class=\"share-email\"><a rel=\"nofollow noopener noreferrer\" data-shared=\"\" class=\"share-email sd-button\" href=\"http:\/\/www.michael-schumacher.es\/noticias-f1\/2012\/12\/24\/vettel-y-newey-listos-para-continuar-juntos-en-red-bull\/?share=email\" target=\"_blank\" title=\"Haz clic para enviar por correo electr\u00f3nico a un amigo\"><span>Correo electr\u00f3nico<\/span><\/a><\/li><li class=\"share-end\"><\/li><\/ul><\/div><\/div><\/div>","protected":false},"excerpt":{"rendered":"<p>Newey se rumorea que ha rechazado ofertas millonarias para prestar sus servicios en otro lugar, el equipo Ferrari ha declarado p\u00fablicamente que le encantar\u00eda tener al tres veces campe\u00f3n mundial en su equipo, sin duda no es el \u00fanico equipo que quer\u00eda tener al mejor piloto activo de la parrilla, pero los dos han elegido [&hellip;]<\/p>\n<div class=\"sharedaddy sd-sharing-enabled\"><div class=\"robots-nocontent sd-block sd-social sd-social-official sd-sharing\"><h3 class=\"sd-title\">Opciones Sociales:<\/h3><div class=\"sd-content\"><ul><li class=\"share-facebook\"><div class=\"fb-share-button\" data-href=\"http:\/\/www.michael-schumacher.es\/noticias-f1\/2012\/12\/24\/vettel-y-newey-listos-para-continuar-juntos-en-red-bull\/\" data-layout=\"button_count\"><\/div><\/li><li class=\"share-twitter\"><a href=\"https:\/\/twitter.com\/share\" class=\"twitter-share-button\" data-url=\"http:\/\/www.michael-schumacher.es\/noticias-f1\/2012\/12\/24\/vettel-y-newey-listos-para-continuar-juntos-en-red-bull\/\" data-text=\"Vettel y Newey listos para continuar juntos en Red Bull\"  >Tweet<\/a><\/li><li class=\"share-email\"><a rel=\"nofollow noopener noreferrer\" data-shared=\"\" class=\"share-email sd-button\" href=\"http:\/\/www.michael-schumacher.es\/noticias-f1\/2012\/12\/24\/vettel-y-newey-listos-para-continuar-juntos-en-red-bull\/?share=email\" target=\"_blank\" title=\"Haz clic para enviar por correo electr\u00f3nico a un amigo\"><span>Correo electr\u00f3nico<\/span><\/a><\/li><li class=\"share-end\"><\/li><\/ul><\/div><\/div><\/div>","protected":false},"author":3,"featured_media":0,"comment_status":"open","ping_status":"open","sticky":false,"template":"","format":"standard","meta":{"_monsterinsights_skip_tracking":false,"_monsterinsights_sitenote_active":false,"_monsterinsights_sitenote_note":"","_monsterinsights_sitenote_category":0,"spay_email":"","jetpack_publicize_message":"","jetpack_is_tweetstorm":false,"jetpack_publicize_feature_enabled":true},"categories":[3],"tags":[373,44,2408,25,1075,442,381,1545,17,15,2407,43,51,71,238,30],"jetpack_featured_media_url":"","jetpack_publicize_connections":[],"jetpack_sharing_enabled":true,"jetpack_shortlink":"https:\/\/wp.me\/p27q3P-1PB","_links":{"self":[{"href":"http:\/\/www.michael-schumacher.es\/noticias-f1\/wp-json\/wp\/v2\/posts\/7043"}],"collection":[{"href":"http:\/\/www.michael-schumacher.es\/noticias-f1\/wp-json\/wp\/v2\/posts"}],"about":[{"href":"http:\/\/www.michael-schumacher.es\/noticias-f1\/wp-json\/wp\/v2\/types\/post"}],"author":[{"embeddable":true,"href":"http:\/\/www.michael-schumacher.es\/noticias-f1\/wp-json\/wp\/v2\/users\/3"}],"replies":[{"embeddable":true,"href":"http:\/\/www.michael-schumacher.es\/noticias-f1\/wp-json\/wp\/v2\/comments?post=7043"}],"version-history":[{"count":0,"href":"http:\/\/www.michael-schumacher.es\/noticias-f1\/wp-json\/wp\/v2\/posts\/7043\/revisions"}],"wp:attachment":[{"href":"http:\/\/www.michael-schumacher.es\/noticias-f1\/wp-json\/wp\/v2\/media?parent=7043"}],"wp:term":[{"taxonomy":"category","embeddable":true,"href":"http:\/\/www.michael-schumacher.es\/noticias-f1\/wp-json\/wp\/v2\/categories?post=7043"},{"taxonomy":"post_tag","embeddable":true,"href":"http:\/\/www.michael-schumacher.es\/noticias-f1\/wp-json\/wp\/v2\/tags?post=7043"}],"curies":[{"name":"wp","href":"https:\/\/api.w.org\/{rel}","templated":true}]}}