{"id":7131,"date":"2012-12-29T00:01:52","date_gmt":"2012-12-28T23:01:52","guid":{"rendered":"http:\/\/www.michael-schumacher.es\/noticias-f1\/?p=7131"},"modified":"2012-12-29T00:02:17","modified_gmt":"2012-12-28T23:02:17","slug":"ferrari-desarrollara-su-coche-exclusivamente-en-el-tunel-de-viento-de-toyota","status":"publish","type":"post","link":"http:\/\/www.michael-schumacher.es\/noticias-f1\/2012\/12\/29\/ferrari-desarrollara-su-coche-exclusivamente-en-el-tunel-de-viento-de-toyota\/","title":{"rendered":"Ferrari desarrollar\u00e1 su coche exclusivamente en el t\u00fanel de viento de Toyota"},"content":{"rendered":"<p><a href=\"http:\/\/www.michael-schumacher.es\/noticias-f1\/2012\/08\/22\/domenicali-estamos-trabajando-en-la-evolucion-para-spa\/ferrari-1-mini\/\" rel=\"attachment wp-att-3090\"><img loading=\"lazy\" class=\"alignleft size-full wp-image-3090\" alt=\"Ferrari 1 - miniatura\" src=\"http:\/\/www.michael-schumacher.es\/noticias-f1\/wp-content\/uploads\/2012\/08\/ferrari-1-mini.jpg\" width=\"200\" height=\"133\" \/><\/a>Ferrari ha tenido problemas con su t\u00fanel de viento de Maranello este a\u00f1o, por lo que las instalaciones del equipo estar\u00e1n cerradas hasta agosto de 2013. Por lo cual van a usar las instalaciones de Toyota en Colonia exclusivamente para el desarrollo de su monoplaza de esta pr\u00f3xima temporada<\/p>\n<p><!--more--> <!--noteaser--><\/p>\n<p><a href=\"http:\/\/www.michael-schumacher.es\/noticias-f1\/2012\/08\/22\/domenicali-estamos-trabajando-en-la-evolucion-para-spa\/ferrari-1\/\" rel=\"attachment wp-att-3089\"><img loading=\"lazy\" class=\"aligncenter size-full wp-image-3089\" alt=\"Ferrari 1 \" src=\"http:\/\/www.michael-schumacher.es\/noticias-f1\/wp-content\/uploads\/2012\/08\/ferrari-1.jpg\" width=\"600\" height=\"400\" srcset=\"http:\/\/www.michael-schumacher.es\/noticias-f1\/wp-content\/uploads\/2012\/08\/ferrari-1.jpg 600w, http:\/\/www.michael-schumacher.es\/noticias-f1\/wp-content\/uploads\/2012\/08\/ferrari-1-300x200.jpg 300w\" sizes=\"(max-width: 600px) 100vw, 600px\" \/><\/a><\/p>\n<p>Ferrari ha tenido problemas con su t\u00fanel de viento de Maranello este a\u00f1o, por lo que las instalaciones del equipo estar\u00e1n cerradas hasta agosto de 2013. Por lo cual van a usar las instalaciones de Toyota en Colonia exclusivamente para el desarrollo de su monoplaza de esta pr\u00f3xima temporada<\/p>\n<p>&nbsp;<\/p>\n<p>Stefano Domenicali, ha confirmado tal informaci\u00f3n y ha explicado sus motivos para esta decisi\u00f3n: <b>\u00abEstamos reconstruyendo las instalaciones de Maranello, que permanecer\u00e1n cerradas hasta el pr\u00f3ximo mes de agosto. Hasta entonces, utilizaremos el t\u00fanel del viento de Toyota en Colonia. Trabajar en dos t\u00faneles de viento ser\u00eda demasiado arriesgado\u00bb.<\/b><\/p>\n<p>&nbsp;<\/p>\n<p>Luca di Montezemolo el presidente del equipo Ferrari tambi\u00e9n confirm\u00f3 que Colonia se va a utilizar en exclusiva para el desarrollo del Ferrari de 2013: <b>\u00abVamos a desarrollar el coche 2013 exclusivamente en el t\u00fanel de viento de Toyota para evitar confusiones y errores\u00bb.<\/b><\/p>\n<p>&nbsp;<\/p>\n<p>En cualquier caso no es un hecho aislado o fuera de lo com\u00fan, ya que otros equipos como por ejemplo McLaren F1 han sido tambi\u00e9n clientes con cierta regularidad de las instalaciones de Toyota.<\/p>\n<p>&nbsp;<\/p>\n<p>Rob Leupen, de Toyota Motorsport GmbH, confirma la satisfacci\u00f3n de los clientes de sus instalaciones: <b>\u00abNuestros clientes est\u00e1n muy satisfechos con nuestros servicios de t\u00fanel de viento\u00bb.<\/b><\/p>\n<div class=\"sharedaddy sd-sharing-enabled\"><div class=\"robots-nocontent sd-block sd-social sd-social-official sd-sharing\"><h3 class=\"sd-title\">Opciones Sociales:<\/h3><div class=\"sd-content\"><ul><li class=\"share-facebook\"><div class=\"fb-share-button\" data-href=\"http:\/\/www.michael-schumacher.es\/noticias-f1\/2012\/12\/29\/ferrari-desarrollara-su-coche-exclusivamente-en-el-tunel-de-viento-de-toyota\/\" data-layout=\"button_count\"><\/div><\/li><li class=\"share-twitter\"><a href=\"https:\/\/twitter.com\/share\" class=\"twitter-share-button\" data-url=\"http:\/\/www.michael-schumacher.es\/noticias-f1\/2012\/12\/29\/ferrari-desarrollara-su-coche-exclusivamente-en-el-tunel-de-viento-de-toyota\/\" data-text=\"Ferrari desarrollar\u00e1 su coche exclusivamente en el t\u00fanel de viento de Toyota\"  >Tweet<\/a><\/li><li class=\"share-email\"><a rel=\"nofollow noopener noreferrer\" data-shared=\"\" class=\"share-email sd-button\" href=\"http:\/\/www.michael-schumacher.es\/noticias-f1\/2012\/12\/29\/ferrari-desarrollara-su-coche-exclusivamente-en-el-tunel-de-viento-de-toyota\/?share=email\" target=\"_blank\" title=\"Haz clic para enviar por correo electr\u00f3nico a un amigo\"><span>Correo electr\u00f3nico<\/span><\/a><\/li><li class=\"share-end\"><\/li><\/ul><\/div><\/div><\/div>","protected":false},"excerpt":{"rendered":"<p>Ferrari ha tenido problemas con su t\u00fanel de viento de Maranello este a\u00f1o, por lo que las instalaciones del equipo estar\u00e1n cerradas hasta agosto de 2013. Por lo cual van a usar las instalaciones de Toyota en Colonia exclusivamente para el desarrollo de su monoplaza de esta pr\u00f3xima temporada<\/p>\n<div class=\"sharedaddy sd-sharing-enabled\"><div class=\"robots-nocontent sd-block sd-social sd-social-official sd-sharing\"><h3 class=\"sd-title\">Opciones Sociales:<\/h3><div class=\"sd-content\"><ul><li class=\"share-facebook\"><div class=\"fb-share-button\" data-href=\"http:\/\/www.michael-schumacher.es\/noticias-f1\/2012\/12\/29\/ferrari-desarrollara-su-coche-exclusivamente-en-el-tunel-de-viento-de-toyota\/\" data-layout=\"button_count\"><\/div><\/li><li class=\"share-twitter\"><a href=\"https:\/\/twitter.com\/share\" class=\"twitter-share-button\" data-url=\"http:\/\/www.michael-schumacher.es\/noticias-f1\/2012\/12\/29\/ferrari-desarrollara-su-coche-exclusivamente-en-el-tunel-de-viento-de-toyota\/\" data-text=\"Ferrari desarrollar\u00e1 su coche exclusivamente en el t\u00fanel de viento de Toyota\"  >Tweet<\/a><\/li><li class=\"share-email\"><a rel=\"nofollow noopener noreferrer\" data-shared=\"\" class=\"share-email sd-button\" href=\"http:\/\/www.michael-schumacher.es\/noticias-f1\/2012\/12\/29\/ferrari-desarrollara-su-coche-exclusivamente-en-el-tunel-de-viento-de-toyota\/?share=email\" target=\"_blank\" title=\"Haz clic para enviar por correo electr\u00f3nico a un amigo\"><span>Correo electr\u00f3nico<\/span><\/a><\/li><li class=\"share-end\"><\/li><\/ul><\/div><\/div><\/div>","protected":false},"author":3,"featured_media":0,"comment_status":"open","ping_status":"open","sticky":false,"template":"","format":"standard","meta":{"_monsterinsights_skip_tracking":false,"_monsterinsights_sitenote_active":false,"_monsterinsights_sitenote_note":"","_monsterinsights_sitenote_category":0,"spay_email":"","jetpack_publicize_message":"","jetpack_is_tweetstorm":false,"jetpack_publicize_feature_enabled":true},"categories":[3],"tags":[373,908,1273,2460,2461,17,425,141,15,238,1591,241],"jetpack_featured_media_url":"","jetpack_publicize_connections":[],"jetpack_sharing_enabled":true,"jetpack_shortlink":"https:\/\/wp.me\/p27q3P-1R1","_links":{"self":[{"href":"http:\/\/www.michael-schumacher.es\/noticias-f1\/wp-json\/wp\/v2\/posts\/7131"}],"collection":[{"href":"http:\/\/www.michael-schumacher.es\/noticias-f1\/wp-json\/wp\/v2\/posts"}],"about":[{"href":"http:\/\/www.michael-schumacher.es\/noticias-f1\/wp-json\/wp\/v2\/types\/post"}],"author":[{"embeddable":true,"href":"http:\/\/www.michael-schumacher.es\/noticias-f1\/wp-json\/wp\/v2\/users\/3"}],"replies":[{"embeddable":true,"href":"http:\/\/www.michael-schumacher.es\/noticias-f1\/wp-json\/wp\/v2\/comments?post=7131"}],"version-history":[{"count":0,"href":"http:\/\/www.michael-schumacher.es\/noticias-f1\/wp-json\/wp\/v2\/posts\/7131\/revisions"}],"wp:attachment":[{"href":"http:\/\/www.michael-schumacher.es\/noticias-f1\/wp-json\/wp\/v2\/media?parent=7131"}],"wp:term":[{"taxonomy":"category","embeddable":true,"href":"http:\/\/www.michael-schumacher.es\/noticias-f1\/wp-json\/wp\/v2\/categories?post=7131"},{"taxonomy":"post_tag","embeddable":true,"href":"http:\/\/www.michael-schumacher.es\/noticias-f1\/wp-json\/wp\/v2\/tags?post=7131"}],"curies":[{"name":"wp","href":"https:\/\/api.w.org\/{rel}","templated":true}]}}