{"id":720,"date":"2012-05-05T11:18:55","date_gmt":"2012-05-05T09:18:55","guid":{"rendered":"http:\/\/www.michael-schumacher.es\/noticias-f1\/?p=720"},"modified":"2012-05-05T11:18:55","modified_gmt":"2012-05-05T09:18:55","slug":"ferrari-podria-tener-listo-el-doble-drs","status":"publish","type":"post","link":"http:\/\/www.michael-schumacher.es\/noticias-f1\/2012\/05\/05\/ferrari-podria-tener-listo-el-doble-drs\/","title":{"rendered":"Ferrari podria tener listo el doble DRS"},"content":{"rendered":"<p><img loading=\"lazy\" class=\"alignleft\" title=\"Ferrari\" src=\"http:\/\/img.michael-schumacher.es\/noticias-f1\/ferrari\/domenicali-1-mini.jpg\" alt=\"Ferrari\" width=\"200\" height=\"100\" \/>Ferrari podr\u00eda ser el primer equipo en emular a Mercedes AMG con su sistema del W03 el aler\u00f3n trasero de doble sistema de reducci\u00f3n de arrastre DRS o doble DDRS. Un sistema que la FIA ha\u00a0 declarado totalmente legal.<\/p>\n<p><!--more--> <!--noteaser--><\/p>\n<p><img loading=\"lazy\" class=\"aligncenter\" title=\"Ferrari\" src=\"http:\/\/img.michael-schumacher.es\/noticias-f1\/ferrari\/domenicali-1.jpg\" alt=\"Ferrari\" width=\"605\" height=\"300\" \/><\/p>\n<p>Ferrari podr\u00eda ser el primer equipo en emular a Mercedes AMG con su sistema del W03 el aler\u00f3n trasero de doble sistema de reducci\u00f3n de arrastre DRS o doble DDRS. Un sistema que la FIA ha\u00a0 declarado totalmente legal.<\/p>\n<p>&nbsp;<\/p>\n<p>Seg\u00fan ha informado la resvista Auto Motor und Sport , \u00a0Fernando Alonso probo un \u00a0nuevo extremo del aler\u00f3n trasero el jueves<strong>,\u00bbLa aleta tiene cambios menores. Tienes que mirar en detalle \u00ab<\/strong>, escribi\u00f3 el peri\u00f3dico alem\u00e1n, a\u00f1adi\u00f3 que estar\u00e1 listo para Barcelona.<\/p>\n<p>&nbsp;<\/p>\n<p>En Ferrari hab\u00eda optimismo en las pruebas de Mugello y el piloto Espa\u00f1ol espera el GP de Espa\u00f1a como \u00a0momento importante para el Campeonato y con moderado animo porque las mejoras parecen funcionar : \u00a0<strong>\u00a0\u00abBarcelona ser\u00e1 un momento clave de la temporada, pero no es el circuito decisivo\u00bb, <\/strong>insisti\u00f3 el piloto espa\u00f1ol. <strong>\u00abNo es un caso que de pronto nos encontraremos de nuevo en la pole position, porque no hay ning\u00fan bot\u00f3n m\u00e1gico . \u00ab<\/strong><\/p>\n<div class=\"sharedaddy sd-sharing-enabled\"><div class=\"robots-nocontent sd-block sd-social sd-social-official sd-sharing\"><h3 class=\"sd-title\">Opciones Sociales:<\/h3><div class=\"sd-content\"><ul><li class=\"share-facebook\"><div class=\"fb-share-button\" data-href=\"http:\/\/www.michael-schumacher.es\/noticias-f1\/2012\/05\/05\/ferrari-podria-tener-listo-el-doble-drs\/\" data-layout=\"button_count\"><\/div><\/li><li class=\"share-twitter\"><a href=\"https:\/\/twitter.com\/share\" class=\"twitter-share-button\" data-url=\"http:\/\/www.michael-schumacher.es\/noticias-f1\/2012\/05\/05\/ferrari-podria-tener-listo-el-doble-drs\/\" data-text=\"Ferrari podria tener listo el doble DRS\"  >Tweet<\/a><\/li><li class=\"share-email\"><a rel=\"nofollow noopener noreferrer\" data-shared=\"\" class=\"share-email sd-button\" href=\"http:\/\/www.michael-schumacher.es\/noticias-f1\/2012\/05\/05\/ferrari-podria-tener-listo-el-doble-drs\/?share=email\" target=\"_blank\" title=\"Haz clic para enviar por correo electr\u00f3nico a un amigo\"><span>Correo electr\u00f3nico<\/span><\/a><\/li><li class=\"share-end\"><\/li><\/ul><\/div><\/div><\/div>","protected":false},"excerpt":{"rendered":"<p>Ferrari podr\u00eda ser el primer equipo en emular a Mercedes AMG con su sistema del W03 el aler\u00f3n trasero de doble sistema de reducci\u00f3n de arrastre DRS o doble DDRS. Un sistema que la FIA ha\u00a0 declarado totalmente legal.<\/p>\n<div class=\"sharedaddy sd-sharing-enabled\"><div class=\"robots-nocontent sd-block sd-social sd-social-official sd-sharing\"><h3 class=\"sd-title\">Opciones Sociales:<\/h3><div class=\"sd-content\"><ul><li class=\"share-facebook\"><div class=\"fb-share-button\" data-href=\"http:\/\/www.michael-schumacher.es\/noticias-f1\/2012\/05\/05\/ferrari-podria-tener-listo-el-doble-drs\/\" data-layout=\"button_count\"><\/div><\/li><li class=\"share-twitter\"><a href=\"https:\/\/twitter.com\/share\" class=\"twitter-share-button\" data-url=\"http:\/\/www.michael-schumacher.es\/noticias-f1\/2012\/05\/05\/ferrari-podria-tener-listo-el-doble-drs\/\" data-text=\"Ferrari podria tener listo el doble DRS\"  >Tweet<\/a><\/li><li class=\"share-email\"><a rel=\"nofollow noopener noreferrer\" data-shared=\"\" class=\"share-email sd-button\" href=\"http:\/\/www.michael-schumacher.es\/noticias-f1\/2012\/05\/05\/ferrari-podria-tener-listo-el-doble-drs\/?share=email\" target=\"_blank\" title=\"Haz clic para enviar por correo electr\u00f3nico a un amigo\"><span>Correo electr\u00f3nico<\/span><\/a><\/li><li class=\"share-end\"><\/li><\/ul><\/div><\/div><\/div>","protected":false},"author":3,"featured_media":0,"comment_status":"open","ping_status":"open","sticky":false,"template":"","format":"standard","meta":{"_monsterinsights_skip_tracking":false,"_monsterinsights_sitenote_active":false,"_monsterinsights_sitenote_note":"","_monsterinsights_sitenote_category":0,"spay_email":"","jetpack_publicize_message":"","jetpack_is_tweetstorm":false,"jetpack_publicize_feature_enabled":true},"categories":[3],"tags":[327,330,306,189,141,6,308,329,328],"jetpack_featured_media_url":"","jetpack_publicize_connections":[],"jetpack_sharing_enabled":true,"jetpack_shortlink":"https:\/\/wp.me\/p27q3P-bC","_links":{"self":[{"href":"http:\/\/www.michael-schumacher.es\/noticias-f1\/wp-json\/wp\/v2\/posts\/720"}],"collection":[{"href":"http:\/\/www.michael-schumacher.es\/noticias-f1\/wp-json\/wp\/v2\/posts"}],"about":[{"href":"http:\/\/www.michael-schumacher.es\/noticias-f1\/wp-json\/wp\/v2\/types\/post"}],"author":[{"embeddable":true,"href":"http:\/\/www.michael-schumacher.es\/noticias-f1\/wp-json\/wp\/v2\/users\/3"}],"replies":[{"embeddable":true,"href":"http:\/\/www.michael-schumacher.es\/noticias-f1\/wp-json\/wp\/v2\/comments?post=720"}],"version-history":[{"count":0,"href":"http:\/\/www.michael-schumacher.es\/noticias-f1\/wp-json\/wp\/v2\/posts\/720\/revisions"}],"wp:attachment":[{"href":"http:\/\/www.michael-schumacher.es\/noticias-f1\/wp-json\/wp\/v2\/media?parent=720"}],"wp:term":[{"taxonomy":"category","embeddable":true,"href":"http:\/\/www.michael-schumacher.es\/noticias-f1\/wp-json\/wp\/v2\/categories?post=720"},{"taxonomy":"post_tag","embeddable":true,"href":"http:\/\/www.michael-schumacher.es\/noticias-f1\/wp-json\/wp\/v2\/tags?post=720"}],"curies":[{"name":"wp","href":"https:\/\/api.w.org\/{rel}","templated":true}]}}