{"id":7214,"date":"2013-01-03T00:02:59","date_gmt":"2013-01-02T23:02:59","guid":{"rendered":"http:\/\/www.michael-schumacher.es\/noticias-f1\/?p=7214"},"modified":"2013-01-03T00:06:34","modified_gmt":"2013-01-02T23:06:34","slug":"montezemolo-seguira-al-frente-de-ferrari","status":"publish","type":"post","link":"http:\/\/www.michael-schumacher.es\/noticias-f1\/2013\/01\/03\/montezemolo-seguira-al-frente-de-ferrari\/","title":{"rendered":"Montezemolo seguir\u00e1 al frente de Ferrari"},"content":{"rendered":"<p><a href=\"http:\/\/www.michael-schumacher.es\/noticias-f1\/2012\/10\/18\/montezemolo-no-tiene-miedo-de-porsche-y-le-daria-la-bienvenida\/montezemolo\/\" rel=\"attachment wp-att-5127\"><img loading=\"lazy\" class=\"alignleft\" alt=\"Montezemolo \" src=\"http:\/\/www.michael-schumacher.es\/noticias-f1\/wp-content\/uploads\/2012\/10\/montezemolo.jpg\" width=\"200\" height=\"133\" \/><\/a>Montezemolo cre\u00f3 la asociaci\u00f3n Italia Futura pol\u00edtica en 2009 con el fin de poder ganar en las elecciones generales de este a\u00f1o. Pero ha anunciado que va a apoyar a Mario Monti contra Silvio Berlusconi. Aunque Montezemolo no trabajar\u00e1 por sus propias ambiciones pol\u00edticas si no que seguir\u00e1 al frente de Ferrari.<\/p>\n<p><!--more--> <!--noteaser--><\/p>\n<p style=\"text-align: center\">\u00a0<a href=\"http:\/\/www.michael-schumacher.es\/noticias-f1\/2012\/10\/18\/montezemolo-no-tiene-miedo-de-porsche-y-le-daria-la-bienvenida\/montezemolo\/\" rel=\"attachment wp-att-5127\"><img loading=\"lazy\" class=\"aligncenter  wp-image-5127\" alt=\"Montezemolo \" src=\"http:\/\/www.michael-schumacher.es\/noticias-f1\/wp-content\/uploads\/2012\/10\/montezemolo.jpg\" width=\"650\" height=\"420\" \/><\/a><\/p>\n<p>Montezemolo cre\u00f3 la asociaci\u00f3n Italia Futura pol\u00edtica en 2009 con el fin de poder ganar en las elecciones generales de este a\u00f1o. Pero ha anunciado que va a apoyar a Mario Monti contra Silvio Berlusconi. Aunque Montezemolo no trabajar\u00e1 por sus propias ambiciones pol\u00edticas si no que seguir\u00e1 al frente de Ferrari.<\/p>\n<p>&nbsp;<\/p>\n<p>Tal como Montezemolo ha declarado al diario italiano La Republica: <b>\u00abNo voy a correr por un puesto. Voy a dejar espacio a las personas de calidad muchos que han apoyado y trabajado para la asociaci\u00f3n de estos a\u00f1os. Es justo que ellos deber\u00edan ser los principales protagonistas\u00bb.<\/b><\/p>\n<p>&nbsp;<\/p>\n<p>Montezemolo que es presidente de Ferrari desde 1991 seguir\u00e1 en su puesto. Renunciando a un liderato pol\u00edtico seg\u00fan parece para no crear un conflicto de intereses: <b>\u00abItalia Futura est\u00e1 a punto de convertirse en algo mucho m\u00e1s amplio y diverso, y no voy a ser el l\u00edder de eso. Obviamente ser\u00e1 el hogar pol\u00edtico para m\u00ed, para decenas de miles de colaboradores de Italia Futura, y para millones de votantes que lo eligen. Voy a apoyar con determinaci\u00f3n antes y despu\u00e9s de las elecciones, pero en una posici\u00f3n que no d\u00e9 lugar a ninguna sospecha de conflicto de intereses con mis actividades como presidente de Ferrari.\u00bb<\/b><\/p>\n<div class=\"sharedaddy sd-sharing-enabled\"><div class=\"robots-nocontent sd-block sd-social sd-social-official sd-sharing\"><h3 class=\"sd-title\">Opciones Sociales:<\/h3><div class=\"sd-content\"><ul><li class=\"share-facebook\"><div class=\"fb-share-button\" data-href=\"http:\/\/www.michael-schumacher.es\/noticias-f1\/2013\/01\/03\/montezemolo-seguira-al-frente-de-ferrari\/\" data-layout=\"button_count\"><\/div><\/li><li class=\"share-twitter\"><a href=\"https:\/\/twitter.com\/share\" class=\"twitter-share-button\" data-url=\"http:\/\/www.michael-schumacher.es\/noticias-f1\/2013\/01\/03\/montezemolo-seguira-al-frente-de-ferrari\/\" data-text=\"Montezemolo seguir\u00e1 al frente de Ferrari\"  >Tweet<\/a><\/li><li class=\"share-email\"><a rel=\"nofollow noopener noreferrer\" data-shared=\"\" class=\"share-email sd-button\" href=\"http:\/\/www.michael-schumacher.es\/noticias-f1\/2013\/01\/03\/montezemolo-seguira-al-frente-de-ferrari\/?share=email\" target=\"_blank\" title=\"Haz clic para enviar por correo electr\u00f3nico a un amigo\"><span>Correo electr\u00f3nico<\/span><\/a><\/li><li class=\"share-end\"><\/li><\/ul><\/div><\/div><\/div>","protected":false},"excerpt":{"rendered":"<p>Montezemolo cre\u00f3 la asociaci\u00f3n Italia Futura pol\u00edtica en 2009 con el fin de poder ganar en las elecciones generales de este a\u00f1o. Pero ha anunciado que va a apoyar a Mario Monti contra Silvio Berlusconi. Aunque Montezemolo no trabajar\u00e1 por sus propias ambiciones pol\u00edticas si no que seguir\u00e1 al frente de Ferrari.<\/p>\n<div class=\"sharedaddy sd-sharing-enabled\"><div class=\"robots-nocontent sd-block sd-social sd-social-official sd-sharing\"><h3 class=\"sd-title\">Opciones Sociales:<\/h3><div class=\"sd-content\"><ul><li class=\"share-facebook\"><div class=\"fb-share-button\" data-href=\"http:\/\/www.michael-schumacher.es\/noticias-f1\/2013\/01\/03\/montezemolo-seguira-al-frente-de-ferrari\/\" data-layout=\"button_count\"><\/div><\/li><li class=\"share-twitter\"><a href=\"https:\/\/twitter.com\/share\" class=\"twitter-share-button\" data-url=\"http:\/\/www.michael-schumacher.es\/noticias-f1\/2013\/01\/03\/montezemolo-seguira-al-frente-de-ferrari\/\" data-text=\"Montezemolo seguir\u00e1 al frente de Ferrari\"  >Tweet<\/a><\/li><li class=\"share-email\"><a rel=\"nofollow noopener noreferrer\" data-shared=\"\" class=\"share-email sd-button\" href=\"http:\/\/www.michael-schumacher.es\/noticias-f1\/2013\/01\/03\/montezemolo-seguira-al-frente-de-ferrari\/?share=email\" target=\"_blank\" title=\"Haz clic para enviar por correo electr\u00f3nico a un amigo\"><span>Correo electr\u00f3nico<\/span><\/a><\/li><li class=\"share-end\"><\/li><\/ul><\/div><\/div><\/div>","protected":false},"author":3,"featured_media":0,"comment_status":"open","ping_status":"open","sticky":false,"template":"","format":"standard","meta":{"_monsterinsights_skip_tracking":false,"_monsterinsights_sitenote_active":false,"_monsterinsights_sitenote_note":"","_monsterinsights_sitenote_category":0,"spay_email":"","jetpack_publicize_message":"","jetpack_is_tweetstorm":false,"jetpack_publicize_feature_enabled":true},"categories":[3],"tags":[381,17,141,15,917,1953,237,2507,1564,1320,2506,2218,2505,357,1863],"jetpack_featured_media_url":"","jetpack_publicize_connections":[],"jetpack_sharing_enabled":true,"jetpack_shortlink":"https:\/\/wp.me\/p27q3P-1Sm","_links":{"self":[{"href":"http:\/\/www.michael-schumacher.es\/noticias-f1\/wp-json\/wp\/v2\/posts\/7214"}],"collection":[{"href":"http:\/\/www.michael-schumacher.es\/noticias-f1\/wp-json\/wp\/v2\/posts"}],"about":[{"href":"http:\/\/www.michael-schumacher.es\/noticias-f1\/wp-json\/wp\/v2\/types\/post"}],"author":[{"embeddable":true,"href":"http:\/\/www.michael-schumacher.es\/noticias-f1\/wp-json\/wp\/v2\/users\/3"}],"replies":[{"embeddable":true,"href":"http:\/\/www.michael-schumacher.es\/noticias-f1\/wp-json\/wp\/v2\/comments?post=7214"}],"version-history":[{"count":0,"href":"http:\/\/www.michael-schumacher.es\/noticias-f1\/wp-json\/wp\/v2\/posts\/7214\/revisions"}],"wp:attachment":[{"href":"http:\/\/www.michael-schumacher.es\/noticias-f1\/wp-json\/wp\/v2\/media?parent=7214"}],"wp:term":[{"taxonomy":"category","embeddable":true,"href":"http:\/\/www.michael-schumacher.es\/noticias-f1\/wp-json\/wp\/v2\/categories?post=7214"},{"taxonomy":"post_tag","embeddable":true,"href":"http:\/\/www.michael-schumacher.es\/noticias-f1\/wp-json\/wp\/v2\/tags?post=7214"}],"curies":[{"name":"wp","href":"https:\/\/api.w.org\/{rel}","templated":true}]}}