{"id":7237,"date":"2013-01-04T00:02:06","date_gmt":"2013-01-03T23:02:06","guid":{"rendered":"http:\/\/www.michael-schumacher.es\/noticias-f1\/?p=7237"},"modified":"2013-01-04T01:42:57","modified_gmt":"2013-01-04T00:42:57","slug":"sauber-presentara-su-c32-el-dia-02-de-febrero","status":"publish","type":"post","link":"http:\/\/www.michael-schumacher.es\/noticias-f1\/2013\/01\/04\/sauber-presentara-su-c32-el-dia-02-de-febrero\/","title":{"rendered":"Sauber presentar\u00e1 su C32 el dia 02 de febrero"},"content":{"rendered":"<p><a href=\"http:\/\/www.michael-schumacher.es\/noticias-f1\/2012\/11\/09\/slim-optimista-sobre-la-titularidad-de-gutierrez-en-sauber\/esteban-gutierrez-sauber-f1-gp-india-2012\/\" rel=\"attachment wp-att-5829\"><img loading=\"lazy\" class=\"alignleft\" alt=\"Esteban Gutierrez Sauber F1 - GP India 2012\" src=\"http:\/\/www.michael-schumacher.es\/noticias-f1\/wp-content\/uploads\/2012\/11\/Esteban-gutierrez-sauber-f1-gp-india-2012.jpg\" width=\"200\" height=\"133\" \/><\/a>En un comunicado de prensa, dijo que Sauber C32 Ferrari que se presentar\u00e1 en Hinwil 2 de febrero, a mediod\u00eda. Con \u00a0sus dos pilotos oficiales para 2013, Nico H\u00fclkenberg y Esteban Guti\u00e9rrez.<\/p>\n<p><!--more--> <!--noteaser--><\/p>\n<p><a href=\"http:\/\/www.michael-schumacher.es\/noticias-f1\/2012\/11\/09\/slim-optimista-sobre-la-titularidad-de-gutierrez-en-sauber\/esteban-gutierrez-sauber-f1-gp-india-2012\/\" rel=\"attachment wp-att-5829\"><img loading=\"lazy\" class=\"aligncenter size-full wp-image-5829\" alt=\"Esteban Gutierrez Sauber F1 - GP India 2012\" src=\"http:\/\/www.michael-schumacher.es\/noticias-f1\/wp-content\/uploads\/2012\/11\/Esteban-gutierrez-sauber-f1-gp-india-2012.jpg\" width=\"600\" height=\"400\" srcset=\"http:\/\/www.michael-schumacher.es\/noticias-f1\/wp-content\/uploads\/2012\/11\/Esteban-gutierrez-sauber-f1-gp-india-2012.jpg 600w, http:\/\/www.michael-schumacher.es\/noticias-f1\/wp-content\/uploads\/2012\/11\/Esteban-gutierrez-sauber-f1-gp-india-2012-300x200.jpg 300w\" sizes=\"(max-width: 600px) 100vw, 600px\" \/><\/a><\/p>\n<p>En un comunicado de prensa, dijo que Sauber C32 Ferrari que se presentar\u00e1 en Hinwil 2 de febrero, a mediod\u00eda. Con \u00a0sus dos pilotos oficiales para 2013, Nico H\u00fclkenberg y Esteban Guti\u00e9rrez.<\/p>\n<p>&nbsp;<\/p>\n<p>Esta presentaci\u00f3n ser\u00e1 \u00a0solo tres d\u00edas antes de que comiencen los primeros tests de pretemporada en el circuito espa\u00f1ol de Jerez el d\u00eda cinco de Febrero.<\/p>\n<p>&nbsp;<\/p>\n<p>Nico Hulkenberg y Esteban Guti\u00e9rrez ser\u00e1n responsables de levantar \u00a0el velo del nuevo Sauber C32.<\/p>\n<div class=\"sharedaddy sd-sharing-enabled\"><div class=\"robots-nocontent sd-block sd-social sd-social-official sd-sharing\"><h3 class=\"sd-title\">Opciones Sociales:<\/h3><div class=\"sd-content\"><ul><li class=\"share-facebook\"><div class=\"fb-share-button\" data-href=\"http:\/\/www.michael-schumacher.es\/noticias-f1\/2013\/01\/04\/sauber-presentara-su-c32-el-dia-02-de-febrero\/\" data-layout=\"button_count\"><\/div><\/li><li class=\"share-twitter\"><a href=\"https:\/\/twitter.com\/share\" class=\"twitter-share-button\" data-url=\"http:\/\/www.michael-schumacher.es\/noticias-f1\/2013\/01\/04\/sauber-presentara-su-c32-el-dia-02-de-febrero\/\" data-text=\"Sauber presentar\u00e1 su C32 el dia 02 de febrero\"  >Tweet<\/a><\/li><li class=\"share-email\"><a rel=\"nofollow noopener noreferrer\" data-shared=\"\" class=\"share-email sd-button\" href=\"http:\/\/www.michael-schumacher.es\/noticias-f1\/2013\/01\/04\/sauber-presentara-su-c32-el-dia-02-de-febrero\/?share=email\" target=\"_blank\" title=\"Haz clic para enviar por correo electr\u00f3nico a un amigo\"><span>Correo electr\u00f3nico<\/span><\/a><\/li><li class=\"share-end\"><\/li><\/ul><\/div><\/div><\/div>","protected":false},"excerpt":{"rendered":"<p>En un comunicado de prensa, dijo que Sauber C32 Ferrari que se presentar\u00e1 en Hinwil 2 de febrero, a mediod\u00eda. Con \u00a0sus dos pilotos oficiales para 2013, Nico H\u00fclkenberg y Esteban Guti\u00e9rrez.<\/p>\n<div class=\"sharedaddy sd-sharing-enabled\"><div class=\"robots-nocontent sd-block sd-social sd-social-official sd-sharing\"><h3 class=\"sd-title\">Opciones Sociales:<\/h3><div class=\"sd-content\"><ul><li class=\"share-facebook\"><div class=\"fb-share-button\" data-href=\"http:\/\/www.michael-schumacher.es\/noticias-f1\/2013\/01\/04\/sauber-presentara-su-c32-el-dia-02-de-febrero\/\" data-layout=\"button_count\"><\/div><\/li><li class=\"share-twitter\"><a href=\"https:\/\/twitter.com\/share\" class=\"twitter-share-button\" data-url=\"http:\/\/www.michael-schumacher.es\/noticias-f1\/2013\/01\/04\/sauber-presentara-su-c32-el-dia-02-de-febrero\/\" data-text=\"Sauber presentar\u00e1 su C32 el dia 02 de febrero\"  >Tweet<\/a><\/li><li class=\"share-email\"><a rel=\"nofollow noopener noreferrer\" data-shared=\"\" class=\"share-email sd-button\" href=\"http:\/\/www.michael-schumacher.es\/noticias-f1\/2013\/01\/04\/sauber-presentara-su-c32-el-dia-02-de-febrero\/?share=email\" target=\"_blank\" title=\"Haz clic para enviar por correo electr\u00f3nico a un amigo\"><span>Correo electr\u00f3nico<\/span><\/a><\/li><li class=\"share-end\"><\/li><\/ul><\/div><\/div><\/div>","protected":false},"author":3,"featured_media":0,"comment_status":"open","ping_status":"open","sticky":false,"template":"","format":"standard","meta":{"_monsterinsights_skip_tracking":false,"_monsterinsights_sitenote_active":false,"_monsterinsights_sitenote_note":"","_monsterinsights_sitenote_category":0,"spay_email":"","jetpack_publicize_message":"","jetpack_is_tweetstorm":false,"jetpack_publicize_feature_enabled":true},"categories":[3],"tags":[1562,373,2311,17,425,2038,15,551,1098,86,2518,238],"jetpack_featured_media_url":"","jetpack_publicize_connections":[],"jetpack_sharing_enabled":true,"jetpack_shortlink":"https:\/\/wp.me\/p27q3P-1SJ","_links":{"self":[{"href":"http:\/\/www.michael-schumacher.es\/noticias-f1\/wp-json\/wp\/v2\/posts\/7237"}],"collection":[{"href":"http:\/\/www.michael-schumacher.es\/noticias-f1\/wp-json\/wp\/v2\/posts"}],"about":[{"href":"http:\/\/www.michael-schumacher.es\/noticias-f1\/wp-json\/wp\/v2\/types\/post"}],"author":[{"embeddable":true,"href":"http:\/\/www.michael-schumacher.es\/noticias-f1\/wp-json\/wp\/v2\/users\/3"}],"replies":[{"embeddable":true,"href":"http:\/\/www.michael-schumacher.es\/noticias-f1\/wp-json\/wp\/v2\/comments?post=7237"}],"version-history":[{"count":0,"href":"http:\/\/www.michael-schumacher.es\/noticias-f1\/wp-json\/wp\/v2\/posts\/7237\/revisions"}],"wp:attachment":[{"href":"http:\/\/www.michael-schumacher.es\/noticias-f1\/wp-json\/wp\/v2\/media?parent=7237"}],"wp:term":[{"taxonomy":"category","embeddable":true,"href":"http:\/\/www.michael-schumacher.es\/noticias-f1\/wp-json\/wp\/v2\/categories?post=7237"},{"taxonomy":"post_tag","embeddable":true,"href":"http:\/\/www.michael-schumacher.es\/noticias-f1\/wp-json\/wp\/v2\/tags?post=7237"}],"curies":[{"name":"wp","href":"https:\/\/api.w.org\/{rel}","templated":true}]}}