{"id":7241,"date":"2013-01-04T02:07:57","date_gmt":"2013-01-04T01:07:57","guid":{"rendered":"http:\/\/www.michael-schumacher.es\/noticias-f1\/?p=7241"},"modified":"2013-01-04T02:07:57","modified_gmt":"2013-01-04T01:07:57","slug":"bernie-ecclestone-afirma-que-no-es-culpable","status":"publish","type":"post","link":"http:\/\/www.michael-schumacher.es\/noticias-f1\/2013\/01\/04\/bernie-ecclestone-afirma-que-no-es-culpable\/","title":{"rendered":"Bernie Ecclestone afirma que no es culpable"},"content":{"rendered":"<p><img loading=\"lazy\" class=\"alignleft\" title=\"Ecclestone\" alt=\"Ecclestone\" src=\"http:\/\/img.michael-schumacher.es\/noticias-f1\/ecclestone-1-mini.jpg\" width=\"200\" height=\"100\" \/>Bernie Ecclestone todav\u00eda no ha sido acusado en este caso por la justicia alemana y brit\u00e1nica, pero existe la posibilidad de que acabe siendo imputado, tras las acusaciones por soborno del de banquero Gerhard Gribkowsky: \u00a0\u00a0<b>\u00abYo estar\u00eda preocupado si yo fuera culpable, pero no lo soy. \u00bf Est\u00e1n tratando de atraparme ? Yo no lo s\u00e9 y no me importa \u00a1Todo lo que s\u00e9 es que la gente trata de todo y de nada cuando hay dinero en juego! pero no me har\u00e1 comparecer ante un tribunal de justicia \u00ab.<\/b><\/p>\n<p><!--more--> <!--noteaser--><\/p>\n<p style=\"text-align: center;\">\u00a0<img loading=\"lazy\" class=\"aligncenter\" title=\"Ecclestone\" alt=\"Ecclestone\" src=\"http:\/\/img.michael-schumacher.es\/noticias-f1\/ecclestone-1.jpg\" width=\"605\" height=\"300\" \/><\/p>\n<p>Bernie Ecclestone todav\u00eda no ha sido acusado en este caso por la justicia alemana y brit\u00e1nica, pero existe la posibilidad de que acabe siendo imputado, tras las acusaciones por soborno del de banquero Gerhard Gribkowsky: \u00a0\u00a0<b>\u00abYo estar\u00eda preocupado si yo fuera culpable, pero no lo soy. \u00bf Est\u00e1n tratando de atraparme ? Yo no lo s\u00e9 y no me importa \u00a1Todo lo que s\u00e9 es que la gente trata de todo y de nada cuando hay dinero en juego! pero no me har\u00e1 comparecer ante un tribunal de justicia \u00ab.<\/b><\/p>\n<p>&nbsp;<\/p>\n<p>Ecclestone dijo que no tendr\u00eda miedo por el futuro de la F\u00f3rmula 1 sin \u00e9l. Aunque ser\u00eda diferente: <b>\u00abLo que dije es que la F1 ser\u00eda diferente sin m\u00ed. Pero yo no creo que ser\u00eda mejor. \u00bfHay una Ecclestone nuevo en el horizonte. No, no veo a ninguno\u00bb.<\/b><\/p>\n<div class=\"sharedaddy sd-sharing-enabled\"><div class=\"robots-nocontent sd-block sd-social sd-social-official sd-sharing\"><h3 class=\"sd-title\">Opciones Sociales:<\/h3><div class=\"sd-content\"><ul><li class=\"share-facebook\"><div class=\"fb-share-button\" data-href=\"http:\/\/www.michael-schumacher.es\/noticias-f1\/2013\/01\/04\/bernie-ecclestone-afirma-que-no-es-culpable\/\" data-layout=\"button_count\"><\/div><\/li><li class=\"share-twitter\"><a href=\"https:\/\/twitter.com\/share\" class=\"twitter-share-button\" data-url=\"http:\/\/www.michael-schumacher.es\/noticias-f1\/2013\/01\/04\/bernie-ecclestone-afirma-que-no-es-culpable\/\" data-text=\"Bernie Ecclestone afirma que no es culpable\"  >Tweet<\/a><\/li><li class=\"share-email\"><a rel=\"nofollow noopener noreferrer\" data-shared=\"\" class=\"share-email sd-button\" href=\"http:\/\/www.michael-schumacher.es\/noticias-f1\/2013\/01\/04\/bernie-ecclestone-afirma-que-no-es-culpable\/?share=email\" target=\"_blank\" title=\"Haz clic para enviar por correo electr\u00f3nico a un amigo\"><span>Correo electr\u00f3nico<\/span><\/a><\/li><li class=\"share-end\"><\/li><\/ul><\/div><\/div><\/div>","protected":false},"excerpt":{"rendered":"<p>Bernie Ecclestone todav\u00eda no ha sido acusado en este caso por la justicia alemana y brit\u00e1nica, pero existe la posibilidad de que acabe siendo imputado, tras las acusaciones por soborno del de banquero Gerhard Gribkowsky: \u00a0\u00a0\u00abYo estar\u00eda preocupado si yo fuera culpable, pero no lo soy. \u00bf Est\u00e1n tratando de atraparme ? Yo no lo [&hellip;]<\/p>\n<div class=\"sharedaddy sd-sharing-enabled\"><div class=\"robots-nocontent sd-block sd-social sd-social-official sd-sharing\"><h3 class=\"sd-title\">Opciones Sociales:<\/h3><div class=\"sd-content\"><ul><li class=\"share-facebook\"><div class=\"fb-share-button\" data-href=\"http:\/\/www.michael-schumacher.es\/noticias-f1\/2013\/01\/04\/bernie-ecclestone-afirma-que-no-es-culpable\/\" data-layout=\"button_count\"><\/div><\/li><li class=\"share-twitter\"><a href=\"https:\/\/twitter.com\/share\" class=\"twitter-share-button\" data-url=\"http:\/\/www.michael-schumacher.es\/noticias-f1\/2013\/01\/04\/bernie-ecclestone-afirma-que-no-es-culpable\/\" data-text=\"Bernie Ecclestone afirma que no es culpable\"  >Tweet<\/a><\/li><li class=\"share-email\"><a rel=\"nofollow noopener noreferrer\" data-shared=\"\" class=\"share-email sd-button\" href=\"http:\/\/www.michael-schumacher.es\/noticias-f1\/2013\/01\/04\/bernie-ecclestone-afirma-que-no-es-culpable\/?share=email\" target=\"_blank\" title=\"Haz clic para enviar por correo electr\u00f3nico a un amigo\"><span>Correo electr\u00f3nico<\/span><\/a><\/li><li class=\"share-end\"><\/li><\/ul><\/div><\/div><\/div>","protected":false},"author":3,"featured_media":0,"comment_status":"open","ping_status":"open","sticky":false,"template":"","format":"standard","meta":{"_monsterinsights_skip_tracking":false,"_monsterinsights_sitenote_active":false,"_monsterinsights_sitenote_note":"","_monsterinsights_sitenote_category":0,"spay_email":"","jetpack_publicize_message":"","jetpack_is_tweetstorm":false,"jetpack_publicize_feature_enabled":true},"categories":[3],"tags":[2519,432,2522,2479,431,364,17,15,2520,2521,2523],"jetpack_featured_media_url":"","jetpack_publicize_connections":[],"jetpack_sharing_enabled":true,"jetpack_shortlink":"https:\/\/wp.me\/p27q3P-1SN","_links":{"self":[{"href":"http:\/\/www.michael-schumacher.es\/noticias-f1\/wp-json\/wp\/v2\/posts\/7241"}],"collection":[{"href":"http:\/\/www.michael-schumacher.es\/noticias-f1\/wp-json\/wp\/v2\/posts"}],"about":[{"href":"http:\/\/www.michael-schumacher.es\/noticias-f1\/wp-json\/wp\/v2\/types\/post"}],"author":[{"embeddable":true,"href":"http:\/\/www.michael-schumacher.es\/noticias-f1\/wp-json\/wp\/v2\/users\/3"}],"replies":[{"embeddable":true,"href":"http:\/\/www.michael-schumacher.es\/noticias-f1\/wp-json\/wp\/v2\/comments?post=7241"}],"version-history":[{"count":0,"href":"http:\/\/www.michael-schumacher.es\/noticias-f1\/wp-json\/wp\/v2\/posts\/7241\/revisions"}],"wp:attachment":[{"href":"http:\/\/www.michael-schumacher.es\/noticias-f1\/wp-json\/wp\/v2\/media?parent=7241"}],"wp:term":[{"taxonomy":"category","embeddable":true,"href":"http:\/\/www.michael-schumacher.es\/noticias-f1\/wp-json\/wp\/v2\/categories?post=7241"},{"taxonomy":"post_tag","embeddable":true,"href":"http:\/\/www.michael-schumacher.es\/noticias-f1\/wp-json\/wp\/v2\/tags?post=7241"}],"curies":[{"name":"wp","href":"https:\/\/api.w.org\/{rel}","templated":true}]}}