{"id":7342,"date":"2013-01-11T00:36:33","date_gmt":"2013-01-10T23:36:33","guid":{"rendered":"http:\/\/www.michael-schumacher.es\/noticias-f1\/?p=7342"},"modified":"2013-01-11T00:36:33","modified_gmt":"2013-01-10T23:36:33","slug":"familia-brabham-ha-ganado-su-batalla-legal","status":"publish","type":"post","link":"http:\/\/www.michael-schumacher.es\/noticias-f1\/2013\/01\/11\/familia-brabham-ha-ganado-su-batalla-legal\/","title":{"rendered":"Familia Brabham ha ganado su batalla legal"},"content":{"rendered":"<p><a href=\"http:\/\/www.michael-schumacher.es\/noticias-f1\/2013\/01\/01\/brabham-podria-volver-a-la-f1\/brabham\/\" rel=\"attachment wp-att-7190\"><img loading=\"lazy\" class=\"alignleft\" alt=\"Brabham\" src=\"http:\/\/www.michael-schumacher.es\/noticias-f1\/wp-content\/uploads\/2012\/12\/brabham.jpg\" width=\"200\" height=\"125\" \/><\/a>David Brabham, hijo del fundador del equipo y triple campe\u00f3n del mundo Jack, ha ganado la demanda contra Michael Trick, quien hab\u00eda registrado el nombre de Brabham en Alemania para su uso comercial en la Uni\u00f3n Europea.<\/p>\n<p><!--more--> <!--noteaser--><\/p>\n<p><a href=\"http:\/\/www.michael-schumacher.es\/noticias-f1\/2013\/01\/01\/brabham-podria-volver-a-la-f1\/brabham\/\" rel=\"attachment wp-att-7190\"><img loading=\"lazy\" class=\"aligncenter size-full wp-image-7190\" alt=\"Brabham\" src=\"http:\/\/www.michael-schumacher.es\/noticias-f1\/wp-content\/uploads\/2012\/12\/brabham.jpg\" width=\"650\" height=\"406\" srcset=\"http:\/\/www.michael-schumacher.es\/noticias-f1\/wp-content\/uploads\/2012\/12\/brabham.jpg 650w, http:\/\/www.michael-schumacher.es\/noticias-f1\/wp-content\/uploads\/2012\/12\/brabham-300x187.jpg 300w\" sizes=\"(max-width: 650px) 100vw, 650px\" \/><\/a><\/p>\n<p>David Brabham, hijo del fundador del equipo y triple campe\u00f3n del mundo Jack, ha ganado la demanda contra Michael Trick, quien hab\u00eda registrado el nombre de Brabham en Alemania para su uso comercial en la Uni\u00f3n Europea.<\/p>\n<p>&nbsp;<\/p>\n<p>David Brabham ha declarado la satisfacci\u00f3n de la familia tras el \u00e9xito judicial: <b>\u00abEstoy encantado de que esta historia ha terminado. Esta batalla fue larga y dif\u00edcil, pero creo que tenemos que proteger el nombre Brabham. Se trata de una marca global que es sin\u00f3nimo de \u00e9xito y la innovaci\u00f3n y tiene 60 a\u00f1os de patrimonio en el automovilismo. Esto nos ayudar\u00e1 no s\u00f3lo para desarrollar los planes de futuro de esta marca, sino tambi\u00e9n para proteger a la tercera generaci\u00f3n, de pilotos de nuestra familia, Sam y Mateo que est\u00e1n, ascendiendo en las categor\u00edas.\u00bb<\/b><\/p>\n<p>&nbsp;<\/p>\n<p>Jack Brabham tricampe\u00f3n mundial de \u00a0F1 y ganador ganado un t\u00edtulo al volante de un coche que lleva su propio nombre en 1966. Sus \u00a0dos primeros t\u00edtulos mundiales los gano en 1959 y 1960, al volante de un Cooper.<\/p>\n<p>&nbsp;<\/p>\n<div class=\"sharedaddy sd-sharing-enabled\"><div class=\"robots-nocontent sd-block sd-social sd-social-official sd-sharing\"><h3 class=\"sd-title\">Opciones Sociales:<\/h3><div class=\"sd-content\"><ul><li class=\"share-facebook\"><div class=\"fb-share-button\" data-href=\"http:\/\/www.michael-schumacher.es\/noticias-f1\/2013\/01\/11\/familia-brabham-ha-ganado-su-batalla-legal\/\" data-layout=\"button_count\"><\/div><\/li><li class=\"share-twitter\"><a href=\"https:\/\/twitter.com\/share\" class=\"twitter-share-button\" data-url=\"http:\/\/www.michael-schumacher.es\/noticias-f1\/2013\/01\/11\/familia-brabham-ha-ganado-su-batalla-legal\/\" data-text=\"Familia Brabham ha ganado su batalla legal\"  >Tweet<\/a><\/li><li class=\"share-email\"><a rel=\"nofollow noopener noreferrer\" data-shared=\"\" class=\"share-email sd-button\" href=\"http:\/\/www.michael-schumacher.es\/noticias-f1\/2013\/01\/11\/familia-brabham-ha-ganado-su-batalla-legal\/?share=email\" target=\"_blank\" title=\"Haz clic para enviar por correo electr\u00f3nico a un amigo\"><span>Correo electr\u00f3nico<\/span><\/a><\/li><li class=\"share-end\"><\/li><\/ul><\/div><\/div><\/div>","protected":false},"excerpt":{"rendered":"<p>David Brabham, hijo del fundador del equipo y triple campe\u00f3n del mundo Jack, ha ganado la demanda contra Michael Trick, quien hab\u00eda registrado el nombre de Brabham en Alemania para su uso comercial en la Uni\u00f3n Europea.<\/p>\n<div class=\"sharedaddy sd-sharing-enabled\"><div class=\"robots-nocontent sd-block sd-social sd-social-official sd-sharing\"><h3 class=\"sd-title\">Opciones Sociales:<\/h3><div class=\"sd-content\"><ul><li class=\"share-facebook\"><div class=\"fb-share-button\" data-href=\"http:\/\/www.michael-schumacher.es\/noticias-f1\/2013\/01\/11\/familia-brabham-ha-ganado-su-batalla-legal\/\" data-layout=\"button_count\"><\/div><\/li><li class=\"share-twitter\"><a href=\"https:\/\/twitter.com\/share\" class=\"twitter-share-button\" data-url=\"http:\/\/www.michael-schumacher.es\/noticias-f1\/2013\/01\/11\/familia-brabham-ha-ganado-su-batalla-legal\/\" data-text=\"Familia Brabham ha ganado su batalla legal\"  >Tweet<\/a><\/li><li class=\"share-email\"><a rel=\"nofollow noopener noreferrer\" data-shared=\"\" class=\"share-email sd-button\" href=\"http:\/\/www.michael-schumacher.es\/noticias-f1\/2013\/01\/11\/familia-brabham-ha-ganado-su-batalla-legal\/?share=email\" target=\"_blank\" title=\"Haz clic para enviar por correo electr\u00f3nico a un amigo\"><span>Correo electr\u00f3nico<\/span><\/a><\/li><li class=\"share-end\"><\/li><\/ul><\/div><\/div><\/div>","protected":false},"author":3,"featured_media":0,"comment_status":"open","ping_status":"open","sticky":false,"template":"","format":"standard","meta":{"_monsterinsights_skip_tracking":false,"_monsterinsights_sitenote_active":false,"_monsterinsights_sitenote_note":"","_monsterinsights_sitenote_category":0,"spay_email":"","jetpack_publicize_message":"","jetpack_is_tweetstorm":false,"jetpack_publicize_feature_enabled":true},"categories":[3],"tags":[2103,1060,2485,2567,17,2563,15,2568,2565,2150,2564,2566,2013],"jetpack_featured_media_url":"","jetpack_publicize_connections":[],"jetpack_sharing_enabled":true,"jetpack_shortlink":"https:\/\/wp.me\/p27q3P-1Uq","_links":{"self":[{"href":"http:\/\/www.michael-schumacher.es\/noticias-f1\/wp-json\/wp\/v2\/posts\/7342"}],"collection":[{"href":"http:\/\/www.michael-schumacher.es\/noticias-f1\/wp-json\/wp\/v2\/posts"}],"about":[{"href":"http:\/\/www.michael-schumacher.es\/noticias-f1\/wp-json\/wp\/v2\/types\/post"}],"author":[{"embeddable":true,"href":"http:\/\/www.michael-schumacher.es\/noticias-f1\/wp-json\/wp\/v2\/users\/3"}],"replies":[{"embeddable":true,"href":"http:\/\/www.michael-schumacher.es\/noticias-f1\/wp-json\/wp\/v2\/comments?post=7342"}],"version-history":[{"count":0,"href":"http:\/\/www.michael-schumacher.es\/noticias-f1\/wp-json\/wp\/v2\/posts\/7342\/revisions"}],"wp:attachment":[{"href":"http:\/\/www.michael-schumacher.es\/noticias-f1\/wp-json\/wp\/v2\/media?parent=7342"}],"wp:term":[{"taxonomy":"category","embeddable":true,"href":"http:\/\/www.michael-schumacher.es\/noticias-f1\/wp-json\/wp\/v2\/categories?post=7342"},{"taxonomy":"post_tag","embeddable":true,"href":"http:\/\/www.michael-schumacher.es\/noticias-f1\/wp-json\/wp\/v2\/tags?post=7342"}],"curies":[{"name":"wp","href":"https:\/\/api.w.org\/{rel}","templated":true}]}}