{"id":7354,"date":"2013-01-12T00:39:28","date_gmt":"2013-01-11T23:39:28","guid":{"rendered":"http:\/\/www.michael-schumacher.es\/noticias-f1\/?p=7354"},"modified":"2013-01-12T00:39:28","modified_gmt":"2013-01-11T23:39:28","slug":"bottas-necesitara-tiempo-para-alcanzar-su-potencial","status":"publish","type":"post","link":"http:\/\/www.michael-schumacher.es\/noticias-f1\/2013\/01\/12\/bottas-necesitara-tiempo-para-alcanzar-su-potencial\/","title":{"rendered":"Bottas necesitar\u00e1 tiempo para alcanzar su potencial"},"content":{"rendered":"<p><a href=\"http:\/\/www.michael-schumacher.es\/noticias-f1\/2012\/11\/29\/williams-confirma-a-bottas-como-companero-de-maldonado\/bottas\/\" rel=\"attachment wp-att-6535\"><img loading=\"lazy\" class=\"alignleft\" alt=\"bottas\" src=\"http:\/\/www.michael-schumacher.es\/noticias-f1\/wp-content\/uploads\/2012\/11\/bottas.jpg\" width=\"200\" height=\"116\" \/><\/a>El piloto finland\u00e9s Valtteri Bottas de 22 ha tenido la ocasi\u00f3n \u00a0de participar en las sesiones de entrenamientos libres del viernes del a\u00f1o pasado, por lo que Williams sabe que va a necesitar tiempo y le dar\u00e1 por lo menos media temporada, para alcanzar el ritmo.<\/p>\n<p><!--more--> <!--noteaser--><\/p>\n<p><a href=\"http:\/\/www.michael-schumacher.es\/noticias-f1\/2012\/11\/29\/williams-confirma-a-bottas-como-companero-de-maldonado\/bottas\/\" rel=\"attachment wp-att-6535\"><img loading=\"lazy\" class=\"aligncenter size-full wp-image-6535\" alt=\"bottas\" src=\"http:\/\/www.michael-schumacher.es\/noticias-f1\/wp-content\/uploads\/2012\/11\/bottas.jpg\" width=\"600\" height=\"350\" srcset=\"http:\/\/www.michael-schumacher.es\/noticias-f1\/wp-content\/uploads\/2012\/11\/bottas.jpg 600w, http:\/\/www.michael-schumacher.es\/noticias-f1\/wp-content\/uploads\/2012\/11\/bottas-300x175.jpg 300w\" sizes=\"(max-width: 600px) 100vw, 600px\" \/><\/a><\/p>\n<p>&nbsp;<\/p>\n<p>El piloto finland\u00e9s Valtteri Bottas de 22 ha tenido la ocasi\u00f3n \u00a0de participar en las sesiones de entrenamientos libres del viernes del a\u00f1o pasado, por lo que Williams sabe que va a necesitar tiempo y le dar\u00e1 por lo menos media temporada, para alcanzar el ritmo.<\/p>\n<p>&nbsp;<\/p>\n<p>Toto Wolff, el director ejecutivo y accionista de Williams, as\u00ed lo ha declarado: <b>\u00ab\u00c9l todav\u00eda necesita kilometraje y experiencia en las carreras. Valtteri es muy r\u00e1pido y muy inteligente, pero tenemos que darle el entorno y la protecci\u00f3n adecuados para que pueda dar rienda suelta a todo su potencial. No podemos decir que vamos a estar en la segunda l\u00ednea, en Melbourne, el primer Gran Premio, aunque el coche es intr\u00ednsecamente capaz. Creo que puede alcanzar todo el potencial del coche a mitad de temporada\u00bb.<\/b><\/p>\n<p>&nbsp;<\/p>\n<p>Valtteri Bottas ser\u00e1 compa\u00f1ero de Pastor Maldonado en la que ser\u00e1 su tercera temporada con el equipo y Williams espera una temporada con fuerte competencia y un buen trabajo de ambos pilotos.<\/p>\n<p>&nbsp;<\/p>\n<p>Bottas tambi\u00e9n espera muy animado la temporada como piloto titular, ya que era duro pilotar los viernes para dejar paso al titular para el resto del fin de semana: <b>\u00abBueno, mentalmente fue una temporada dura. Al final de los entrenamientos, cuando hab\u00eda encontrado el ritmo en el coche, ten\u00eda que dar un paso atr\u00e1s (para que se subiera Senna). Por eso creo que podr\u00eda haber seguido mejorando si hubiese podido pilotar un poco m\u00e1s. Cuando ve\u00eda las carreras, por supuesto que pensaba en lo que hubiese sido capaz de hacer. No fue nada f\u00e1cil, sobre todo los fines de semana en lo que no pude pilotar nada, eran peores muy largos\u00bb.<\/b><\/p>\n<p>&nbsp;<\/p>\n<div class=\"sharedaddy sd-sharing-enabled\"><div class=\"robots-nocontent sd-block sd-social sd-social-official sd-sharing\"><h3 class=\"sd-title\">Opciones Sociales:<\/h3><div class=\"sd-content\"><ul><li class=\"share-facebook\"><div class=\"fb-share-button\" data-href=\"http:\/\/www.michael-schumacher.es\/noticias-f1\/2013\/01\/12\/bottas-necesitara-tiempo-para-alcanzar-su-potencial\/\" data-layout=\"button_count\"><\/div><\/li><li class=\"share-twitter\"><a href=\"https:\/\/twitter.com\/share\" class=\"twitter-share-button\" data-url=\"http:\/\/www.michael-schumacher.es\/noticias-f1\/2013\/01\/12\/bottas-necesitara-tiempo-para-alcanzar-su-potencial\/\" data-text=\"Bottas necesitar\u00e1 tiempo para alcanzar su potencial\"  >Tweet<\/a><\/li><li class=\"share-email\"><a rel=\"nofollow noopener noreferrer\" data-shared=\"\" class=\"share-email sd-button\" href=\"http:\/\/www.michael-schumacher.es\/noticias-f1\/2013\/01\/12\/bottas-necesitara-tiempo-para-alcanzar-su-potencial\/?share=email\" target=\"_blank\" title=\"Haz clic para enviar por correo electr\u00f3nico a un amigo\"><span>Correo electr\u00f3nico<\/span><\/a><\/li><li class=\"share-end\"><\/li><\/ul><\/div><\/div><\/div>","protected":false},"excerpt":{"rendered":"<p>El piloto finland\u00e9s Valtteri Bottas de 22 ha tenido la ocasi\u00f3n \u00a0de participar en las sesiones de entrenamientos libres del viernes del a\u00f1o pasado, por lo que Williams sabe que va a necesitar tiempo y le dar\u00e1 por lo menos media temporada, para alcanzar el ritmo.<\/p>\n<div class=\"sharedaddy sd-sharing-enabled\"><div class=\"robots-nocontent sd-block sd-social sd-social-official sd-sharing\"><h3 class=\"sd-title\">Opciones Sociales:<\/h3><div class=\"sd-content\"><ul><li class=\"share-facebook\"><div class=\"fb-share-button\" data-href=\"http:\/\/www.michael-schumacher.es\/noticias-f1\/2013\/01\/12\/bottas-necesitara-tiempo-para-alcanzar-su-potencial\/\" data-layout=\"button_count\"><\/div><\/li><li class=\"share-twitter\"><a href=\"https:\/\/twitter.com\/share\" class=\"twitter-share-button\" data-url=\"http:\/\/www.michael-schumacher.es\/noticias-f1\/2013\/01\/12\/bottas-necesitara-tiempo-para-alcanzar-su-potencial\/\" data-text=\"Bottas necesitar\u00e1 tiempo para alcanzar su potencial\"  >Tweet<\/a><\/li><li class=\"share-email\"><a rel=\"nofollow noopener noreferrer\" data-shared=\"\" class=\"share-email sd-button\" href=\"http:\/\/www.michael-schumacher.es\/noticias-f1\/2013\/01\/12\/bottas-necesitara-tiempo-para-alcanzar-su-potencial\/?share=email\" target=\"_blank\" title=\"Haz clic para enviar por correo electr\u00f3nico a un amigo\"><span>Correo electr\u00f3nico<\/span><\/a><\/li><li class=\"share-end\"><\/li><\/ul><\/div><\/div><\/div>","protected":false},"author":3,"featured_media":0,"comment_status":"open","ping_status":"open","sticky":false,"template":"","format":"standard","meta":{"_monsterinsights_skip_tracking":false,"_monsterinsights_sitenote_active":false,"_monsterinsights_sitenote_note":"","_monsterinsights_sitenote_category":0,"spay_email":"","jetpack_publicize_message":"","jetpack_is_tweetstorm":false,"jetpack_publicize_feature_enabled":true},"categories":[3],"tags":[373,400,94,17,15,2577,96,354,687,95,238,300,828,93],"jetpack_featured_media_url":"","jetpack_publicize_connections":[],"jetpack_sharing_enabled":true,"jetpack_shortlink":"https:\/\/wp.me\/p27q3P-1UC","_links":{"self":[{"href":"http:\/\/www.michael-schumacher.es\/noticias-f1\/wp-json\/wp\/v2\/posts\/7354"}],"collection":[{"href":"http:\/\/www.michael-schumacher.es\/noticias-f1\/wp-json\/wp\/v2\/posts"}],"about":[{"href":"http:\/\/www.michael-schumacher.es\/noticias-f1\/wp-json\/wp\/v2\/types\/post"}],"author":[{"embeddable":true,"href":"http:\/\/www.michael-schumacher.es\/noticias-f1\/wp-json\/wp\/v2\/users\/3"}],"replies":[{"embeddable":true,"href":"http:\/\/www.michael-schumacher.es\/noticias-f1\/wp-json\/wp\/v2\/comments?post=7354"}],"version-history":[{"count":0,"href":"http:\/\/www.michael-schumacher.es\/noticias-f1\/wp-json\/wp\/v2\/posts\/7354\/revisions"}],"wp:attachment":[{"href":"http:\/\/www.michael-schumacher.es\/noticias-f1\/wp-json\/wp\/v2\/media?parent=7354"}],"wp:term":[{"taxonomy":"category","embeddable":true,"href":"http:\/\/www.michael-schumacher.es\/noticias-f1\/wp-json\/wp\/v2\/categories?post=7354"},{"taxonomy":"post_tag","embeddable":true,"href":"http:\/\/www.michael-schumacher.es\/noticias-f1\/wp-json\/wp\/v2\/tags?post=7354"}],"curies":[{"name":"wp","href":"https:\/\/api.w.org\/{rel}","templated":true}]}}