{"id":7388,"date":"2013-01-15T00:01:34","date_gmt":"2013-01-14T23:01:34","guid":{"rendered":"http:\/\/www.michael-schumacher.es\/noticias-f1\/?p=7388"},"modified":"2013-01-15T00:02:30","modified_gmt":"2013-01-14T23:02:30","slug":"ecclestone-deseando-que-llegue-el-juicio","status":"publish","type":"post","link":"http:\/\/www.michael-schumacher.es\/noticias-f1\/2013\/01\/15\/ecclestone-deseando-que-llegue-el-juicio\/","title":{"rendered":"Ecclestone, deseando que llegue el juicio"},"content":{"rendered":"<p><img loading=\"lazy\" class=\"alignleft\" title=\"Ecclestone\" alt=\"Ecclestone\" src=\"http:\/\/img.michael-schumacher.es\/noticias-f1\/ecclestone-1-mini.jpg\" width=\"200\" height=\"100\" \/>Adem\u00e1s del caso de presunta corrupci\u00f3n en la venta de F1 a CVC que implica el banquero Gerhard Gribkowsky, Ecclestone, tendr\u00e1 que defenderse a trav\u00e9s de otro proceso, siempre en torno a la venta, que tuvo lugar hace 5 a\u00f1os de Constantin Medien ex accionista de la F\u00f3rmula 1.<\/p>\n<p><!--more--> <!--noteaser--><\/p>\n<p style=\"text-align: center\">\u00a0<img loading=\"lazy\" class=\"aligncenter\" title=\"Ecclestone\" alt=\"Ecclestone\" src=\"http:\/\/img.michael-schumacher.es\/noticias-f1\/ecclestone-1.jpg\" width=\"605\" height=\"300\" \/><\/p>\n<p>Adem\u00e1s del caso de presunta corrupci\u00f3n en la venta de F1 a CVC que implica el banquero Gerhard Gribkowsky, Ecclestone, tendr\u00e1 que defenderse a trav\u00e9s de otro proceso, siempre en torno a la venta, que tuvo lugar hace 5 a\u00f1os de Constantin Medien ex accionista de la F\u00f3rmula 1.<\/p>\n<p>&nbsp;<\/p>\n<p>Constantin Medien que acusa a Ecclestone. La compa\u00f1\u00eda afirma que ha hecho una oferta de compra de CVC de F1 en ese momento. Esta, manipulaci\u00f3n, como dice, habr\u00eda costado m\u00e1s de 70 millones de euros.<\/p>\n<p>&nbsp;<\/p>\n<p>Ecclestone est\u00e1 dispuesto a defenderse y no muestra preocupaci\u00f3n. Esto dice que podr\u00eda incluso ser divertido, seg\u00fan inform\u00f3 al periodista Christian Sylt: <b>\u00abEsperemos que ir a juicio. Estoy listo para ir. Esto va a ser divertido, sin duda\u00bb.<\/b><\/p>\n<p>&nbsp;<\/p>\n<p>Ecclestone ha recibido la propuesta de un acuerdo para resolver esto de forma amistosa, pero prefiere ir a juicio, ya que est\u00e1 convencido, de que el juez solo puede fallar a su favor: <b>\u00abTodo esto es para conseguir dinero. Es tan simple como eso. Dieter Hahn (accionista de Constantino) tuvo un intermediario que es un amigo nuestro, y nos sugiri\u00f3 que nos encontramos un arreglo el poder no ir a la corte. Pero no quiero arreglo. Es el juez quien decidir\u00e1. No veo c\u00f3mo podr\u00eda ser de otra manera que en mi favor.\u00bb<\/b><\/p>\n<div class=\"sharedaddy sd-sharing-enabled\"><div class=\"robots-nocontent sd-block sd-social sd-social-official sd-sharing\"><h3 class=\"sd-title\">Opciones Sociales:<\/h3><div class=\"sd-content\"><ul><li class=\"share-facebook\"><div class=\"fb-share-button\" data-href=\"http:\/\/www.michael-schumacher.es\/noticias-f1\/2013\/01\/15\/ecclestone-deseando-que-llegue-el-juicio\/\" data-layout=\"button_count\"><\/div><\/li><li class=\"share-twitter\"><a href=\"https:\/\/twitter.com\/share\" class=\"twitter-share-button\" data-url=\"http:\/\/www.michael-schumacher.es\/noticias-f1\/2013\/01\/15\/ecclestone-deseando-que-llegue-el-juicio\/\" data-text=\"Ecclestone, deseando que llegue el juicio\"  >Tweet<\/a><\/li><li class=\"share-email\"><a rel=\"nofollow noopener noreferrer\" data-shared=\"\" class=\"share-email sd-button\" href=\"http:\/\/www.michael-schumacher.es\/noticias-f1\/2013\/01\/15\/ecclestone-deseando-que-llegue-el-juicio\/?share=email\" target=\"_blank\" title=\"Haz clic para enviar por correo electr\u00f3nico a un amigo\"><span>Correo electr\u00f3nico<\/span><\/a><\/li><li class=\"share-end\"><\/li><\/ul><\/div><\/div><\/div>","protected":false},"excerpt":{"rendered":"<p>Adem\u00e1s del caso de presunta corrupci\u00f3n en la venta de F1 a CVC que implica el banquero Gerhard Gribkowsky, Ecclestone, tendr\u00e1 que defenderse a trav\u00e9s de otro proceso, siempre en torno a la venta, que tuvo lugar hace 5 a\u00f1os de Constantin Medien ex accionista de la F\u00f3rmula 1.<\/p>\n<div class=\"sharedaddy sd-sharing-enabled\"><div class=\"robots-nocontent sd-block sd-social sd-social-official sd-sharing\"><h3 class=\"sd-title\">Opciones Sociales:<\/h3><div class=\"sd-content\"><ul><li class=\"share-facebook\"><div class=\"fb-share-button\" data-href=\"http:\/\/www.michael-schumacher.es\/noticias-f1\/2013\/01\/15\/ecclestone-deseando-que-llegue-el-juicio\/\" data-layout=\"button_count\"><\/div><\/li><li class=\"share-twitter\"><a href=\"https:\/\/twitter.com\/share\" class=\"twitter-share-button\" data-url=\"http:\/\/www.michael-schumacher.es\/noticias-f1\/2013\/01\/15\/ecclestone-deseando-que-llegue-el-juicio\/\" data-text=\"Ecclestone, deseando que llegue el juicio\"  >Tweet<\/a><\/li><li class=\"share-email\"><a rel=\"nofollow noopener noreferrer\" data-shared=\"\" class=\"share-email sd-button\" href=\"http:\/\/www.michael-schumacher.es\/noticias-f1\/2013\/01\/15\/ecclestone-deseando-que-llegue-el-juicio\/?share=email\" target=\"_blank\" title=\"Haz clic para enviar por correo electr\u00f3nico a un amigo\"><span>Correo electr\u00f3nico<\/span><\/a><\/li><li class=\"share-end\"><\/li><\/ul><\/div><\/div><\/div>","protected":false},"author":3,"featured_media":0,"comment_status":"open","ping_status":"open","sticky":false,"template":"","format":"standard","meta":{"_monsterinsights_skip_tracking":false,"_monsterinsights_sitenote_active":false,"_monsterinsights_sitenote_note":"","_monsterinsights_sitenote_category":0,"spay_email":"","jetpack_publicize_message":"","jetpack_is_tweetstorm":false,"jetpack_publicize_feature_enabled":true},"categories":[3],"tags":[432,209,2606,2479,2605,2243,2603,431,17,15,2604,627,1802],"jetpack_featured_media_url":"","jetpack_publicize_connections":[],"jetpack_sharing_enabled":true,"jetpack_shortlink":"https:\/\/wp.me\/p27q3P-1Va","_links":{"self":[{"href":"http:\/\/www.michael-schumacher.es\/noticias-f1\/wp-json\/wp\/v2\/posts\/7388"}],"collection":[{"href":"http:\/\/www.michael-schumacher.es\/noticias-f1\/wp-json\/wp\/v2\/posts"}],"about":[{"href":"http:\/\/www.michael-schumacher.es\/noticias-f1\/wp-json\/wp\/v2\/types\/post"}],"author":[{"embeddable":true,"href":"http:\/\/www.michael-schumacher.es\/noticias-f1\/wp-json\/wp\/v2\/users\/3"}],"replies":[{"embeddable":true,"href":"http:\/\/www.michael-schumacher.es\/noticias-f1\/wp-json\/wp\/v2\/comments?post=7388"}],"version-history":[{"count":0,"href":"http:\/\/www.michael-schumacher.es\/noticias-f1\/wp-json\/wp\/v2\/posts\/7388\/revisions"}],"wp:attachment":[{"href":"http:\/\/www.michael-schumacher.es\/noticias-f1\/wp-json\/wp\/v2\/media?parent=7388"}],"wp:term":[{"taxonomy":"category","embeddable":true,"href":"http:\/\/www.michael-schumacher.es\/noticias-f1\/wp-json\/wp\/v2\/categories?post=7388"},{"taxonomy":"post_tag","embeddable":true,"href":"http:\/\/www.michael-schumacher.es\/noticias-f1\/wp-json\/wp\/v2\/tags?post=7388"}],"curies":[{"name":"wp","href":"https:\/\/api.w.org\/{rel}","templated":true}]}}