{"id":7446,"date":"2013-01-18T00:04:31","date_gmt":"2013-01-17T23:04:31","guid":{"rendered":"http:\/\/www.michael-schumacher.es\/noticias-f1\/?p=7446"},"modified":"2013-01-18T00:06:08","modified_gmt":"2013-01-17T23:06:08","slug":"alonso-responde-de-nuevo-a-helmut-marko","status":"publish","type":"post","link":"http:\/\/www.michael-schumacher.es\/noticias-f1\/2013\/01\/18\/alonso-responde-de-nuevo-a-helmut-marko\/","title":{"rendered":"Alonso responde de nuevo a Helmut Marko"},"content":{"rendered":"<p><a href=\"http:\/\/www.michael-schumacher.es\/noticias-f1\/2012\/08\/31\/previo-gp-de-belgica-spa-francorchamps-2012-ferrari\/david_sarro-alonso-3-mini\/\" rel=\"attachment wp-att-3439\"><img loading=\"lazy\" class=\"alignleft size-full wp-image-3439\" alt=\"Fernando Alonso 3 - Miniatura \" src=\"http:\/\/www.michael-schumacher.es\/noticias-f1\/wp-content\/uploads\/2012\/08\/david_sarro.alonso-3-mini.jpg\" width=\"200\" height=\"133\" \/><\/a>Helmut Marko dijo que Fernando Alonso se perd\u00eda en declaraciones pol\u00edticas, mientras sebastian Vettel estaba concentrado y aunque Alonso ya le respondi\u00f3 en su cuenta de Twitter, ahora en la concentraci\u00f3n de Ferrari ha vuelto a hacerlo: \u201c<b>Yo me dedico a pilotar coches. No soy pol\u00edtico. Tambi\u00e9n me sorprendieron esas declaraciones un tanto inconexas\u00bb.<\/b><\/p>\n<p><!--more--> <!--noteaser--><\/p>\n<p><a href=\"http:\/\/www.michael-schumacher.es\/noticias-f1\/2012\/08\/31\/previo-gp-de-belgica-spa-francorchamps-2012-ferrari\/david_sarro-alonso-3\/\" rel=\"attachment wp-att-3438\"><img loading=\"lazy\" class=\"aligncenter size-full wp-image-3438\" alt=\"Fernando Alonso 3 \" src=\"http:\/\/www.michael-schumacher.es\/noticias-f1\/wp-content\/uploads\/2012\/08\/david_sarro.alonso-3.jpg\" width=\"600\" height=\"399\" srcset=\"http:\/\/www.michael-schumacher.es\/noticias-f1\/wp-content\/uploads\/2012\/08\/david_sarro.alonso-3.jpg 600w, http:\/\/www.michael-schumacher.es\/noticias-f1\/wp-content\/uploads\/2012\/08\/david_sarro.alonso-3-300x199.jpg 300w\" sizes=\"(max-width: 600px) 100vw, 600px\" \/><\/a><\/p>\n<p>Helmut Marko dijo que Fernando Alonso se perd\u00eda en declaraciones pol\u00edticas, mientras sebastian Vettel estaba concentrado y aunque Alonso ya le respondi\u00f3 en su cuenta de Twitter, ahora en la concentraci\u00f3n de Ferrari ha vuelto a hacerlo: \u201c<b>Yo me dedico a pilotar coches. No soy pol\u00edtico. Tambi\u00e9n me sorprendieron esas declaraciones un tanto inconexas\u00bb.<\/b><\/p>\n<p>&nbsp;<\/p>\n<p>Alonso sigui\u00f3 atacando a Helmut Marko, haciendo referencia a las afirmaciones de que Vettel no lee los diarios ni internet:<b> \u00abEllos dicen que no hacen caso a lo que se dicen, no hablan y no es verdad\u2026 Dicen que no se ven afectados porque dijimos. Pero reaccionan si dicen que soy pol\u00edtico. Quiz\u00e1 se despert\u00f3 a medianoche para leer los comentarios. Tienen que calmarse. Los comentarios de Marko son un poco confusos, sin ning\u00fan control real. Entonces, no creo que tengamos que tomarlos en demasiada atenci\u00f3n\u201d.<\/b><\/p>\n<p>&nbsp;<\/p>\n<p>Parece que la temporada 2013 empezara tal como acabo la del 2012, va seguir la guerra dial\u00e9ctica abierta entre Helmut Marko y Fernando Alonso, si bien es cierto que Sebastian Vettel, nunca ha entrado en estas pol\u00e9micas en las que indirectamente es un protagonista.<\/p>\n<p>&nbsp;<\/p>\n<p><strong>Imagen:<\/strong> David Sarr\u00f3<\/p>\n<div class=\"sharedaddy sd-sharing-enabled\"><div class=\"robots-nocontent sd-block sd-social sd-social-official sd-sharing\"><h3 class=\"sd-title\">Opciones Sociales:<\/h3><div class=\"sd-content\"><ul><li class=\"share-facebook\"><div class=\"fb-share-button\" data-href=\"http:\/\/www.michael-schumacher.es\/noticias-f1\/2013\/01\/18\/alonso-responde-de-nuevo-a-helmut-marko\/\" data-layout=\"button_count\"><\/div><\/li><li class=\"share-twitter\"><a href=\"https:\/\/twitter.com\/share\" class=\"twitter-share-button\" data-url=\"http:\/\/www.michael-schumacher.es\/noticias-f1\/2013\/01\/18\/alonso-responde-de-nuevo-a-helmut-marko\/\" data-text=\"Alonso responde de nuevo a Helmut Marko\"  >Tweet<\/a><\/li><li class=\"share-email\"><a rel=\"nofollow noopener noreferrer\" data-shared=\"\" class=\"share-email sd-button\" href=\"http:\/\/www.michael-schumacher.es\/noticias-f1\/2013\/01\/18\/alonso-responde-de-nuevo-a-helmut-marko\/?share=email\" target=\"_blank\" title=\"Haz clic para enviar por correo electr\u00f3nico a un amigo\"><span>Correo electr\u00f3nico<\/span><\/a><\/li><li class=\"share-end\"><\/li><\/ul><\/div><\/div><\/div>","protected":false},"excerpt":{"rendered":"<p>Helmut Marko dijo que Fernando Alonso se perd\u00eda en declaraciones pol\u00edticas, mientras sebastian Vettel estaba concentrado y aunque Alonso ya le respondi\u00f3 en su cuenta de Twitter, ahora en la concentraci\u00f3n de Ferrari ha vuelto a hacerlo: \u201cYo me dedico a pilotar coches. No soy pol\u00edtico. Tambi\u00e9n me sorprendieron esas declaraciones un tanto inconexas\u00bb.<\/p>\n<div class=\"sharedaddy sd-sharing-enabled\"><div class=\"robots-nocontent sd-block sd-social sd-social-official sd-sharing\"><h3 class=\"sd-title\">Opciones Sociales:<\/h3><div class=\"sd-content\"><ul><li class=\"share-facebook\"><div class=\"fb-share-button\" data-href=\"http:\/\/www.michael-schumacher.es\/noticias-f1\/2013\/01\/18\/alonso-responde-de-nuevo-a-helmut-marko\/\" data-layout=\"button_count\"><\/div><\/li><li class=\"share-twitter\"><a href=\"https:\/\/twitter.com\/share\" class=\"twitter-share-button\" data-url=\"http:\/\/www.michael-schumacher.es\/noticias-f1\/2013\/01\/18\/alonso-responde-de-nuevo-a-helmut-marko\/\" data-text=\"Alonso responde de nuevo a Helmut Marko\"  >Tweet<\/a><\/li><li class=\"share-email\"><a rel=\"nofollow noopener noreferrer\" data-shared=\"\" class=\"share-email sd-button\" href=\"http:\/\/www.michael-schumacher.es\/noticias-f1\/2013\/01\/18\/alonso-responde-de-nuevo-a-helmut-marko\/?share=email\" target=\"_blank\" title=\"Haz clic para enviar por correo electr\u00f3nico a un amigo\"><span>Correo electr\u00f3nico<\/span><\/a><\/li><li class=\"share-end\"><\/li><\/ul><\/div><\/div><\/div>","protected":false},"author":3,"featured_media":0,"comment_status":"open","ping_status":"open","sticky":false,"template":"","format":"standard","meta":{"_monsterinsights_skip_tracking":false,"_monsterinsights_sitenote_active":false,"_monsterinsights_sitenote_note":"","_monsterinsights_sitenote_category":0,"spay_email":"","jetpack_publicize_message":"","jetpack_is_tweetstorm":false,"jetpack_publicize_feature_enabled":true},"categories":[3],"tags":[105,2081,17,104,15,670,1153,2547,1154,2218,2646],"jetpack_featured_media_url":"","jetpack_publicize_connections":[],"jetpack_sharing_enabled":true,"jetpack_shortlink":"https:\/\/wp.me\/p27q3P-1W6","_links":{"self":[{"href":"http:\/\/www.michael-schumacher.es\/noticias-f1\/wp-json\/wp\/v2\/posts\/7446"}],"collection":[{"href":"http:\/\/www.michael-schumacher.es\/noticias-f1\/wp-json\/wp\/v2\/posts"}],"about":[{"href":"http:\/\/www.michael-schumacher.es\/noticias-f1\/wp-json\/wp\/v2\/types\/post"}],"author":[{"embeddable":true,"href":"http:\/\/www.michael-schumacher.es\/noticias-f1\/wp-json\/wp\/v2\/users\/3"}],"replies":[{"embeddable":true,"href":"http:\/\/www.michael-schumacher.es\/noticias-f1\/wp-json\/wp\/v2\/comments?post=7446"}],"version-history":[{"count":0,"href":"http:\/\/www.michael-schumacher.es\/noticias-f1\/wp-json\/wp\/v2\/posts\/7446\/revisions"}],"wp:attachment":[{"href":"http:\/\/www.michael-schumacher.es\/noticias-f1\/wp-json\/wp\/v2\/media?parent=7446"}],"wp:term":[{"taxonomy":"category","embeddable":true,"href":"http:\/\/www.michael-schumacher.es\/noticias-f1\/wp-json\/wp\/v2\/categories?post=7446"},{"taxonomy":"post_tag","embeddable":true,"href":"http:\/\/www.michael-schumacher.es\/noticias-f1\/wp-json\/wp\/v2\/tags?post=7446"}],"curies":[{"name":"wp","href":"https:\/\/api.w.org\/{rel}","templated":true}]}}