{"id":7483,"date":"2013-01-20T00:01:52","date_gmt":"2013-01-19T23:01:52","guid":{"rendered":"http:\/\/www.michael-schumacher.es\/noticias-f1\/?p=7483"},"modified":"2013-01-20T00:04:10","modified_gmt":"2013-01-19T23:04:10","slug":"force-india-niega-las-informaciones-de-problemas-financieros","status":"publish","type":"post","link":"http:\/\/www.michael-schumacher.es\/noticias-f1\/2013\/01\/20\/force-india-niega-las-informaciones-de-problemas-financieros\/","title":{"rendered":"Force India niega las informaciones de problemas financieros"},"content":{"rendered":"<p><a href=\"http:\/\/www.michael-schumacher.es\/noticias-f1\/2012\/11\/22\/force-india-hara-una-fuerte-inversion-en-nuevas-tecnologias\/sahara-force-india-vijay-mallya\/\" rel=\"attachment wp-att-6250\"><img loading=\"lazy\" class=\"alignleft\" alt=\"Vijay Mallya  sahara  force india \" src=\"http:\/\/www.michael-schumacher.es\/noticias-f1\/wp-content\/uploads\/2012\/11\/sahara-force-india-vijay-mallya.jpg\" width=\"200\" height=\"147\" \/><\/a>Force India ha respondido negando que los problemas financieros del co-propietario Vijay Mallya pudieran hundir su equipo de F\u00f3rmula Uno . Citando seg\u00fan informo la prensa Italiana, tambi\u00e9n se informaba que incluso Bernie Ecclestone hab\u00eda activado un plan para salvar al equipo.<\/p>\n<p><!--more--> <!--noteaser--><\/p>\n<p><a href=\"http:\/\/www.michael-schumacher.es\/noticias-f1\/2012\/11\/22\/force-india-hara-una-fuerte-inversion-en-nuevas-tecnologias\/sahara-force-india-vijay-mallya\/\" rel=\"attachment wp-att-6250\"><img loading=\"lazy\" class=\"aligncenter size-full wp-image-6250\" alt=\"Vijay Mallya  sahara  force india \" src=\"http:\/\/www.michael-schumacher.es\/noticias-f1\/wp-content\/uploads\/2012\/11\/sahara-force-india-vijay-mallya.jpg\" width=\"650\" height=\"480\" srcset=\"http:\/\/www.michael-schumacher.es\/noticias-f1\/wp-content\/uploads\/2012\/11\/sahara-force-india-vijay-mallya.jpg 650w, http:\/\/www.michael-schumacher.es\/noticias-f1\/wp-content\/uploads\/2012\/11\/sahara-force-india-vijay-mallya-300x221.jpg 300w\" sizes=\"(max-width: 650px) 100vw, 650px\" \/><\/a><\/p>\n<p>Force India ha respondido negando que los problemas financieros del co-propietario Vijay Mallya pudieran hundir su equipo de F\u00f3rmula Uno . Citando seg\u00fan informo la prensa Italiana, tambi\u00e9n se informaba que incluso Bernie Ecclestone hab\u00eda activado un plan para salvar al equipo.<\/p>\n<p>&nbsp;<\/p>\n<p>Force India niega estas afirmaciones y tajantemente considera que solo se trata de informaciones irresponsables: <b>\u00abForman parte de una tendencia creciente del irresponsable periodismo online\u00bb.<\/b><\/p>\n<p>&nbsp;<\/p>\n<p>Bob Fernley, director adjunto del equipo, declaro en Autosport: <b>\u00abNo hay base para los rumores. Vijay, nuestro grupo de accionistas y el Sahara son incre\u00edblemente fuertes. No necesitamos socios. En estos momentos, estamos organizando e implementando un programa de expansi\u00f3n que Vijay coment\u00f3 al final del a\u00f1o pasado. Todo va hacia adelante. Durante los \u00faltimos cuatro a\u00f1os, llegando ahora a nuestro quinto a\u00f1o, el equipo ha sido financiado sin depender de las compa\u00f1\u00edas de los accionistas, que son de nuestra propiedad. No hay absolutamente ninguna sustancia en esto y eso es lo que es muy preocupante\u00bb.<\/b><\/p>\n<p>&nbsp;<\/p>\n<p>Bob Fernley declaro contundentemente que el equipo Force India no est\u00e1 a la venta: <b>\u00abNo hemos tenido conversaciones con ning\u00fan comprador\u00bb.<\/b><\/p>\n<p>&nbsp;<\/p>\n<p>La publicaci\u00f3n Italiaracing, que se hizo eco de la noticia y su editor Massimo Costa ha contestado a Force India: <b>\u201cRecibimos y publicamos las informaciones del Force India, y estamos contentos de conocer la posici\u00f3n del equipo. Pero rechazamos firmemente las acusaciones de \u00abperiodismo irresponsable\u00bb que no est\u00e1n bien adaptados a la tradici\u00f3n de fiabilidad y precisi\u00f3n de nuestro sitio web. Reafirmamos tambi\u00e9n la confianza en fuentes autorizadas dentro del automovilismo en la que basamos nuestra reconstrucci\u00f3n, y por supuesto, formular nuestros mejores deseos al equipo Sahara Force India para una evoluci\u00f3n positiva de la historia y el 2013 sea una gran satisfacci\u00f3n en la pista.\u201d<\/b><\/p>\n<div class=\"sharedaddy sd-sharing-enabled\"><div class=\"robots-nocontent sd-block sd-social sd-social-official sd-sharing\"><h3 class=\"sd-title\">Opciones Sociales:<\/h3><div class=\"sd-content\"><ul><li class=\"share-facebook\"><div class=\"fb-share-button\" data-href=\"http:\/\/www.michael-schumacher.es\/noticias-f1\/2013\/01\/20\/force-india-niega-las-informaciones-de-problemas-financieros\/\" data-layout=\"button_count\"><\/div><\/li><li class=\"share-twitter\"><a href=\"https:\/\/twitter.com\/share\" class=\"twitter-share-button\" data-url=\"http:\/\/www.michael-schumacher.es\/noticias-f1\/2013\/01\/20\/force-india-niega-las-informaciones-de-problemas-financieros\/\" data-text=\"Force India niega las informaciones de problemas financieros\"  >Tweet<\/a><\/li><li class=\"share-email\"><a rel=\"nofollow noopener noreferrer\" data-shared=\"\" class=\"share-email sd-button\" href=\"http:\/\/www.michael-schumacher.es\/noticias-f1\/2013\/01\/20\/force-india-niega-las-informaciones-de-problemas-financieros\/?share=email\" target=\"_blank\" title=\"Haz clic para enviar por correo electr\u00f3nico a un amigo\"><span>Correo electr\u00f3nico<\/span><\/a><\/li><li class=\"share-end\"><\/li><\/ul><\/div><\/div><\/div>","protected":false},"excerpt":{"rendered":"<p>Force India ha respondido negando que los problemas financieros del co-propietario Vijay Mallya pudieran hundir su equipo de F\u00f3rmula Uno . Citando seg\u00fan informo la prensa Italiana, tambi\u00e9n se informaba que incluso Bernie Ecclestone hab\u00eda activado un plan para salvar al equipo.<\/p>\n<div class=\"sharedaddy sd-sharing-enabled\"><div class=\"robots-nocontent sd-block sd-social sd-social-official sd-sharing\"><h3 class=\"sd-title\">Opciones Sociales:<\/h3><div class=\"sd-content\"><ul><li class=\"share-facebook\"><div class=\"fb-share-button\" data-href=\"http:\/\/www.michael-schumacher.es\/noticias-f1\/2013\/01\/20\/force-india-niega-las-informaciones-de-problemas-financieros\/\" data-layout=\"button_count\"><\/div><\/li><li class=\"share-twitter\"><a href=\"https:\/\/twitter.com\/share\" class=\"twitter-share-button\" data-url=\"http:\/\/www.michael-schumacher.es\/noticias-f1\/2013\/01\/20\/force-india-niega-las-informaciones-de-problemas-financieros\/\" data-text=\"Force India niega las informaciones de problemas financieros\"  >Tweet<\/a><\/li><li class=\"share-email\"><a rel=\"nofollow noopener noreferrer\" data-shared=\"\" class=\"share-email sd-button\" href=\"http:\/\/www.michael-schumacher.es\/noticias-f1\/2013\/01\/20\/force-india-niega-las-informaciones-de-problemas-financieros\/?share=email\" target=\"_blank\" title=\"Haz clic para enviar por correo electr\u00f3nico a un amigo\"><span>Correo electr\u00f3nico<\/span><\/a><\/li><li class=\"share-end\"><\/li><\/ul><\/div><\/div><\/div>","protected":false},"author":3,"featured_media":0,"comment_status":"open","ping_status":"open","sticky":false,"template":"","format":"standard","meta":{"_monsterinsights_skip_tracking":false,"_monsterinsights_sitenote_active":false,"_monsterinsights_sitenote_note":"","_monsterinsights_sitenote_category":0,"spay_email":"","jetpack_publicize_message":"","jetpack_is_tweetstorm":false,"jetpack_publicize_feature_enabled":true},"categories":[3],"tags":[373,432,431,381,17,126,15,557,2475,2657,2659,680,2656,402,238,2658],"jetpack_featured_media_url":"","jetpack_publicize_connections":[],"jetpack_sharing_enabled":true,"jetpack_shortlink":"https:\/\/wp.me\/p27q3P-1WH","_links":{"self":[{"href":"http:\/\/www.michael-schumacher.es\/noticias-f1\/wp-json\/wp\/v2\/posts\/7483"}],"collection":[{"href":"http:\/\/www.michael-schumacher.es\/noticias-f1\/wp-json\/wp\/v2\/posts"}],"about":[{"href":"http:\/\/www.michael-schumacher.es\/noticias-f1\/wp-json\/wp\/v2\/types\/post"}],"author":[{"embeddable":true,"href":"http:\/\/www.michael-schumacher.es\/noticias-f1\/wp-json\/wp\/v2\/users\/3"}],"replies":[{"embeddable":true,"href":"http:\/\/www.michael-schumacher.es\/noticias-f1\/wp-json\/wp\/v2\/comments?post=7483"}],"version-history":[{"count":0,"href":"http:\/\/www.michael-schumacher.es\/noticias-f1\/wp-json\/wp\/v2\/posts\/7483\/revisions"}],"wp:attachment":[{"href":"http:\/\/www.michael-schumacher.es\/noticias-f1\/wp-json\/wp\/v2\/media?parent=7483"}],"wp:term":[{"taxonomy":"category","embeddable":true,"href":"http:\/\/www.michael-schumacher.es\/noticias-f1\/wp-json\/wp\/v2\/categories?post=7483"},{"taxonomy":"post_tag","embeddable":true,"href":"http:\/\/www.michael-schumacher.es\/noticias-f1\/wp-json\/wp\/v2\/tags?post=7483"}],"curies":[{"name":"wp","href":"https:\/\/api.w.org\/{rel}","templated":true}]}}